{"id":40175,"date":"2025-01-16T02:11:04","date_gmt":"2025-01-16T02:11:04","guid":{"rendered":"https:\/\/radiojehona.com\/?p=40175"},"modified":"2025-01-16T02:11:04","modified_gmt":"2025-01-16T02:11:04","slug":"pushimi-dimeror-nuk-shtyhet-nxenesit-kthehen-ne-shkolle-me-20-janar","status":"publish","type":"post","link":"https:\/\/radiojehona.mk\/?p=40175","title":{"rendered":"Pushimi dim\u00ebror nuk shtyhet, nx\u00ebn\u00ebsit kthehen n\u00eb shkoll\u00eb m\u00eb 20 janar"},"content":{"rendered":"\n<figure class=\"wp-block-image size-large\"><img fetchpriority=\"high\" decoding=\"async\" width=\"1024\" height=\"697\" src=\"https:\/\/radiojehona.com\/wp-content\/uploads\/2025\/01\/IMG_0427-1024x697.jpeg\" alt=\"\" class=\"wp-image-40176\" srcset=\"https:\/\/radiojehona.mk\/wp-content\/uploads\/2025\/01\/IMG_0427-1024x697.jpeg 1024w, https:\/\/radiojehona.mk\/wp-content\/uploads\/2025\/01\/IMG_0427-300x204.jpeg 300w, https:\/\/radiojehona.mk\/wp-content\/uploads\/2025\/01\/IMG_0427-768x523.jpeg 768w, https:\/\/radiojehona.mk\/wp-content\/uploads\/2025\/01\/IMG_0427.jpeg 1125w\" sizes=\"(max-width: 1024px) 100vw, 1024px\" \/><\/figure>\n\n\n\n<p>Vazhdim t\u00eb pushimit dim\u00ebror nuk do t\u00eb ket\u00eb. Nx\u00ebn\u00ebsit duhet t\u00eb kthehen n\u00eb shkoll\u00eb t\u00eb h\u00ebn\u00ebn, m\u00eb 20 janar. K\u00ebshtu u p\u00ebrgjigj\u00ebn p\u00ebr TV Shenja nga Ministria e Arsimit dhe Shkenc\u00ebs, n\u00eb pyetjen n\u00ebse ulja e temperaturave dhe perhapja e viruseve mund t\u00eb shkaktojn\u00eb shtyerje t\u00eb pushimit dim\u00ebror.<\/p>\n\n\n\n<p>\u201cNuk do t\u00eb ket\u00eb vazhdim t\u00eb pushimit dim\u00ebror, gjys\u00ebmvjetori i dyt\u00eb fillon m\u00eb 20 janar\u201d, thon\u00eb nga Ministria e Arsimit dhe Shkenc\u00ebs.<\/p>\n\n\n\n<p>Pas diteve t\u00eb bukura me bor\u00eb q\u00eb lam pas, tani nisi ulja edhe m\u00eb e madhe e temperaturave. Ashtu si\u00e7 paralajm\u00ebruan nga Drejtoria p\u00ebr Pun\u00eb Hidrometeorologjike mesi i jav\u00ebs do t\u00eb ishte me mot shum\u00eb t\u00eb ftoht\u00eb. K\u00ebshtu, m\u00ebngjesin e sot\u00ebm n\u00eb Kodr\u00ebn e Diellit u regjistrua temperatura m\u00eb e ul -10 grad\u00eb dhe se aty ka m\u00eb shum\u00eb bor\u00eb, 60 centimetra.<\/p>\n\n\n\n<p>Mot t\u00eb ftoht\u00eb, sipas Drejtoris\u00eb p\u00ebr Pun\u00eb Hidrometeorologjike, do t\u00eb ket\u00eb edhe t\u00eb enjten.<\/p>\n\n\n\n<p>\u201cMoti nes\u00ebr do t\u00eb jet\u00eb i ftoht\u00eb me mjegull t\u00eb dob\u00ebt n\u00eb disa vende. Gjat\u00eb dit\u00ebs do t\u00eb jet\u00eb pjes\u00ebrisht me vran\u00ebsira dhe me kushte p\u00ebr reshje t\u00eb dob\u00ebta bore\u201d, thon\u00eb nga Drejtoria p\u00ebr Pun\u00eb Hidrometeorologjike.<\/p>\n\n\n\n<p>Nga dita e premte do t\u00eb ket\u00eb mot stabil me rritje t\u00eb temperaturave ditore. Por temperaturat e m\u00ebngjesit do t\u00eb vazhdojn\u00eb t\u00eb jen\u00eb shum\u00eb t\u00eb ul\u00ebta dhe n\u00eb disa vende do t\u00eb ulen edhe m\u00eb shum\u00eb se minus 10.<\/p>\n","protected":false},"excerpt":{"rendered":"<p>Vazhdim t&euml; pushimit dim&euml;ror nuk do t&euml; ket&euml;. Nx&euml;n&euml;sit duhet t&euml; kthehen n&euml; shkoll&euml; t&euml; h&euml;n&euml;n, m&euml; 20 janar. K&euml;shtu u p&euml;rgjigj&euml;n p&euml;r TV Shenja nga Ministria e Arsimit dhe Shkenc&euml;s, n&euml; pyetjen n&euml;se ulja e temperaturave dhe perhapja e viruseve mund t&euml; shkaktojn&euml; shtyerje t&euml; pushimit dim&euml;ror. &ldquo;Nuk do t&euml; ket&euml; vazhdim t&euml; pushimit [&hellip;]<\/p>\n","protected":false},"author":2,"featured_media":40176,"comment_status":"open","ping_status":"closed","sticky":false,"template":"","format":"standard","meta":{"_monsterinsights_skip_tracking":false,"_monsterinsights_sitenote_active":false,"_monsterinsights_sitenote_note":"","_monsterinsights_sitenote_category":0,"footnotes":""},"categories":[1],"tags":[],"class_list":["post-40175","post","type-post","status-publish","format-standard","has-post-thumbnail","hentry","category-vendi"],"_links":{"self":[{"href":"https:\/\/radiojehona.mk\/index.php?rest_route=\/wp\/v2\/posts\/40175","targetHints":{"allow":["GET"]}}],"collection":[{"href":"https:\/\/radiojehona.mk\/index.php?rest_route=\/wp\/v2\/posts"}],"about":[{"href":"https:\/\/radiojehona.mk\/index.php?rest_route=\/wp\/v2\/types\/post"}],"author":[{"embeddable":true,"href":"https:\/\/radiojehona.mk\/index.php?rest_route=\/wp\/v2\/users\/2"}],"replies":[{"embeddable":true,"href":"https:\/\/radiojehona.mk\/index.php?rest_route=%2Fwp%2Fv2%2Fcomments&post=40175"}],"version-history":[{"count":1,"href":"https:\/\/radiojehona.mk\/index.php?rest_route=\/wp\/v2\/posts\/40175\/revisions"}],"predecessor-version":[{"id":40177,"href":"https:\/\/radiojehona.mk\/index.php?rest_route=\/wp\/v2\/posts\/40175\/revisions\/40177"}],"wp:featuredmedia":[{"embeddable":true,"href":"https:\/\/radiojehona.mk\/index.php?rest_route=\/wp\/v2\/media\/40176"}],"wp:attachment":[{"href":"https:\/\/radiojehona.mk\/index.php?rest_route=%2Fwp%2Fv2%2Fmedia&parent=40175"}],"wp:term":[{"taxonomy":"category","embeddable":true,"href":"https:\/\/radiojehona.mk\/index.php?rest_route=%2Fwp%2Fv2%2Fcategories&post=40175"},{"taxonomy":"post_tag","embeddable":true,"href":"https:\/\/radiojehona.mk\/index.php?rest_route=%2Fwp%2Fv2%2Ftags&post=40175"}],"curies":[{"name":"wp","href":"https:\/\/api.w.org\/{rel}","templated":true}]}}