{"id":40158,"date":"2025-01-15T11:05:19","date_gmt":"2025-01-15T11:05:19","guid":{"rendered":"https:\/\/radiojehona.com\/?p=40158"},"modified":"2025-01-15T11:05:20","modified_gmt":"2025-01-15T11:05:20","slug":"aeroporti-nderkombetar-i-prishtines-priti-mbi-4-milione-pasagjere-ne-vitin-2024","status":"publish","type":"post","link":"https:\/\/radiojehona.mk\/?p=40158","title":{"rendered":"Aeroporti Nd\u00ebrkomb\u00ebtar i Prishtin\u00ebs priti mbi 4 milion\u00eb pasagjer\u00eb n\u00eb vitin 2024"},"content":{"rendered":"\n<figure class=\"wp-block-image size-full\"><img fetchpriority=\"high\" decoding=\"async\" width=\"864\" height=\"485\" src=\"https:\/\/radiojehona.com\/wp-content\/uploads\/2025\/01\/thumbs_b_c_dd81c2288dcacbf38183e908793af5e1.jpg\" alt=\"\" class=\"wp-image-40159\" srcset=\"https:\/\/radiojehona.mk\/wp-content\/uploads\/2025\/01\/thumbs_b_c_dd81c2288dcacbf38183e908793af5e1.jpg 864w, https:\/\/radiojehona.mk\/wp-content\/uploads\/2025\/01\/thumbs_b_c_dd81c2288dcacbf38183e908793af5e1-300x168.jpg 300w, https:\/\/radiojehona.mk\/wp-content\/uploads\/2025\/01\/thumbs_b_c_dd81c2288dcacbf38183e908793af5e1-768x431.jpg 768w, https:\/\/radiojehona.mk\/wp-content\/uploads\/2025\/01\/thumbs_b_c_dd81c2288dcacbf38183e908793af5e1-800x450.jpg 800w\" sizes=\"(max-width: 864px) 100vw, 864px\" \/><\/figure>\n\n\n\n<h6 class=\"wp-block-heading\">Istanbul<\/h6>\n\n\n\n<p>Aeroporti Nd\u00ebrkomb\u00ebtar i Prishtin\u00ebs &#8220;Adem Jashari&#8221;, i vetmi aeroport nd\u00ebrkomb\u00ebtar n\u00eb Kosov\u00eb, nd\u00ebrtimin dhe funksionimin e t\u00eb cilit e ka nd\u00ebrmarr\u00eb Limak, ka pritur m\u00eb shum\u00eb se 4 milion\u00eb pasagjer\u00eb n\u00eb vitin 2024, me nj\u00eb rritje prej 19,2 p\u00ebr qind krahasuar me vitin e m\u00ebparsh\u00ebm, transmeton Anadolu.<\/p>\n\n\n\n<p>Kompania Limak njoftoi se ky zhvillim, i cili \u00ebsht\u00eb i r\u00ebnd\u00ebsish\u00ebm p\u00ebr sektorin e aviacionit n\u00eb Kosov\u00eb, \u00ebsht\u00eb festuar me nj\u00eb ceremoni t\u00eb mbajtur n\u00eb nd\u00ebrtes\u00ebn e terminalit t\u00eb aeroportit, ku mor\u00ebn pjes\u00eb kryeministri i Kosov\u00ebs, Albin Kurti, zv\/kryeministrja e Kosov\u00ebs, Emilija Rexhepi, ministrat e vendit dhe shefi ekzekutiv i Aeroportit Nd\u00ebrkomb\u00ebtar t\u00eb Prishtin\u00ebs, Hakan \u00d6zt\u00fcrk.<\/p>\n\n\n\n<p>Aeroporti i Prishtin\u00ebs, i cili u sh\u00ebrbeu 1.4 milion\u00eb pasagjer\u00ebve para se Limak t\u00eb merrte sip\u00ebrmarrjen, fal\u00eb nd\u00ebrtes\u00ebs s\u00eb re t\u00eb terminalit q\u00eb u hap n\u00eb vitin 2013 b\u00ebri nj\u00eb p\u00ebrparim t\u00eb r\u00ebnd\u00ebsish\u00ebm dhe dyfishoi numrin e pasagjer\u00ebve n\u00eb vitin 2024.<\/p>\n\n\n\n<p>Nj\u00eb rol t\u00eb r\u00ebnd\u00ebsish\u00ebm n\u00eb k\u00ebt\u00eb rritje kan\u00eb luajtur edhe investimet p\u00ebr zgjerimin e terminalit dhe rritjen e kapaciteteve t\u00eb realizuara n\u00eb gusht 2024. Duke rritur numrin e portave t\u00eb terminalit nga 8 n\u00eb 12, u sigurua q\u00eb nga aeroporti t\u00eb dilnin edhe 1.2 milion\u00eb pasagjer\u00eb shtes\u00eb n\u00eb vit. N\u00eb an\u00ebn tjet\u00ebr, n\u00eb rritjen e numrit t\u00eb udh\u00ebtar\u00ebve ka qen\u00eb efektiv edhe liberalizimi i vizave p\u00ebr Kosov\u00ebn n\u00eb fillim t\u00eb vitit 2024.<\/p>\n\n\n\n<p>&#8211; &#8220;Fluturimet jan\u00eb m\u00eb komode dhe m\u00eb t\u00eb shpejta&#8221;<\/p>\n\n\n\n<p>N\u00eb njoftimin e kompanis\u00eb jan\u00eb p\u00ebrfshir\u00eb q\u00ebndrimet e kryeministrit Kurti, i cili ka th\u00ebn\u00eb se Kosova \u00ebsht\u00eb b\u00ebr\u00eb nj\u00eb qend\u00ebr e r\u00ebnd\u00ebsishme e aviacionit n\u00eb rajon dhe nj\u00eb destinacion strategjik turistik.<\/p>\n\n\n\n<p>&#8220;Liberalizimi i vizave u jep qytetar\u00ebve t\u00eb Republik\u00ebs s\u00eb Kosov\u00ebs t\u00eb drejt\u00ebn p\u00ebr udh\u00ebtime afatshkurtra n\u00eb zon\u00ebn Shengen. Fluturimet tani jan\u00eb m\u00eb komode dhe m\u00eb t\u00eb shpejta si p\u00ebr pasagjer\u00ebt n\u00eb dalje ashtu edhe p\u00ebr ata q\u00eb kthehen p\u00ebrmes Aeroportit t\u00eb Prishtin\u00ebs. Si rezultat i pun\u00ebs n\u00eb koh\u00ebt e fundit, jan\u00eb nd\u00ebrtuar objekte shtes\u00eb p\u00ebr zhvillimin e transportit ajror dhe jan\u00eb nd\u00ebrmarr\u00eb hapa t\u00eb r\u00ebnd\u00ebsish\u00ebm p\u00ebr p\u00ebrmir\u00ebsimin e infrastruktur\u00ebs s\u00eb aeroportit. Jemi d\u00ebshmitar\u00eb t\u00eb nj\u00eb zhvillimi t\u00eb r\u00ebnd\u00ebsish\u00ebm n\u00eb zhvillimin e Kosov\u00ebs, i p\u00ebrg\u00ebzoj t\u00eb gjith\u00eb ata q\u00eb kontribuuan&#8221;, ka deklaruar kryeministri Kurti.<\/p>\n\n\n\n<p>\u00d6zt\u00fcrk, shefi ekzekutiv i aeroportit, tha se kjo rritje e konsiderueshme e trafikut t\u00eb pasagjer\u00ebve n\u00eb Aeroportin e Prishtin\u00ebs \u00ebsht\u00eb nj\u00eb tregues i vendosm\u00ebris\u00eb s\u00eb tyre p\u00ebr t\u00eb ofruar sh\u00ebrbime cil\u00ebsore.<\/p>\n\n\n\n<p>Duke theksuar se ata si Limak kan\u00eb b\u00ebr\u00eb investime t\u00eb konsiderueshme n\u00eb infrastruktur\u00eb n\u00eb Aeroportin e Prishtin\u00ebs, \u00d6zt\u00fcrk tha se kan\u00eb rritur gjat\u00ebsin\u00eb e pist\u00ebs nga 2.500 metra n\u00eb 3.040 metra dhe se me k\u00ebt\u00eb zhvillim q\u00eb ka rritur ndjesh\u00ebm kapacitetin kan\u00eb filluar t\u00eb mir\u00ebpresin avion\u00eb m\u00eb t\u00eb m\u00ebdhenj dhe m\u00eb shum\u00eb fluturime.<\/p>\n\n\n\n<p>\u00d6zt\u00fcrk gjithashtu theksoi se ata kan\u00eb b\u00ebr\u00eb p\u00ebrmir\u00ebsime t\u00eb konsiderueshme n\u00eb densitetin e pasagjer\u00ebve dhe koh\u00ebn e pritjes para fluturimit dhe kan\u00eb fituar vrull t\u00eb konsideruesh\u00ebm n\u00eb cil\u00ebsin\u00eb e sh\u00ebrbimit.<\/p>\n\n\n\n<p>&#8220;K\u00ebto p\u00ebrmir\u00ebsime jo vet\u00ebm q\u00eb kan\u00eb rritur efikasitetin, por n\u00eb t\u00eb nj\u00ebjt\u00ebn koh\u00eb kan\u00eb pasur nj\u00eb ndikim pozitiv edhe n\u00eb p\u00ebrvoj\u00ebn e p\u00ebrgjithshme t\u00eb udh\u00ebtimit. N\u00eb k\u00ebt\u00eb kuptim, ne jemi krenar\u00eb q\u00eb e b\u00ebjm\u00eb m\u00eb t\u00eb leht\u00eb udh\u00ebtimin nd\u00ebrkomb\u00ebtar me Aeroportin e Prishtin\u00ebs dhe jemi t\u00eb lumtur t\u00eb kontribuojm\u00eb n\u00eb lidhjen e Kosov\u00ebs me bot\u00ebn. Ne do t\u00eb vazhdojm\u00eb pun\u00ebn ton\u00eb p\u00ebr ta b\u00ebr\u00eb Prishtin\u00ebn nj\u00eb qend\u00ebr t\u00eb r\u00ebnd\u00ebsishme n\u00eb rajon dhe p\u00ebr t\u00eb p\u00ebrmbushur nevojat e Kosov\u00ebs. Ne fal\u00ebnderojm\u00eb t\u00eb gjitha pal\u00ebt p\u00ebr mb\u00ebshtetjen dhe bashk\u00ebpunimin e tyre&#8221;, ka deklaruar \u00d6zt\u00fcrk.<\/p>\n","protected":false},"excerpt":{"rendered":"<p>Istanbul Aeroporti Nd&euml;rkomb&euml;tar i Prishtin&euml;s &ldquo;Adem Jashari&rdquo;, i vetmi aeroport nd&euml;rkomb&euml;tar n&euml; Kosov&euml;, nd&euml;rtimin dhe funksionimin e t&euml; cilit e ka nd&euml;rmarr&euml; Limak, ka pritur m&euml; shum&euml; se 4 milion&euml; pasagjer&euml; n&euml; vitin 2024, me nj&euml; rritje prej 19,2 p&euml;r qind krahasuar me vitin e m&euml;parsh&euml;m, transmeton Anadolu. Kompania Limak njoftoi se ky zhvillim, i [&hellip;]<\/p>\n","protected":false},"author":2,"featured_media":40159,"comment_status":"open","ping_status":"closed","sticky":false,"template":"","format":"standard","meta":{"_monsterinsights_skip_tracking":false,"_monsterinsights_sitenote_active":false,"_monsterinsights_sitenote_note":"","_monsterinsights_sitenote_category":0,"footnotes":""},"categories":[576],"tags":[],"class_list":["post-40158","post","type-post","status-publish","format-standard","has-post-thumbnail","hentry","category-rajoni"],"_links":{"self":[{"href":"https:\/\/radiojehona.mk\/index.php?rest_route=\/wp\/v2\/posts\/40158","targetHints":{"allow":["GET"]}}],"collection":[{"href":"https:\/\/radiojehona.mk\/index.php?rest_route=\/wp\/v2\/posts"}],"about":[{"href":"https:\/\/radiojehona.mk\/index.php?rest_route=\/wp\/v2\/types\/post"}],"author":[{"embeddable":true,"href":"https:\/\/radiojehona.mk\/index.php?rest_route=\/wp\/v2\/users\/2"}],"replies":[{"embeddable":true,"href":"https:\/\/radiojehona.mk\/index.php?rest_route=%2Fwp%2Fv2%2Fcomments&post=40158"}],"version-history":[{"count":1,"href":"https:\/\/radiojehona.mk\/index.php?rest_route=\/wp\/v2\/posts\/40158\/revisions"}],"predecessor-version":[{"id":40160,"href":"https:\/\/radiojehona.mk\/index.php?rest_route=\/wp\/v2\/posts\/40158\/revisions\/40160"}],"wp:featuredmedia":[{"embeddable":true,"href":"https:\/\/radiojehona.mk\/index.php?rest_route=\/wp\/v2\/media\/40159"}],"wp:attachment":[{"href":"https:\/\/radiojehona.mk\/index.php?rest_route=%2Fwp%2Fv2%2Fmedia&parent=40158"}],"wp:term":[{"taxonomy":"category","embeddable":true,"href":"https:\/\/radiojehona.mk\/index.php?rest_route=%2Fwp%2Fv2%2Fcategories&post=40158"},{"taxonomy":"post_tag","embeddable":true,"href":"https:\/\/radiojehona.mk\/index.php?rest_route=%2Fwp%2Fv2%2Ftags&post=40158"}],"curies":[{"name":"wp","href":"https:\/\/api.w.org\/{rel}","templated":true}]}}