{"id":40155,"date":"2025-01-15T11:04:12","date_gmt":"2025-01-15T11:04:12","guid":{"rendered":"https:\/\/radiojehona.com\/?p=40155"},"modified":"2025-01-15T11:04:12","modified_gmt":"2025-01-15T11:04:12","slug":"sulmohet-fizikisht-nje-punonjes-gjykate-ne-tetove-nga-i-punesuari-ne-policine-gjyqesore","status":"publish","type":"post","link":"https:\/\/radiojehona.mk\/?p=40155","title":{"rendered":"Sulmohet fizikisht nj\u00eb punonj\u00ebs gjykate n\u00eb Tetov\u00eb nga i pun\u00ebsuari n\u00eb policin\u00eb gjyq\u00ebsore"},"content":{"rendered":"\n<figure class=\"wp-block-image size-full\"><img fetchpriority=\"high\" decoding=\"async\" width=\"750\" height=\"430\" src=\"https:\/\/radiojehona.com\/wp-content\/uploads\/2024\/12\/policia-mk-naten-750x430-1.jpg\" alt=\"\" class=\"wp-image-38399\" srcset=\"https:\/\/radiojehona.mk\/wp-content\/uploads\/2024\/12\/policia-mk-naten-750x430-1.jpg 750w, https:\/\/radiojehona.mk\/wp-content\/uploads\/2024\/12\/policia-mk-naten-750x430-1-300x172.jpg 300w\" sizes=\"(max-width: 750px) 100vw, 750px\" \/><\/figure>\n\n\n\n<p>M\u00eb dat\u00eb 14.01.2025 n\u00eb ora 09:00 n\u00eb SPB Tetov\u00eb, personi R.T. (48) nga Tetova, punonj\u00ebs n\u00eb Gjykat\u00ebn Themelore Tetov\u00eb, ka raportuar se para objektit t\u00eb gjykat\u00ebs p\u00ebr shkak t\u00eb parkimit t\u00eb automjetit t\u00eb tij n\u00eb vendparkim p\u00ebrball\u00eb objekt, \u00ebsht\u00eb sulmuar fizikisht nga V.M.\u00a0 nga Tetova, i cili \u00ebsht\u00eb i pun\u00ebsuar n\u00eb policin\u00eb gjyq\u00ebsore.\u00a0 Po merren masa p\u00ebr zbardhjen e rastit.TS<\/p>\n","protected":false},"excerpt":{"rendered":"<p>M&euml; dat&euml; 14.01.2025 n&euml; ora 09:00 n&euml; SPB Tetov&euml;, personi R.T. (48) nga Tetova, punonj&euml;s n&euml; Gjykat&euml;n Themelore Tetov&euml;, ka raportuar se para objektit t&euml; gjykat&euml;s p&euml;r shkak t&euml; parkimit t&euml; automjetit t&euml; tij n&euml; vendparkim p&euml;rball&euml; objekt, &euml;sht&euml; sulmuar fizikisht nga V.M.&nbsp; nga Tetova, i cili &euml;sht&euml; i pun&euml;suar n&euml; policin&euml; gjyq&euml;sore.&nbsp; Po merren [&hellip;]<\/p>\n","protected":false},"author":2,"featured_media":38399,"comment_status":"open","ping_status":"closed","sticky":false,"template":"","format":"standard","meta":{"_monsterinsights_skip_tracking":false,"_monsterinsights_sitenote_active":false,"_monsterinsights_sitenote_note":"","_monsterinsights_sitenote_category":0,"footnotes":""},"categories":[1],"tags":[],"class_list":["post-40155","post","type-post","status-publish","format-standard","has-post-thumbnail","hentry","category-vendi"],"_links":{"self":[{"href":"https:\/\/radiojehona.mk\/index.php?rest_route=\/wp\/v2\/posts\/40155","targetHints":{"allow":["GET"]}}],"collection":[{"href":"https:\/\/radiojehona.mk\/index.php?rest_route=\/wp\/v2\/posts"}],"about":[{"href":"https:\/\/radiojehona.mk\/index.php?rest_route=\/wp\/v2\/types\/post"}],"author":[{"embeddable":true,"href":"https:\/\/radiojehona.mk\/index.php?rest_route=\/wp\/v2\/users\/2"}],"replies":[{"embeddable":true,"href":"https:\/\/radiojehona.mk\/index.php?rest_route=%2Fwp%2Fv2%2Fcomments&post=40155"}],"version-history":[{"count":2,"href":"https:\/\/radiojehona.mk\/index.php?rest_route=\/wp\/v2\/posts\/40155\/revisions"}],"predecessor-version":[{"id":40157,"href":"https:\/\/radiojehona.mk\/index.php?rest_route=\/wp\/v2\/posts\/40155\/revisions\/40157"}],"wp:featuredmedia":[{"embeddable":true,"href":"https:\/\/radiojehona.mk\/index.php?rest_route=\/wp\/v2\/media\/38399"}],"wp:attachment":[{"href":"https:\/\/radiojehona.mk\/index.php?rest_route=%2Fwp%2Fv2%2Fmedia&parent=40155"}],"wp:term":[{"taxonomy":"category","embeddable":true,"href":"https:\/\/radiojehona.mk\/index.php?rest_route=%2Fwp%2Fv2%2Fcategories&post=40155"},{"taxonomy":"post_tag","embeddable":true,"href":"https:\/\/radiojehona.mk\/index.php?rest_route=%2Fwp%2Fv2%2Ftags&post=40155"}],"curies":[{"name":"wp","href":"https:\/\/api.w.org\/{rel}","templated":true}]}}