{"id":40151,"date":"2025-01-15T11:02:49","date_gmt":"2025-01-15T11:02:49","guid":{"rendered":"https:\/\/radiojehona.com\/?p=40151"},"modified":"2025-01-15T11:02:50","modified_gmt":"2025-01-15T11:02:50","slug":"mucunski-kemi-pozite-historike-ne-administraten-e-re-te-shba-ve","status":"publish","type":"post","link":"https:\/\/radiojehona.mk\/?p=40151","title":{"rendered":"Mucunski: Kemi pozit\u00eb historike n\u00eb administrat\u00ebn e re t\u00eb SHBA-ve"},"content":{"rendered":"\n<figure class=\"wp-block-image size-full\"><img fetchpriority=\"high\" decoding=\"async\" width=\"780\" height=\"439\" src=\"https:\/\/radiojehona.com\/wp-content\/uploads\/2025\/01\/Timco-Mucunski-MNR-3-bg-780x439-1.jpg\" alt=\"\" class=\"wp-image-40152\" srcset=\"https:\/\/radiojehona.mk\/wp-content\/uploads\/2025\/01\/Timco-Mucunski-MNR-3-bg-780x439-1.jpg 780w, https:\/\/radiojehona.mk\/wp-content\/uploads\/2025\/01\/Timco-Mucunski-MNR-3-bg-780x439-1-300x169.jpg 300w, https:\/\/radiojehona.mk\/wp-content\/uploads\/2025\/01\/Timco-Mucunski-MNR-3-bg-780x439-1-768x432.jpg 768w\" sizes=\"(max-width: 780px) 100vw, 780px\" \/><\/figure>\n\n\n\n<p>Ministri i Pun\u00ebve t\u00eb Jashtme dhe Tregtis\u00eb s\u00eb Jashtme Tim\u00e7o Mucunski njoftoi se do t\u00eb jet\u00eb pjes\u00eb e delegacionit t\u00eb kryesuar nga kryeministri Hristijan Mickoski n\u00eb inaugurimin e presidentit t\u00eb ri t\u00eb SHBA-ve, Donald Trump n\u00eb Uashington.<\/p>\n\n\n\n<p>\u201cArdhja e nj\u00eb administrate t\u00eb re amerikane \u00ebsht\u00eb padyshim nj\u00eb ngjarje e r\u00ebnd\u00ebsishme p\u00ebr ne. Mickoski do ta udh\u00ebheq\u00eb delegacionin ton\u00eb atje dhe s\u00eb bashku me t\u00eb do t\u00eb jemi pjes\u00eb e shum\u00eb aktiviteteve formale dhe joformale, si dhe vet\u00eb inaugurimit. Le t\u00eb afirmojm\u00eb q\u00ebndrimet tona me administrat\u00ebn e ardhshme, le t\u00eb vazhdojm\u00eb t\u00eb kultivojm\u00eb ato marr\u00ebdh\u00ebnie t\u00eb mira dhe personale mes kryeministrit, meje dhe pal\u00ebve t\u00eb tjera t\u00eb interesit n\u00eb Qeveri. Le t\u00eb konfirmojm\u00eb gjithashtu vazhdim\u00ebsin\u00eb q\u00eb presim nga politika e jashtme amerikane, p\u00ebrsa i p\u00ebrket \u00e7\u00ebshtjeve q\u00eb kan\u00eb t\u00eb b\u00ebjn\u00eb me rajonin, p\u00ebrkushtimin p\u00ebr integrimin evropian, n\u00eb NATO dhe gjith\u00e7ka q\u00eb \u00ebsht\u00eb e r\u00ebnd\u00ebsishme p\u00ebr ne nga pik\u00ebpamja e siguris\u00eb evropiane dhe rajonale dhe \u00e7\u00ebshtjeve q\u00eb si shtet na prekin m\u00eb s\u00eb shumti\u201d, tha Mucunski n\u00eb nj\u00eb paraqitje n\u00eb Telma.<\/p>\n\n\n\n<p>Lidhur me vizit\u00ebn e tij t\u00eb fundit n\u00eb SHBA, Mucunski shpjegoi se ka pasur takime me njer\u00ebz q\u00eb jan\u00eb pjes\u00eb e tranzicionit t\u00eb presidentit.<\/p>\n\n\n\n<p>Ai vler\u00ebsoi se ka nevoj\u00eb p\u00ebr forcimin e marr\u00ebdh\u00ebnieve tregtare dypal\u00ebshe me SHBA-n\u00eb, jo vet\u00ebm n\u00eb aspektin e investimeve, por edhe n\u00eb portofolin e import-eksportit t\u00eb vendit. N\u00eb k\u00ebt\u00eb drejtim, Mucunski beson se me administrat\u00ebn e re mund t\u00eb b\u00ebhet nj\u00eb ndryshim pozitiv, duke marr\u00eb parasysh, si\u00e7 thot\u00eb ai, af\u00ebrsin\u00eb e kryeministrit Mickoski me ministrin e tregtis\u00eb, Howard Lutnick, i cili e vizitoi vendin para disa muajsh.<\/p>\n","protected":false},"excerpt":{"rendered":"<p>Ministri i Pun&euml;ve t&euml; Jashtme dhe Tregtis&euml; s&euml; Jashtme Tim&ccedil;o Mucunski njoftoi se do t&euml; jet&euml; pjes&euml; e delegacionit t&euml; kryesuar nga kryeministri Hristijan Mickoski n&euml; inaugurimin e presidentit t&euml; ri t&euml; SHBA-ve, Donald Trump n&euml; Uashington. &ldquo;Ardhja e nj&euml; administrate t&euml; re amerikane &euml;sht&euml; padyshim nj&euml; ngjarje e r&euml;nd&euml;sishme p&euml;r ne. Mickoski do ta [&hellip;]<\/p>\n","protected":false},"author":2,"featured_media":40152,"comment_status":"open","ping_status":"closed","sticky":false,"template":"","format":"standard","meta":{"_monsterinsights_skip_tracking":false,"_monsterinsights_sitenote_active":false,"_monsterinsights_sitenote_note":"","_monsterinsights_sitenote_category":0,"footnotes":""},"categories":[1],"tags":[],"class_list":["post-40151","post","type-post","status-publish","format-standard","has-post-thumbnail","hentry","category-vendi"],"_links":{"self":[{"href":"https:\/\/radiojehona.mk\/index.php?rest_route=\/wp\/v2\/posts\/40151","targetHints":{"allow":["GET"]}}],"collection":[{"href":"https:\/\/radiojehona.mk\/index.php?rest_route=\/wp\/v2\/posts"}],"about":[{"href":"https:\/\/radiojehona.mk\/index.php?rest_route=\/wp\/v2\/types\/post"}],"author":[{"embeddable":true,"href":"https:\/\/radiojehona.mk\/index.php?rest_route=\/wp\/v2\/users\/2"}],"replies":[{"embeddable":true,"href":"https:\/\/radiojehona.mk\/index.php?rest_route=%2Fwp%2Fv2%2Fcomments&post=40151"}],"version-history":[{"count":2,"href":"https:\/\/radiojehona.mk\/index.php?rest_route=\/wp\/v2\/posts\/40151\/revisions"}],"predecessor-version":[{"id":40154,"href":"https:\/\/radiojehona.mk\/index.php?rest_route=\/wp\/v2\/posts\/40151\/revisions\/40154"}],"wp:featuredmedia":[{"embeddable":true,"href":"https:\/\/radiojehona.mk\/index.php?rest_route=\/wp\/v2\/media\/40152"}],"wp:attachment":[{"href":"https:\/\/radiojehona.mk\/index.php?rest_route=%2Fwp%2Fv2%2Fmedia&parent=40151"}],"wp:term":[{"taxonomy":"category","embeddable":true,"href":"https:\/\/radiojehona.mk\/index.php?rest_route=%2Fwp%2Fv2%2Fcategories&post=40151"},{"taxonomy":"post_tag","embeddable":true,"href":"https:\/\/radiojehona.mk\/index.php?rest_route=%2Fwp%2Fv2%2Ftags&post=40151"}],"curies":[{"name":"wp","href":"https:\/\/api.w.org\/{rel}","templated":true}]}}