{"id":40145,"date":"2025-01-15T11:00:50","date_gmt":"2025-01-15T11:00:50","guid":{"rendered":"https:\/\/radiojehona.com\/?p=40145"},"modified":"2025-01-15T11:00:50","modified_gmt":"2025-01-15T11:00:50","slug":"bastisje-ne-shkup-sekuestrohen-arme-dhe-droge-ndalohet-nje-person","status":"publish","type":"post","link":"https:\/\/radiojehona.mk\/?p=40145","title":{"rendered":"Bastisje n\u00eb Shkup, sekuestrohen arm\u00eb dhe drog\u00eb \u2013 ndalohet nj\u00eb person"},"content":{"rendered":"\n<figure class=\"wp-block-image size-full\"><img fetchpriority=\"high\" decoding=\"async\" width=\"725\" height=\"375\" src=\"https:\/\/radiojehona.com\/wp-content\/uploads\/2024\/11\/Policia-.jpg\" alt=\"\" class=\"wp-image-37694\" srcset=\"https:\/\/radiojehona.mk\/wp-content\/uploads\/2024\/11\/Policia-.jpg 725w, https:\/\/radiojehona.mk\/wp-content\/uploads\/2024\/11\/Policia--300x155.jpg 300w\" sizes=\"(max-width: 725px) 100vw, 725px\" \/><\/figure>\n\n\n\n<p>MPB Maqedoni njofton se dje (14.01.2025) n\u00eb ora 19:30 n\u00eb Shkup, n\u00eb zon\u00ebn Qend\u00ebr, zyrtar\u00eb policor\u00eb t\u00eb Nj\u00ebsis\u00eb p\u00ebr Trafikim t\u00eb Kund\u00ebrligjsh\u00ebm t\u00eb SPB Shkup e kan\u00eb privuar nga liria A.T (30) nga Shkupi p\u00ebr shkak se i \u00ebsht\u00eb gjetur dhe konfiskuar marihuan\u00eb.<\/p>\n\n\n\n<p><strong>\u201cM\u00eb pas, pasi jan\u00eb marr\u00eb masa shtes\u00eb, zyrtar\u00eb policor\u00eb nga Nj\u00ebsia p\u00ebr Trafikim t\u00eb Kund\u00ebrligjsh\u00ebm n\u00eb SPB Shkup, me urdh\u00ebr t\u00eb gjykat\u00ebs kan\u00eb kryer bastisje n\u00eb sht\u00ebpin\u00eb e t\u00eb pandehurit n\u00eb komun\u00ebn e Aerodromit, gjat\u00eb s\u00eb cil\u00ebs u gjet\u00ebn dhe u sekuestruan marihuan\u00eb, farat e kanabisit, nj\u00eb peshore digjitale, nj\u00eb l\u00ebnd\u00eb me gunga t\u00eb bardha, tableta, nj\u00eb pistolet\u00eb \u201cZoraki M 906\u2033 me korniz\u00eb, para dhe sende t\u00eb tjera\u201d.<\/strong><\/p>\n\n\n\n<p><strong>\u201cPersoni \u00ebsht\u00eb ndaluar n\u00eb komisariat dhe pas dokumentimit t\u00eb plot\u00eb t\u00eb rastit ndaj tij do t\u00eb ngrihet kall\u00ebzimi p\u00ebrkat\u00ebs nga neni 215 dhe neni 396 i Kodit Penal\u201d, thon\u00eb nga MPB.<\/strong><\/p>\n","protected":false},"excerpt":{"rendered":"<p>MPB Maqedoni njofton se dje (14.01.2025) n&euml; ora 19:30 n&euml; Shkup, n&euml; zon&euml;n Qend&euml;r, zyrtar&euml; policor&euml; t&euml; Nj&euml;sis&euml; p&euml;r Trafikim t&euml; Kund&euml;rligjsh&euml;m t&euml; SPB Shkup e kan&euml; privuar nga liria A.T (30) nga Shkupi p&euml;r shkak se i &euml;sht&euml; gjetur dhe konfiskuar marihuan&euml;. &ldquo;M&euml; pas, pasi jan&euml; marr&euml; masa shtes&euml;, zyrtar&euml; policor&euml; nga Nj&euml;sia p&euml;r [&hellip;]<\/p>\n","protected":false},"author":2,"featured_media":37694,"comment_status":"open","ping_status":"closed","sticky":false,"template":"","format":"standard","meta":{"_monsterinsights_skip_tracking":false,"_monsterinsights_sitenote_active":false,"_monsterinsights_sitenote_note":"","_monsterinsights_sitenote_category":0,"footnotes":""},"categories":[1],"tags":[],"class_list":["post-40145","post","type-post","status-publish","format-standard","has-post-thumbnail","hentry","category-vendi"],"_links":{"self":[{"href":"https:\/\/radiojehona.mk\/index.php?rest_route=\/wp\/v2\/posts\/40145","targetHints":{"allow":["GET"]}}],"collection":[{"href":"https:\/\/radiojehona.mk\/index.php?rest_route=\/wp\/v2\/posts"}],"about":[{"href":"https:\/\/radiojehona.mk\/index.php?rest_route=\/wp\/v2\/types\/post"}],"author":[{"embeddable":true,"href":"https:\/\/radiojehona.mk\/index.php?rest_route=\/wp\/v2\/users\/2"}],"replies":[{"embeddable":true,"href":"https:\/\/radiojehona.mk\/index.php?rest_route=%2Fwp%2Fv2%2Fcomments&post=40145"}],"version-history":[{"count":2,"href":"https:\/\/radiojehona.mk\/index.php?rest_route=\/wp\/v2\/posts\/40145\/revisions"}],"predecessor-version":[{"id":40147,"href":"https:\/\/radiojehona.mk\/index.php?rest_route=\/wp\/v2\/posts\/40145\/revisions\/40147"}],"wp:featuredmedia":[{"embeddable":true,"href":"https:\/\/radiojehona.mk\/index.php?rest_route=\/wp\/v2\/media\/37694"}],"wp:attachment":[{"href":"https:\/\/radiojehona.mk\/index.php?rest_route=%2Fwp%2Fv2%2Fmedia&parent=40145"}],"wp:term":[{"taxonomy":"category","embeddable":true,"href":"https:\/\/radiojehona.mk\/index.php?rest_route=%2Fwp%2Fv2%2Fcategories&post=40145"},{"taxonomy":"post_tag","embeddable":true,"href":"https:\/\/radiojehona.mk\/index.php?rest_route=%2Fwp%2Fv2%2Ftags&post=40145"}],"curies":[{"name":"wp","href":"https:\/\/api.w.org\/{rel}","templated":true}]}}