{"id":40142,"date":"2025-01-15T10:59:40","date_gmt":"2025-01-15T10:59:40","guid":{"rendered":"https:\/\/radiojehona.com\/?p=40142"},"modified":"2025-01-15T10:59:41","modified_gmt":"2025-01-15T10:59:41","slug":"serish-anulohet-seanca-per-spitalin-modular-ne-tetove","status":"publish","type":"post","link":"https:\/\/radiojehona.mk\/?p=40142","title":{"rendered":"S\u00ebrish anulohet seanca p\u00ebr Spitalin modular n\u00eb Tetov\u00eb"},"content":{"rendered":"\n<figure class=\"wp-block-image size-large\"><img fetchpriority=\"high\" decoding=\"async\" width=\"1024\" height=\"616\" src=\"https:\/\/radiojehona.com\/wp-content\/uploads\/2025\/01\/Screenshot-2025-01-15-110842-1024x616.png\" alt=\"\" class=\"wp-image-40143\" srcset=\"https:\/\/radiojehona.mk\/wp-content\/uploads\/2025\/01\/Screenshot-2025-01-15-110842-1024x616.png 1024w, https:\/\/radiojehona.mk\/wp-content\/uploads\/2025\/01\/Screenshot-2025-01-15-110842-300x180.png 300w, https:\/\/radiojehona.mk\/wp-content\/uploads\/2025\/01\/Screenshot-2025-01-15-110842-768x462.png 768w, https:\/\/radiojehona.mk\/wp-content\/uploads\/2025\/01\/Screenshot-2025-01-15-110842.png 1177w\" sizes=\"(max-width: 1024px) 100vw, 1024px\" \/><\/figure>\n\n\n\n<p>Seanca p\u00ebr spitalin modular n\u00eb Tetov\u00eb q\u00eb ishte e parapar\u00eb t\u00eb mbahej sot, \u00ebsht\u00eb anuluar. Si\u00e7 m\u00ebson TV21, seanca e radh\u00ebs do t\u00eb mbahet pas rreth 2 muajsh, m\u00eb sakt\u00eb, m\u00eb 15 mars.<\/p>\n\n\n\n<p>Kujtojm\u00eb se, m\u00eb 8 shtator t\u00eb vitit 2021 jet\u00ebn e humb\u00ebn 14 persona dhe 12 t\u00eb tjer\u00eb u l\u00ebnduan. Ndryshe, n\u00eb vitin 2023, Gjykata Themelore Penale n\u00eb Tetov\u00eb d\u00ebnoi Florin Besimi dhe Artan Etemi me 1 vjet e 6 muaj burg me kusht dhe 1 milion denar\u00eb d\u00ebnim me para, nd\u00ebrsa Boban Vu\u00e7evski dhe Klinika e Tetov\u00ebs si institucion u liruan nga akuzat. N\u00eb maj t\u00eb vitit t\u00eb kaluar, Gjykata&nbsp;e Apelit n\u00eb Gostivar ktheu n\u00eb rigjykim rastin.<\/p>\n","protected":false},"excerpt":{"rendered":"<p>Seanca p&euml;r spitalin modular n&euml; Tetov&euml; q&euml; ishte e parapar&euml; t&euml; mbahej sot, &euml;sht&euml; anuluar. Si&ccedil; m&euml;son TV21, seanca e radh&euml;s do t&euml; mbahet pas rreth 2 muajsh, m&euml; sakt&euml;, m&euml; 15 mars. Kujtojm&euml; se, m&euml; 8 shtator t&euml; vitit 2021 jet&euml;n e humb&euml;n 14 persona dhe 12 t&euml; tjer&euml; u l&euml;nduan. Ndryshe, n&euml; vitin [&hellip;]<\/p>\n","protected":false},"author":2,"featured_media":40143,"comment_status":"open","ping_status":"closed","sticky":false,"template":"","format":"standard","meta":{"_monsterinsights_skip_tracking":false,"_monsterinsights_sitenote_active":false,"_monsterinsights_sitenote_note":"","_monsterinsights_sitenote_category":0,"footnotes":""},"categories":[1],"tags":[],"class_list":["post-40142","post","type-post","status-publish","format-standard","has-post-thumbnail","hentry","category-vendi"],"_links":{"self":[{"href":"https:\/\/radiojehona.mk\/index.php?rest_route=\/wp\/v2\/posts\/40142","targetHints":{"allow":["GET"]}}],"collection":[{"href":"https:\/\/radiojehona.mk\/index.php?rest_route=\/wp\/v2\/posts"}],"about":[{"href":"https:\/\/radiojehona.mk\/index.php?rest_route=\/wp\/v2\/types\/post"}],"author":[{"embeddable":true,"href":"https:\/\/radiojehona.mk\/index.php?rest_route=\/wp\/v2\/users\/2"}],"replies":[{"embeddable":true,"href":"https:\/\/radiojehona.mk\/index.php?rest_route=%2Fwp%2Fv2%2Fcomments&post=40142"}],"version-history":[{"count":1,"href":"https:\/\/radiojehona.mk\/index.php?rest_route=\/wp\/v2\/posts\/40142\/revisions"}],"predecessor-version":[{"id":40144,"href":"https:\/\/radiojehona.mk\/index.php?rest_route=\/wp\/v2\/posts\/40142\/revisions\/40144"}],"wp:featuredmedia":[{"embeddable":true,"href":"https:\/\/radiojehona.mk\/index.php?rest_route=\/wp\/v2\/media\/40143"}],"wp:attachment":[{"href":"https:\/\/radiojehona.mk\/index.php?rest_route=%2Fwp%2Fv2%2Fmedia&parent=40142"}],"wp:term":[{"taxonomy":"category","embeddable":true,"href":"https:\/\/radiojehona.mk\/index.php?rest_route=%2Fwp%2Fv2%2Fcategories&post=40142"},{"taxonomy":"post_tag","embeddable":true,"href":"https:\/\/radiojehona.mk\/index.php?rest_route=%2Fwp%2Fv2%2Ftags&post=40142"}],"curies":[{"name":"wp","href":"https:\/\/api.w.org\/{rel}","templated":true}]}}