{"id":40138,"date":"2025-01-15T10:58:14","date_gmt":"2025-01-15T10:58:14","guid":{"rendered":"https:\/\/radiojehona.com\/?p=40138"},"modified":"2025-01-15T10:58:14","modified_gmt":"2025-01-15T10:58:14","slug":"shefi-i-shtatmadhorise-se-armates-ne-konference-te-komitetit-ushtarak-te-nato-s","status":"publish","type":"post","link":"https:\/\/radiojehona.mk\/?p=40138","title":{"rendered":"Shefi i Shtatmadhoris\u00eb s\u00eb Armat\u00ebs n\u00eb konferenc\u00eb t\u00eb Komitetit ushtarak t\u00eb NATO-s"},"content":{"rendered":"\n<figure class=\"wp-block-image size-full\"><img fetchpriority=\"high\" decoding=\"async\" width=\"730\" height=\"470\" src=\"https:\/\/radiojehona.com\/wp-content\/uploads\/2025\/01\/Nato-730x470-1.jpg\" alt=\"\" class=\"wp-image-40139\" srcset=\"https:\/\/radiojehona.mk\/wp-content\/uploads\/2025\/01\/Nato-730x470-1.jpg 730w, https:\/\/radiojehona.mk\/wp-content\/uploads\/2025\/01\/Nato-730x470-1-300x193.jpg 300w\" sizes=\"(max-width: 730px) 100vw, 730px\" \/><\/figure>\n\n\n\n<p>Shefi i Shtatmadhoris\u00eb s\u00eb Armat\u00ebs s\u00eb Republik\u00ebs s\u00eb Maqedonis\u00eb s\u00eb Veriut, gjeneral-majori Sashko Lef\u00e7inski, prej sot do t\u00eb marr\u00eb pjes\u00eb n\u00eb konferenc\u00ebn e rregullt t\u00eb Komitetit ushtarak t\u00eb NATO-s n\u00eb formatin e shefave t\u00eb Shtatmadhorive t\u00eb vendeve-an\u00ebtare t\u00eb NATO-s.<\/p>\n\n\n\n<p>N\u00eb k\u00ebt\u00eb konferenc\u00eb n\u00eb dit\u00ebn e par\u00eb do t\u00eb realizohen sesione me shefat e vendeve-an\u00ebtare t\u00eb NATO-s, n\u00eb t\u00eb cilat do t\u00eb diskutohet p\u00ebr m\u00eb shum\u00eb tema, nd\u00ebr t\u00eb cilat p\u00ebr gjendjen e siguris\u00eb n\u00eb zon\u00ebn e p\u00ebrgjegj\u00ebsis\u00eb t\u00eb Aleanc\u00ebs dhe gatishm\u00ebrin\u00eb p\u00ebr mbrojtje dhe p\u00ebrgjigje, modernizim dhe interoperabilitet t\u00eb Aleanc\u00ebs s\u00eb NATO-s, kontributin ndaj stabilitetit dhe siguris\u00eb, k\u00ebrc\u00ebnimeve, rreziqeve dhe sfidave.<\/p>\n\n\n\n<p>Si\u00e7 njoftuan nga Shtatmadhoria e Armat\u00ebs, gjat\u00eb dit\u00ebs s\u00eb dyt\u00eb do t\u00eb realizohen sesione me partner\u00ebt, n\u00eb t\u00eb cilat do t\u00eb diskutohet p\u00ebr gjendjen globale t\u00eb siguris\u00eb dhe t\u00eb ardhmen e partneritetit n\u00eb pjes\u00ebn e bashk\u00ebpunimit t\u00eb siguris\u00eb dhe menaxhimin e krizave. Nd\u00ebr t\u00eb tjera, do t\u00eb bisedohet edhe p\u00ebr tema m\u00eb t\u00eb gjera si: ndryshimet klimatike, siguria e ushqimit dhe energjis\u00eb, migrimi i parregullt, krimi i organizuar dhe ndikimi i aktor\u00ebve jo shtet\u00ebror\u00eb n\u00eb siguri.<\/p>\n\n\n\n<p>Gjenerali Laf\u00e7inski, si\u00e7 \u00ebsht\u00eb paralajm\u00ebruar, do t\u00eb realizoj\u00eb edhe vizit\u00eb zyrtare n\u00eb Komand\u00ebn supreme aleate t\u00eb NATO-s p\u00ebr operacionet n\u00eb Mons, Belgjik\u00eb, me \u00e7\u2019rast do ta vizitoj\u00eb edhe delegacionin e vendit ton\u00eb n\u00eb NATO t\u00eb sistemuar n\u00eb Mons dhe Bruksel dhe epror\u00ebt e shtabeve t\u00eb sistemuar n\u00eb struktur\u00ebn komanduese t\u00eb NATO-s.<\/p>\n\n\n\n<p>Autoriteti m\u00eb i lart\u00eb ushtarak i Aleanc\u00ebs s\u00eb NATO-s, Komiteti ushtarak n\u00eb format t\u00eb shefave t\u00eb Shtatmadhorive takohen dy her\u00eb n\u00eb vit n\u00eb selin\u00eb e NATO-s n\u00eb Bruksel, nd\u00ebrsa nj\u00eb her\u00eb n\u00eb vit mbahet n\u00eb nj\u00ebrin nga vendet-aleat n\u00eb baz\u00eb rotacioni. \/MIA<\/p>\n","protected":false},"excerpt":{"rendered":"<p>Shefi i Shtatmadhoris&euml; s&euml; Armat&euml;s s&euml; Republik&euml;s s&euml; Maqedonis&euml; s&euml; Veriut, gjeneral-majori Sashko Lef&ccedil;inski, prej sot do t&euml; marr&euml; pjes&euml; n&euml; konferenc&euml;n e rregullt t&euml; Komitetit ushtarak t&euml; NATO-s n&euml; formatin e shefave t&euml; Shtatmadhorive t&euml; vendeve-an&euml;tare t&euml; NATO-s. N&euml; k&euml;t&euml; konferenc&euml; n&euml; dit&euml;n e par&euml; do t&euml; realizohen sesione me shefat e vendeve-an&euml;tare t&euml; [&hellip;]<\/p>\n","protected":false},"author":2,"featured_media":40139,"comment_status":"open","ping_status":"closed","sticky":false,"template":"","format":"standard","meta":{"_monsterinsights_skip_tracking":false,"_monsterinsights_sitenote_active":false,"_monsterinsights_sitenote_note":"","_monsterinsights_sitenote_category":0,"footnotes":""},"categories":[1],"tags":[],"class_list":["post-40138","post","type-post","status-publish","format-standard","has-post-thumbnail","hentry","category-vendi"],"_links":{"self":[{"href":"https:\/\/radiojehona.mk\/index.php?rest_route=\/wp\/v2\/posts\/40138","targetHints":{"allow":["GET"]}}],"collection":[{"href":"https:\/\/radiojehona.mk\/index.php?rest_route=\/wp\/v2\/posts"}],"about":[{"href":"https:\/\/radiojehona.mk\/index.php?rest_route=\/wp\/v2\/types\/post"}],"author":[{"embeddable":true,"href":"https:\/\/radiojehona.mk\/index.php?rest_route=\/wp\/v2\/users\/2"}],"replies":[{"embeddable":true,"href":"https:\/\/radiojehona.mk\/index.php?rest_route=%2Fwp%2Fv2%2Fcomments&post=40138"}],"version-history":[{"count":2,"href":"https:\/\/radiojehona.mk\/index.php?rest_route=\/wp\/v2\/posts\/40138\/revisions"}],"predecessor-version":[{"id":40141,"href":"https:\/\/radiojehona.mk\/index.php?rest_route=\/wp\/v2\/posts\/40138\/revisions\/40141"}],"wp:featuredmedia":[{"embeddable":true,"href":"https:\/\/radiojehona.mk\/index.php?rest_route=\/wp\/v2\/media\/40139"}],"wp:attachment":[{"href":"https:\/\/radiojehona.mk\/index.php?rest_route=%2Fwp%2Fv2%2Fmedia&parent=40138"}],"wp:term":[{"taxonomy":"category","embeddable":true,"href":"https:\/\/radiojehona.mk\/index.php?rest_route=%2Fwp%2Fv2%2Fcategories&post=40138"},{"taxonomy":"post_tag","embeddable":true,"href":"https:\/\/radiojehona.mk\/index.php?rest_route=%2Fwp%2Fv2%2Ftags&post=40138"}],"curies":[{"name":"wp","href":"https:\/\/api.w.org\/{rel}","templated":true}]}}