{"id":40135,"date":"2025-01-15T10:57:17","date_gmt":"2025-01-15T10:57:17","guid":{"rendered":"https:\/\/radiojehona.com\/?p=40135"},"modified":"2025-01-15T10:57:18","modified_gmt":"2025-01-15T10:57:18","slug":"komunikacioni-ne-maqedoni-ne-kushte-dimerore-nuk-ka-ndalesa-ne-pikat-kufitare","status":"publish","type":"post","link":"https:\/\/radiojehona.mk\/?p=40135","title":{"rendered":"Komunikacioni n\u00eb Maqedoni n\u00eb kushte dim\u00ebrore, nuk ka ndalesa n\u00eb pikat kufitare"},"content":{"rendered":"\n<figure class=\"wp-block-image size-full\"><img fetchpriority=\"high\" decoding=\"async\" width=\"780\" height=\"439\" src=\"https:\/\/radiojehona.com\/wp-content\/uploads\/2025\/01\/kamion-rruge-dimri-MK-780x439-1.png\" alt=\"\" class=\"wp-image-40136\" srcset=\"https:\/\/radiojehona.mk\/wp-content\/uploads\/2025\/01\/kamion-rruge-dimri-MK-780x439-1.png 780w, https:\/\/radiojehona.mk\/wp-content\/uploads\/2025\/01\/kamion-rruge-dimri-MK-780x439-1-300x169.png 300w, https:\/\/radiojehona.mk\/wp-content\/uploads\/2025\/01\/kamion-rruge-dimri-MK-780x439-1-768x432.png 768w\" sizes=\"(max-width: 780px) 100vw, 780px\" \/><\/figure>\n\n\n\n<p>Qarkullimi n\u00eb rrug\u00ebt shtet\u00ebrore po zhvillohet n\u00eb kushte dim\u00ebrore, n\u00eb rrug\u00eb t\u00eb lag\u00ebshta me mbetje bore, pas nd\u00ebrhyrjes s\u00eb ekipeve t\u00eb mir\u00ebmbajtjes. Reshje t\u00eb dob\u00ebta bore jan\u00eb sh\u00ebnuar n\u00eb K\u00ebr\u00e7ov\u00eb, Presek\u00eb dhe Bukov\u00eb.<\/p>\n\n\n\n<p>Ndalime p\u00ebr automjete t\u00eb r\u00ebnda p\u00ebr shkaqe parandaluese ka n\u00eb akset rrugore Mavrov\u00eb-Dib\u00ebr, Tetov\u00eb-Kodra e Diellit dhe n\u00eb qaf\u00ebn malore Strumic\u00eb-Berov\u00eb.<\/p>\n\n\n\n<p>Intensiteti i trafikut n\u00eb rrug\u00ebt jasht\u00eb zonave urbane \u00ebsht\u00eb mesatar. N\u00eb vendkalimet kufitare n\u00eb an\u00ebn e RMV-s\u00eb nuk ka vonesa p\u00ebr hyrje dhe dalje nga vendi.<\/p>\n\n\n\n<p>LAMM rekomandon rregullimin e shpejt\u00ebsis\u00eb s\u00eb l\u00ebvizjes, respektimin e sinjalistik\u00ebs s\u00eb komunikacionit t\u00eb vendosur dhe menaxhimin e kujdessh\u00ebm t\u00eb mjeteve, ve\u00e7an\u00ebrisht n\u00eb rrug\u00ebt n\u00ebp\u00ebr lugina, lugina lumore dhe gryka, ku ka mund\u00ebsi p\u00ebr rr\u00ebshqitje t\u00eb dheut. Kjo ve\u00e7an\u00ebrisht vlen p\u00ebr segmentet Katllanov\u00eb \u2013 Veles, Mavrov\u00eb \u2013 Dib\u00ebr \u2013 Strug\u00eb, Vinic\u00eb \u2013 Berov\u00eb dhe Ko\u00e7an \u2013 Dell\u00e7ev\u00eb.<\/p>\n","protected":false},"excerpt":{"rendered":"<p>Qarkullimi n&euml; rrug&euml;t shtet&euml;rore po zhvillohet n&euml; kushte dim&euml;rore, n&euml; rrug&euml; t&euml; lag&euml;shta me mbetje bore, pas nd&euml;rhyrjes s&euml; ekipeve t&euml; mir&euml;mbajtjes. Reshje t&euml; dob&euml;ta bore jan&euml; sh&euml;nuar n&euml; K&euml;r&ccedil;ov&euml;, Presek&euml; dhe Bukov&euml;. Ndalime p&euml;r automjete t&euml; r&euml;nda p&euml;r shkaqe parandaluese ka n&euml; akset rrugore Mavrov&euml;-Dib&euml;r, Tetov&euml;-Kodra e Diellit dhe n&euml; qaf&euml;n malore Strumic&euml;-Berov&euml;. Intensiteti [&hellip;]<\/p>\n","protected":false},"author":2,"featured_media":40136,"comment_status":"open","ping_status":"closed","sticky":false,"template":"","format":"standard","meta":{"_monsterinsights_skip_tracking":false,"_monsterinsights_sitenote_active":false,"_monsterinsights_sitenote_note":"","_monsterinsights_sitenote_category":0,"footnotes":""},"categories":[1],"tags":[],"class_list":["post-40135","post","type-post","status-publish","format-standard","has-post-thumbnail","hentry","category-vendi"],"_links":{"self":[{"href":"https:\/\/radiojehona.mk\/index.php?rest_route=\/wp\/v2\/posts\/40135","targetHints":{"allow":["GET"]}}],"collection":[{"href":"https:\/\/radiojehona.mk\/index.php?rest_route=\/wp\/v2\/posts"}],"about":[{"href":"https:\/\/radiojehona.mk\/index.php?rest_route=\/wp\/v2\/types\/post"}],"author":[{"embeddable":true,"href":"https:\/\/radiojehona.mk\/index.php?rest_route=\/wp\/v2\/users\/2"}],"replies":[{"embeddable":true,"href":"https:\/\/radiojehona.mk\/index.php?rest_route=%2Fwp%2Fv2%2Fcomments&post=40135"}],"version-history":[{"count":1,"href":"https:\/\/radiojehona.mk\/index.php?rest_route=\/wp\/v2\/posts\/40135\/revisions"}],"predecessor-version":[{"id":40137,"href":"https:\/\/radiojehona.mk\/index.php?rest_route=\/wp\/v2\/posts\/40135\/revisions\/40137"}],"wp:featuredmedia":[{"embeddable":true,"href":"https:\/\/radiojehona.mk\/index.php?rest_route=\/wp\/v2\/media\/40136"}],"wp:attachment":[{"href":"https:\/\/radiojehona.mk\/index.php?rest_route=%2Fwp%2Fv2%2Fmedia&parent=40135"}],"wp:term":[{"taxonomy":"category","embeddable":true,"href":"https:\/\/radiojehona.mk\/index.php?rest_route=%2Fwp%2Fv2%2Fcategories&post=40135"},{"taxonomy":"post_tag","embeddable":true,"href":"https:\/\/radiojehona.mk\/index.php?rest_route=%2Fwp%2Fv2%2Ftags&post=40135"}],"curies":[{"name":"wp","href":"https:\/\/api.w.org\/{rel}","templated":true}]}}