{"id":40132,"date":"2025-01-15T10:56:17","date_gmt":"2025-01-15T10:56:17","guid":{"rendered":"https:\/\/radiojehona.com\/?p=40132"},"modified":"2025-01-15T10:56:18","modified_gmt":"2025-01-15T10:56:18","slug":"moti-sot-ne-maqedonine-e-veriut-3","status":"publish","type":"post","link":"https:\/\/radiojehona.mk\/?p=40132","title":{"rendered":"Moti sot n\u00eb Maqedonin\u00eb e Veriut"},"content":{"rendered":"\n<figure class=\"wp-block-image size-large\"><img fetchpriority=\"high\" decoding=\"async\" width=\"1024\" height=\"583\" src=\"https:\/\/radiojehona.com\/wp-content\/uploads\/2025\/01\/IMG_0280-1024x583.jpeg\" alt=\"\" class=\"wp-image-39716\" srcset=\"https:\/\/radiojehona.mk\/wp-content\/uploads\/2025\/01\/IMG_0280-1024x583.jpeg 1024w, https:\/\/radiojehona.mk\/wp-content\/uploads\/2025\/01\/IMG_0280-300x171.jpeg 300w, https:\/\/radiojehona.mk\/wp-content\/uploads\/2025\/01\/IMG_0280-768x437.jpeg 768w, https:\/\/radiojehona.mk\/wp-content\/uploads\/2025\/01\/IMG_0280.jpeg 1125w\" sizes=\"(max-width: 1024px) 100vw, 1024px\" \/><\/figure>\n\n\n\n<p>Moti sot do t\u00eb jet\u00eb me vran\u00ebsira t\u00eb ndryshueshme, i ftoht\u00eb dhe me reshje t\u00eb p\u00ebrkohshme t\u00eb d\u00ebbor\u00ebs. Do t\u00eb fryj\u00eb dhe er\u00eb e dob\u00ebt deri n\u00eb mesatare nga drejtimi verior.<\/p>\n\n\n\n<p>Temperatura minimale do t\u00eb jet\u00eb n\u00eb interval prej -7 deri n\u00eb 0, nd\u00ebrsa ajo maksimale do t\u00eb arrij prej -2 deri n\u00eb 5 grad\u00eb.<\/p>\n\n\n\n<p>N\u00eb Shkup moti do t\u00eb jet\u00eb i ngjash\u00ebm, me vran\u00ebsira t\u00eb ndryshueshme dhe me kushte p\u00ebr reshje t\u00eb dob\u00ebta t\u00eb d\u00ebbor\u00ebs. Do t\u00eb fryj\u00eb dhe er\u00eb e dob\u00ebt deri n\u00eb mesatare nga drejtimi verior. Temperatura minimale do t\u00eb ulet n\u00eb -5, nd\u00ebrsa ajo maksimale do t\u00eb arrij n\u00eb 4 grad\u00eb Celsius\u00eb.<\/p>\n","protected":false},"excerpt":{"rendered":"<p>Moti sot do t&euml; jet&euml; me vran&euml;sira t&euml; ndryshueshme, i ftoht&euml; dhe me reshje t&euml; p&euml;rkohshme t&euml; d&euml;bor&euml;s. Do t&euml; fryj&euml; dhe er&euml; e dob&euml;t deri n&euml; mesatare nga drejtimi verior. Temperatura minimale do t&euml; jet&euml; n&euml; interval prej -7 deri n&euml; 0, nd&euml;rsa ajo maksimale do t&euml; arrij prej -2 deri n&euml; 5 grad&euml;. [&hellip;]<\/p>\n","protected":false},"author":2,"featured_media":39716,"comment_status":"open","ping_status":"closed","sticky":false,"template":"","format":"standard","meta":{"_monsterinsights_skip_tracking":false,"_monsterinsights_sitenote_active":false,"_monsterinsights_sitenote_note":"","_monsterinsights_sitenote_category":0,"footnotes":""},"categories":[1],"tags":[],"class_list":["post-40132","post","type-post","status-publish","format-standard","has-post-thumbnail","hentry","category-vendi"],"_links":{"self":[{"href":"https:\/\/radiojehona.mk\/index.php?rest_route=\/wp\/v2\/posts\/40132","targetHints":{"allow":["GET"]}}],"collection":[{"href":"https:\/\/radiojehona.mk\/index.php?rest_route=\/wp\/v2\/posts"}],"about":[{"href":"https:\/\/radiojehona.mk\/index.php?rest_route=\/wp\/v2\/types\/post"}],"author":[{"embeddable":true,"href":"https:\/\/radiojehona.mk\/index.php?rest_route=\/wp\/v2\/users\/2"}],"replies":[{"embeddable":true,"href":"https:\/\/radiojehona.mk\/index.php?rest_route=%2Fwp%2Fv2%2Fcomments&post=40132"}],"version-history":[{"count":2,"href":"https:\/\/radiojehona.mk\/index.php?rest_route=\/wp\/v2\/posts\/40132\/revisions"}],"predecessor-version":[{"id":40134,"href":"https:\/\/radiojehona.mk\/index.php?rest_route=\/wp\/v2\/posts\/40132\/revisions\/40134"}],"wp:featuredmedia":[{"embeddable":true,"href":"https:\/\/radiojehona.mk\/index.php?rest_route=\/wp\/v2\/media\/39716"}],"wp:attachment":[{"href":"https:\/\/radiojehona.mk\/index.php?rest_route=%2Fwp%2Fv2%2Fmedia&parent=40132"}],"wp:term":[{"taxonomy":"category","embeddable":true,"href":"https:\/\/radiojehona.mk\/index.php?rest_route=%2Fwp%2Fv2%2Fcategories&post=40132"},{"taxonomy":"post_tag","embeddable":true,"href":"https:\/\/radiojehona.mk\/index.php?rest_route=%2Fwp%2Fv2%2Ftags&post=40132"}],"curies":[{"name":"wp","href":"https:\/\/api.w.org\/{rel}","templated":true}]}}