{"id":40123,"date":"2025-01-14T16:59:08","date_gmt":"2025-01-14T16:59:08","guid":{"rendered":"https:\/\/radiojehona.com\/?p=40123"},"modified":"2025-01-14T16:59:08","modified_gmt":"2025-01-14T16:59:08","slug":"a-do-te-rriten-pagat-e-administratoreve","status":"publish","type":"post","link":"https:\/\/radiojehona.mk\/?p=40123","title":{"rendered":"A DO T\u00cb RRITEN PAGAT E ADMINISTRATOR\u00cbVE?"},"content":{"rendered":"\n<figure class=\"wp-block-image size-large\"><img fetchpriority=\"high\" decoding=\"async\" width=\"1024\" height=\"686\" src=\"https:\/\/radiojehona.com\/wp-content\/uploads\/2025\/01\/IMG_0423-1024x686.jpeg\" alt=\"\" class=\"wp-image-40124\" srcset=\"https:\/\/radiojehona.mk\/wp-content\/uploads\/2025\/01\/IMG_0423-1024x686.jpeg 1024w, https:\/\/radiojehona.mk\/wp-content\/uploads\/2025\/01\/IMG_0423-300x201.jpeg 300w, https:\/\/radiojehona.mk\/wp-content\/uploads\/2025\/01\/IMG_0423-768x515.jpeg 768w, https:\/\/radiojehona.mk\/wp-content\/uploads\/2025\/01\/IMG_0423.jpeg 1125w\" sizes=\"(max-width: 1024px) 100vw, 1024px\" \/><\/figure>\n\n\n\n<p>&nbsp;Rikthehet epoka kur pun\u00ebtor\u00ebt dalin n\u00eb rrug\u00eb p\u00ebr t\u00eb k\u00ebrkuar paga m\u00eb t\u00eb dinjitetshme. Prandaj, mos ta rikthyer koh\u00ebn m\u00eb t\u00eb kobshme kur n\u00eb krye t\u00eb vendit ishte nj\u00eb kukull si Dimitar Kova\u00e7evski qeveria aktuale duhet t\u00eb plot\u00ebsoj\u00eb k\u00ebrkesat e t\u00eb pun\u00ebsuarve, q\u00eb nuk jan\u00eb k\u00ebrkesa luksi por domosdoshm\u00ebri p\u00ebr t\u00eb mbijetuar. Edhe p\u00ebrkundur faktit q\u00eb vendi yn\u00eb ka nj\u00eb Administrat\u00eb Publike t\u00eb st\u00ebrngarkuar s\u00ebrish \u00ebsht\u00eb e nevojshme q\u00eb k\u00ebta t\u00eb pun\u00ebsuar t\u00eb marrin paga m\u00eb t\u00eb larta n\u00eb m\u00ebnyr\u00eb q\u00eb t\u00eb p\u00ebrballojn\u00eb \u00e7mimet e larta dhe rritjen e shport\u00ebs minimale sindikale, q\u00eb p\u00ebr nj\u00eb muaj p\u00ebr nj\u00eb familje kat\u00ebr an\u00ebtaresh ka arritur trefishin e pag\u00ebs minimale,&nbsp;<strong>shkruan Zhurnal.<\/strong><\/p>\n\n\n\n<p><strong>Min\u00e7ev: Fakt q\u00eb pagat n\u00eb administrat\u00eb jan\u00eb t\u00eb ul\u00ebta, rritja shtes\u00eb p\u00ebr 30 p\u00ebrqind \u00ebsht\u00eb shum\u00eb e madhe<\/strong><\/p>\n\n\n\n<p>Ministri i Administrat\u00ebs Publike, Goran Min\u00e7ev, nuk mund t\u00eb thot\u00eb n\u00ebse do t\u00eb plot\u00ebsohet k\u00ebrkesa e pun\u00ebtor\u00ebve n\u00eb disa nga ministri p\u00ebr rritje shtes\u00eb t\u00eb pagave prej 30 p\u00ebrqind. N\u00eb nj\u00eb intervist\u00eb p\u00ebr TV 24, ai nuk mohoi se pagat e punonj\u00ebsve n\u00eb Administrat\u00ebn Publike jan\u00eb t\u00eb ul\u00ebta, por mendon se shuma q\u00eb ata k\u00ebrkojn\u00eb \u00ebsht\u00eb shum\u00eb e madhe.<\/p>\n\n\n\n<p>\u201cKjo \u00e7\u00ebshtje duhet t\u00eb diskutohet me disa ministri, n\u00eb radh\u00eb t\u00eb par\u00eb me Ministrin\u00eb e Financave p\u00ebr fondet e mundshme shtes\u00eb n\u00eb buxhet q\u00eb do ta siguronin k\u00ebt\u00eb 30 p\u00ebrqind. Un\u00eb mendoj se kjo shum\u00eb \u00ebsht\u00eb shum\u00eb e madhe. Fakti \u00ebsht\u00eb q\u00eb pagat n\u00eb administrat\u00eb jan\u00eb t\u00eb ul\u00ebta por ka dy opsione, marr\u00ebveshje kolektive p\u00ebr t\u00eb gjith\u00eb, ose marr\u00ebveshje kolektive individuale p\u00ebr \u00e7do institucion ve\u00e7mas\u201d, tha Min\u00e7ev.<\/p>\n\n\n\n<p>I pyetur n\u00ebse t\u00eb pun\u00ebsuarit n\u00eb disa nga ministrit\u00eb do t\u00eb marrin shtes\u00ebn e k\u00ebrkuar prej 30 p\u00ebrqind n\u00eb pag\u00eb, ministri tha:<\/p>\n\n\n\n<p>\u201cUn\u00eb nuk mund t\u2019i p\u00ebrgjigjem k\u00ebsaj pyetje. Kjo \u00ebsht\u00eb \u00e7\u00ebshtje diskutimi me sindikatat n\u00eb nj\u00eb kontekst m\u00eb t\u00eb gjer\u00eb.\u201d<\/p>\n\n\n\n<p>Ai theksoi se k\u00ebrkes\u00ebs s\u00eb tyre mund t\u2019i p\u00ebrgjigjet kur t\u00eb sigurohen fondet p\u00ebrmes Ministris\u00eb s\u00eb Financave. Sipas tij p\u00ebr k\u00ebt\u00eb nevojitet koh\u00eb sepse kan\u00eb gjetur vrima t\u00eb m\u00ebdha n\u00eb buxhet nga paraardh\u00ebsit e tyre dhe shtoi se problemet e grumbulluara gjat\u00eb 30 viteve t\u00eb fundit nuk mund t\u00eb zgjidhen brenda nat\u00ebs.<\/p>\n\n\n\n<p>Ministri informoi se ka pasur takim me kryetarin e sindikat\u00ebs s\u00eb pun\u00ebtor\u00ebve, ku jan\u00eb pajtuar q\u00eb t\u00eb paraqesin v\u00ebrejtje me shkrim p\u00ebr ligjet e administrat\u00ebs publike me t\u00eb cilat nuk pajtohen dhe t\u00eb takohen n\u00eb gjysm\u00ebn e dyt\u00eb t\u00eb jav\u00ebs s\u00eb ardhshme p\u00ebr t\u00eb diskutuar se \u00e7far\u00eb mund t\u00eb p\u00ebrdoret p\u00ebr p\u00ebrmir\u00ebsimin e k\u00ebtyre zgjidhjeve ligjore.<\/p>\n\n\n\n<p>Kujtojm\u00eb se m\u00eb 10 janar Trpe Deanoski, kryetar i Sindikat\u00ebs s\u00eb pun\u00ebtor\u00ebve t\u00eb administrat\u00ebs s\u00eb organeve gjyq\u00ebsore dhe shoqatave t\u00eb qytetar\u00ebve, njoftoi se t\u00eb pun\u00ebsuarit nga gjasht\u00eb ministri si dhe nga Enti Shtet\u00ebror i Statistikave t\u00eb mart\u00ebn do t\u00eb dalin n\u00eb protest\u00eb, sepse nuk \u00ebsht\u00eb aprovuar rritja e shtes\u00eb n\u00eb paga prej 30 p\u00ebrqind.<\/p>\n\n\n\n<p><strong>Numri i qytetar\u00ebve t\u00eb varf\u00ebr shkon n\u00eb rritje \u2013&nbsp;<\/strong><\/p>\n\n\n\n<p>Kostoja e jetes\u00ebs po rritet me shpejt\u00ebsi t\u00eb madhe saq\u00eb qytetar\u00ebt edhe po zihen n\u00eb befasi. Jemi d\u00ebshmitar\u00eb se \u00e7mimet e shum\u00eb produkteve ushqimore jan\u00eb rritur jasht\u00ebzakonisht shum\u00eb, edhe p\u00ebrkund\u00ebr faktit q\u00eb kishte disa masa p\u00ebr ngrirje t\u00eb \u00e7mimeve, s\u00ebrish gjendja e \u00e7mimeve mbetet shqet\u00ebsim kryesor i qytetar\u00ebve. Si gjithmon\u00eb, m\u00eb t\u00eb prekurit do t\u00eb jen\u00eb ata q\u00eb deri tani kan\u00eb jetuar me t\u00eb ardhura t\u00eb ul\u00ebta, ose fare pa t\u00eb ardhura q\u00eb kan\u00eb qen\u00eb n\u00ebn m\u00ebshir\u00ebn e humanizmit.<\/p>\n\n\n\n<p>Tashm\u00eb po b\u00ebhen llogarit\u00eb se p\u00ebr \u00e7far\u00eb kemi para dhe p\u00ebr \u00e7far\u00eb nuk kemi dhe po b\u00ebhen kompromise p\u00ebr cil\u00ebsin\u00eb e ushqimit dhe strehimit. Pritet q\u00eb nj\u00eb pjes\u00eb e qytetar\u00ebve t\u00eb cil\u00ebt n\u00eb t\u00eb kaluar\u00ebn ishin n\u00eb rrezik t\u00eb varf\u00ebris\u00eb t\u00eb bien n\u00ebn pragun dhe po pritet t\u00eb rritet numri i t\u00eb varf\u00ebrve. Fatkeq\u00ebsisht, qytetar\u00ebt q\u00eb ende jetojn\u00eb n\u00ebn at\u00eb vij\u00eb do t\u00eb gjenden n\u00eb nj\u00eb situat\u00eb edhe m\u00eb t\u00eb pafavorshme, pa kushte minimale p\u00ebr nj\u00eb jet\u00eb me dinjitet.<\/p>\n\n\n\n<p>Ndryshe, me k\u00ebt\u00eb dinamik\u00eb ekonomike numri i qytetar\u00ebve t\u00eb varf\u00ebr vet\u00ebm se do t\u00eb rritet edhe m\u00eb shum\u00eb, nd\u00ebrkaq ata q\u00eb ve\u00e7m\u00eb jan\u00eb t\u00eb varf\u00ebr do ta ken\u00eb edhe m\u00eb t\u00eb v\u00ebshtir\u00eb t\u00eb p\u00ebrballen me shpenzimet e p\u00ebrditshme q\u00eb tashm\u00eb jan\u00eb ve\u00e7se me \u00e7mime shum\u00ebfish m\u00eb t\u00eb larta.<\/p>\n\n\n\n<p>Situat\u00eb jo e leht\u00eb p\u00ebr tu p\u00ebrballuar p\u00ebr qytetar\u00ebt e Maqedonis\u00eb s\u00eb Veriut, pasi rritja e \u00e7mimeve u b\u00eb tradit\u00eb e zakonshme madje edhe javore q\u00eb \u00e7do jav\u00eb pothuajse kishte ndryshim \u00e7mimesh, nuk dihej se cilat masa dhe \u00e7far\u00eb ndikimi kishin ato masa antikriz\u00eb t\u00eb marra nga Qeveria, sepse n\u00eb praktik\u00eb secili qytetar\u00eb \u00ebsht\u00eb n\u00eb kriz\u00eb t\u00eb thell\u00eb. Shpenzimet mujore me t\u00eb hyrat jan\u00eb n\u00eb nj\u00eb diskrepanc\u00eb shum\u00eb t\u00eb madhe me \u00e7ka qytetar\u00ebt edhe po d\u00ebshp\u00ebrohen dhe shpres\u00eb po k\u00ebrkojn\u00eb jasht\u00eb vendit.<\/p>\n\n\n\n<p>Shpresa e ka humbur rrug\u00ebn n\u00eb Maqedonin\u00eb e Veriut, madje \u00ebsht\u00eb absurditet t\u00eb d\u00ebgjohet prej ndokujt q\u00eb shpreson q\u00eb gjendja do t\u00eb ndryshoj n\u00eb aspekt pozitiv. T\u00eb rinjt\u00eb nuk shohin t\u00eb ardhme, t\u00eb pun\u00ebsuarit t\u00eb pa k\u00ebnaqur me pagat, t\u00eb moshuarit me pensione q\u00eb as p\u00ebr kontrolle mjek\u00ebsore nuk jan\u00eb t\u00eb mjaftueshme. Pra, e gjith\u00eb kjo katrahur\u00eb shkakton kriz\u00eb edhe m\u00eb t\u00eb thell\u00eb n\u00eb Maqedonin\u00eb e Veriut, q\u00eb do t\u00eb futemi n\u00eb \u201ckriz\u00eb qytetar\u00ebsh\u201d, ku vendi do t\u00eb zbrazet dhe do t\u00eb b\u00ebhet i pa banuesh\u00ebm.&nbsp;<strong>\/Zhurnal.mk<\/strong><\/p>\n","protected":false},"excerpt":{"rendered":"<p>&nbsp;Rikthehet epoka kur pun&euml;tor&euml;t dalin n&euml; rrug&euml; p&euml;r t&euml; k&euml;rkuar paga m&euml; t&euml; dinjitetshme. Prandaj, mos ta rikthyer koh&euml;n m&euml; t&euml; kobshme kur n&euml; krye t&euml; vendit ishte nj&euml; kukull si Dimitar Kova&ccedil;evski qeveria aktuale duhet t&euml; plot&euml;soj&euml; k&euml;rkesat e t&euml; pun&euml;suarve, q&euml; nuk jan&euml; k&euml;rkesa luksi por domosdoshm&euml;ri p&euml;r t&euml; mbijetuar. Edhe p&euml;rkundur faktit [&hellip;]<\/p>\n","protected":false},"author":2,"featured_media":40124,"comment_status":"open","ping_status":"closed","sticky":false,"template":"","format":"standard","meta":{"_monsterinsights_skip_tracking":false,"_monsterinsights_sitenote_active":false,"_monsterinsights_sitenote_note":"","_monsterinsights_sitenote_category":0,"footnotes":""},"categories":[1],"tags":[],"class_list":["post-40123","post","type-post","status-publish","format-standard","has-post-thumbnail","hentry","category-vendi"],"_links":{"self":[{"href":"https:\/\/radiojehona.mk\/index.php?rest_route=\/wp\/v2\/posts\/40123","targetHints":{"allow":["GET"]}}],"collection":[{"href":"https:\/\/radiojehona.mk\/index.php?rest_route=\/wp\/v2\/posts"}],"about":[{"href":"https:\/\/radiojehona.mk\/index.php?rest_route=\/wp\/v2\/types\/post"}],"author":[{"embeddable":true,"href":"https:\/\/radiojehona.mk\/index.php?rest_route=\/wp\/v2\/users\/2"}],"replies":[{"embeddable":true,"href":"https:\/\/radiojehona.mk\/index.php?rest_route=%2Fwp%2Fv2%2Fcomments&post=40123"}],"version-history":[{"count":2,"href":"https:\/\/radiojehona.mk\/index.php?rest_route=\/wp\/v2\/posts\/40123\/revisions"}],"predecessor-version":[{"id":40126,"href":"https:\/\/radiojehona.mk\/index.php?rest_route=\/wp\/v2\/posts\/40123\/revisions\/40126"}],"wp:featuredmedia":[{"embeddable":true,"href":"https:\/\/radiojehona.mk\/index.php?rest_route=\/wp\/v2\/media\/40124"}],"wp:attachment":[{"href":"https:\/\/radiojehona.mk\/index.php?rest_route=%2Fwp%2Fv2%2Fmedia&parent=40123"}],"wp:term":[{"taxonomy":"category","embeddable":true,"href":"https:\/\/radiojehona.mk\/index.php?rest_route=%2Fwp%2Fv2%2Fcategories&post=40123"},{"taxonomy":"post_tag","embeddable":true,"href":"https:\/\/radiojehona.mk\/index.php?rest_route=%2Fwp%2Fv2%2Ftags&post=40123"}],"curies":[{"name":"wp","href":"https:\/\/api.w.org\/{rel}","templated":true}]}}