{"id":40119,"date":"2025-01-14T16:56:22","date_gmt":"2025-01-14T16:56:22","guid":{"rendered":"https:\/\/radiojehona.com\/?p=40119"},"modified":"2025-01-14T16:56:22","modified_gmt":"2025-01-14T16:56:22","slug":"arben-fetai-qeveria-ndau-118-milione-denare-per-ndertimin-e-godines-se-re-te-gjimnazit-sami-frasheri-ne-kumanove","status":"publish","type":"post","link":"https:\/\/radiojehona.mk\/?p=40119","title":{"rendered":"Arben Fetai: Qeveria ndau 118 milion\u00eb denar\u00eb p\u00ebr nd\u00ebrtimin e godin\u00ebs s\u00eb re t\u00eb Gjimnazit \u201cSami Frash\u00ebri\u201d n\u00eb Kumanov\u00eb"},"content":{"rendered":"\n<figure class=\"wp-block-image size-large\"><img fetchpriority=\"high\" decoding=\"async\" width=\"1024\" height=\"617\" src=\"https:\/\/radiojehona.com\/wp-content\/uploads\/2025\/01\/IMG_0422-1024x617.jpeg\" alt=\"\" class=\"wp-image-40120\" srcset=\"https:\/\/radiojehona.mk\/wp-content\/uploads\/2025\/01\/IMG_0422-1024x617.jpeg 1024w, https:\/\/radiojehona.mk\/wp-content\/uploads\/2025\/01\/IMG_0422-300x181.jpeg 300w, https:\/\/radiojehona.mk\/wp-content\/uploads\/2025\/01\/IMG_0422-768x463.jpeg 768w, https:\/\/radiojehona.mk\/wp-content\/uploads\/2025\/01\/IMG_0422.jpeg 1125w\" sizes=\"(max-width: 1024px) 100vw, 1024px\" \/><\/figure>\n\n\n\n<p>Z\u00ebvend\u00ebskryeministri p\u00ebr Qeverisje t\u00eb mir\u00eb dhe luftimin e korrupsionit Arben Fetai ka njoftuar se qeveria n\u00eb mbledhjen e sotme ka ndar\u00eb 118 milion\u00eb denar\u00eb p\u00ebr nd\u00ebrtimin e godin\u00eb s\u00eb gjimnazit \u201cSami Frash\u00ebri\u201d n\u00eb Kumanov\u00eb.<\/p>\n\n\n\n<p>\u201cSot, Qeveria miratoi programin vjetor p\u00ebr nd\u00ebrtimin dhe rinovimin e shkollave p\u00ebr vitin 2025. Me k\u00ebt\u00eb, Kumanova po b\u00ebhet me nj\u00eb godin\u00eb t\u00eb re dhe moderne p\u00ebr Gjimnazin Sami Frash\u00ebri, p\u00ebr t\u00eb nd\u00ebrtimin e s\u00eb cil\u00ebs kemi ndar\u00eb 118 milion\u00eb denar\u00eb\u201d, ka shkruar mes tjerash Fetai.<\/p>\n","protected":false},"excerpt":{"rendered":"<p>Z&euml;vend&euml;skryeministri p&euml;r Qeverisje t&euml; mir&euml; dhe luftimin e korrupsionit Arben Fetai ka njoftuar se qeveria n&euml; mbledhjen e sotme ka ndar&euml; 118 milion&euml; denar&euml; p&euml;r nd&euml;rtimin e godin&euml; s&euml; gjimnazit &ldquo;Sami Frash&euml;ri&rdquo; n&euml; Kumanov&euml;. &ldquo;Sot, Qeveria miratoi programin vjetor p&euml;r nd&euml;rtimin dhe rinovimin e shkollave p&euml;r vitin 2025. Me k&euml;t&euml;, Kumanova po b&euml;het me nj&euml; [&hellip;]<\/p>\n","protected":false},"author":2,"featured_media":40120,"comment_status":"open","ping_status":"closed","sticky":false,"template":"","format":"standard","meta":{"_monsterinsights_skip_tracking":false,"_monsterinsights_sitenote_active":false,"_monsterinsights_sitenote_note":"","_monsterinsights_sitenote_category":0,"footnotes":""},"categories":[1],"tags":[],"class_list":["post-40119","post","type-post","status-publish","format-standard","has-post-thumbnail","hentry","category-vendi"],"_links":{"self":[{"href":"https:\/\/radiojehona.mk\/index.php?rest_route=\/wp\/v2\/posts\/40119","targetHints":{"allow":["GET"]}}],"collection":[{"href":"https:\/\/radiojehona.mk\/index.php?rest_route=\/wp\/v2\/posts"}],"about":[{"href":"https:\/\/radiojehona.mk\/index.php?rest_route=\/wp\/v2\/types\/post"}],"author":[{"embeddable":true,"href":"https:\/\/radiojehona.mk\/index.php?rest_route=\/wp\/v2\/users\/2"}],"replies":[{"embeddable":true,"href":"https:\/\/radiojehona.mk\/index.php?rest_route=%2Fwp%2Fv2%2Fcomments&post=40119"}],"version-history":[{"count":2,"href":"https:\/\/radiojehona.mk\/index.php?rest_route=\/wp\/v2\/posts\/40119\/revisions"}],"predecessor-version":[{"id":40122,"href":"https:\/\/radiojehona.mk\/index.php?rest_route=\/wp\/v2\/posts\/40119\/revisions\/40122"}],"wp:featuredmedia":[{"embeddable":true,"href":"https:\/\/radiojehona.mk\/index.php?rest_route=\/wp\/v2\/media\/40120"}],"wp:attachment":[{"href":"https:\/\/radiojehona.mk\/index.php?rest_route=%2Fwp%2Fv2%2Fmedia&parent=40119"}],"wp:term":[{"taxonomy":"category","embeddable":true,"href":"https:\/\/radiojehona.mk\/index.php?rest_route=%2Fwp%2Fv2%2Fcategories&post=40119"},{"taxonomy":"post_tag","embeddable":true,"href":"https:\/\/radiojehona.mk\/index.php?rest_route=%2Fwp%2Fv2%2Ftags&post=40119"}],"curies":[{"name":"wp","href":"https:\/\/api.w.org\/{rel}","templated":true}]}}