{"id":40103,"date":"2025-01-13T20:42:52","date_gmt":"2025-01-13T20:42:52","guid":{"rendered":"https:\/\/radiojehona.com\/?p=40103"},"modified":"2025-01-13T20:42:53","modified_gmt":"2025-01-13T20:42:53","slug":"bora-e-pastron-ajrin-ne-shkup","status":"publish","type":"post","link":"https:\/\/radiojehona.mk\/?p=40103","title":{"rendered":"Bora e pastron ajrin n\u00eb Shkup"},"content":{"rendered":"\n<figure class=\"wp-block-image size-full\"><img fetchpriority=\"high\" decoding=\"async\" width=\"780\" height=\"439\" src=\"https:\/\/radiojehona.com\/wp-content\/uploads\/2025\/01\/IMG_1003.png\" alt=\"\" class=\"wp-image-40104\" srcset=\"https:\/\/radiojehona.mk\/wp-content\/uploads\/2025\/01\/IMG_1003.png 780w, https:\/\/radiojehona.mk\/wp-content\/uploads\/2025\/01\/IMG_1003-300x169.png 300w, https:\/\/radiojehona.mk\/wp-content\/uploads\/2025\/01\/IMG_1003-768x432.png 768w\" sizes=\"(max-width: 780px) 100vw, 780px\" \/><\/figure>\n\n\n\n<p>Bora q\u00eb ka r\u00ebn\u00eb n\u00eb Shkup dje dhe sot, e ka pastruar ajrin n\u00eb kryeqytet.<\/p>\n\n\n\n<p>T\u00eb dh\u00ebnat m\u00eb t\u00eb fundit t\u00eb p\u00ebrdit\u00ebsuara nga faqja e specializuar p\u00ebr matjen e cil\u00ebsis\u00eb s\u00eb ajrit IQAir, Shkupin e rendit e 73-ta n\u00eb bot\u00eb me indeks prej 53.<\/p>\n\n\n\n<p>Shkupi n\u00eb fillim t\u00eb k\u00ebtij viti ishte nd\u00ebr 10 qytetet m\u00eb t\u00eb ndotura n\u00eb bot\u00eb dhe i pari n\u00eb Evrop\u00eb.<\/p>\n\n\n\n<p>Sipas nj\u00eb raporti t\u00eb fundit t\u00eb Komisionit Evropian dhe Organizat\u00ebs p\u00ebr Bashk\u00ebpunim Ekonomik dhe Zhvillim (OECD), Maqedonia \u00ebsht\u00eb nd\u00ebr vendet m\u00eb t\u00eb prekura nga ndotja e ajrit, q\u00eb do t\u00eb thot\u00eb se ka m\u00eb shum\u00eb vdekje si pasoj\u00eb e ajrit t\u00eb ndotur.<\/p>\n","protected":false},"excerpt":{"rendered":"<p>Bora q&euml; ka r&euml;n&euml; n&euml; Shkup dje dhe sot, e ka pastruar ajrin n&euml; kryeqytet. T&euml; dh&euml;nat m&euml; t&euml; fundit t&euml; p&euml;rdit&euml;suara nga faqja e specializuar p&euml;r matjen e cil&euml;sis&euml; s&euml; ajrit IQAir, Shkupin e rendit e 73-ta n&euml; bot&euml; me indeks prej 53. Shkupi n&euml; fillim t&euml; k&euml;tij viti ishte nd&euml;r 10 qytetet m&euml; [&hellip;]<\/p>\n","protected":false},"author":2,"featured_media":40104,"comment_status":"open","ping_status":"closed","sticky":false,"template":"","format":"standard","meta":{"_monsterinsights_skip_tracking":false,"_monsterinsights_sitenote_active":false,"_monsterinsights_sitenote_note":"","_monsterinsights_sitenote_category":0,"footnotes":""},"categories":[1],"tags":[],"class_list":["post-40103","post","type-post","status-publish","format-standard","has-post-thumbnail","hentry","category-vendi"],"_links":{"self":[{"href":"https:\/\/radiojehona.mk\/index.php?rest_route=\/wp\/v2\/posts\/40103","targetHints":{"allow":["GET"]}}],"collection":[{"href":"https:\/\/radiojehona.mk\/index.php?rest_route=\/wp\/v2\/posts"}],"about":[{"href":"https:\/\/radiojehona.mk\/index.php?rest_route=\/wp\/v2\/types\/post"}],"author":[{"embeddable":true,"href":"https:\/\/radiojehona.mk\/index.php?rest_route=\/wp\/v2\/users\/2"}],"replies":[{"embeddable":true,"href":"https:\/\/radiojehona.mk\/index.php?rest_route=%2Fwp%2Fv2%2Fcomments&post=40103"}],"version-history":[{"count":2,"href":"https:\/\/radiojehona.mk\/index.php?rest_route=\/wp\/v2\/posts\/40103\/revisions"}],"predecessor-version":[{"id":40106,"href":"https:\/\/radiojehona.mk\/index.php?rest_route=\/wp\/v2\/posts\/40103\/revisions\/40106"}],"wp:featuredmedia":[{"embeddable":true,"href":"https:\/\/radiojehona.mk\/index.php?rest_route=\/wp\/v2\/media\/40104"}],"wp:attachment":[{"href":"https:\/\/radiojehona.mk\/index.php?rest_route=%2Fwp%2Fv2%2Fmedia&parent=40103"}],"wp:term":[{"taxonomy":"category","embeddable":true,"href":"https:\/\/radiojehona.mk\/index.php?rest_route=%2Fwp%2Fv2%2Fcategories&post=40103"},{"taxonomy":"post_tag","embeddable":true,"href":"https:\/\/radiojehona.mk\/index.php?rest_route=%2Fwp%2Fv2%2Ftags&post=40103"}],"curies":[{"name":"wp","href":"https:\/\/api.w.org\/{rel}","templated":true}]}}