{"id":40087,"date":"2025-01-12T15:57:28","date_gmt":"2025-01-12T15:57:28","guid":{"rendered":"https:\/\/radiojehona.com\/?p=40087"},"modified":"2025-01-12T15:57:28","modified_gmt":"2025-01-12T15:57:28","slug":"gjermania-per-kontroll-te-instagram-it-dhe-facebook-ut","status":"publish","type":"post","link":"https:\/\/radiojehona.mk\/?p=40087","title":{"rendered":"Gjermania p\u00ebr kontroll t\u00eb Instagram-it dhe Facebook-ut"},"content":{"rendered":"\n<figure class=\"wp-block-image size-full\"><img fetchpriority=\"high\" decoding=\"async\" width=\"780\" height=\"439\" src=\"https:\/\/radiojehona.com\/wp-content\/uploads\/2025\/01\/Screenshot-2025-01-11-163058-780x439-1.png\" alt=\"\" class=\"wp-image-40089\" srcset=\"https:\/\/radiojehona.mk\/wp-content\/uploads\/2025\/01\/Screenshot-2025-01-11-163058-780x439-1.png 780w, https:\/\/radiojehona.mk\/wp-content\/uploads\/2025\/01\/Screenshot-2025-01-11-163058-780x439-1-300x169.png 300w, https:\/\/radiojehona.mk\/wp-content\/uploads\/2025\/01\/Screenshot-2025-01-11-163058-780x439-1-768x432.png 768w\" sizes=\"(max-width: 780px) 100vw, 780px\" \/><\/figure>\n\n\n\n<p>Njoftimi i kreut t\u00eb koncernit global t\u00eb internetit,&nbsp;<em>Meta<\/em>, Mark Zuckerberg, mund t\u00eb ket\u00eb pasoja t\u00eb r\u00ebnda p\u00ebr Gjermanin\u00eb dhe Evrop\u00ebn n\u00eb plan afatmes\u00ebm. N\u00eb nj\u00eb video-mesazh, shpik\u00ebsi i&nbsp;<em>Facebook<\/em>-ut njoftoi se do t\u00eb hiqte dor\u00eb nga kontrollet e fakteve n\u00eb platformat e tij si&nbsp;<em>Facebook<\/em>&nbsp;dhe&nbsp;<em>Instagram<\/em>&nbsp;n\u00eb t\u00eb ardhmen, duke filluar n\u00eb ShBA.<\/p>\n\n\n\n<p>Kompania me baz\u00eb n\u00eb Kaliforni, tha Zuckerberg, do t\u00eb rishikoj\u00eb ndjesh\u00ebm politikat e saj t\u00eb moderimit t\u00eb p\u00ebrmbajtjes dhe do t\u2019i jap\u00eb fund programit t\u00eb saj t\u00eb kontrollit t\u00eb fakteve nga pal\u00ebt e treta. Zuckerbergu fjal\u00eb p\u00ebr fjal\u00eb tha: \u201cKemi arritur nj\u00eb pik\u00eb ku kishte shum\u00eb gabime dhe shum\u00eb censur\u00eb. Zgjedhjet e fundit ishin nj\u00eb pik\u00eb kthese kulturore drejt fjal\u00ebs s\u00eb lir\u00eb\u201d. Kontrolluesit e fakteve nuk do t\u00eb na nevojiten m\u00eb, tha miliarderi. Ata kan\u00eb qen\u00eb t\u00eb nj\u00ebansh\u00ebm politikisht dhe \u201cshkat\u00ebrruan m\u00eb shum\u00eb sesa krijuan besim, ve\u00e7an\u00ebrisht n\u00eb ShBA\u201d. Kontrolluesit e fakteve kan\u00eb qen\u00eb m\u00eb par\u00eb punonj\u00ebs t\u00eb agjencive t\u00eb njohura t\u00eb lajmeve si AFP dhe Reuters, dhe ata kontrollonin p\u00ebrmbajtjen e platformave n\u00eb 26 gjuh\u00eb.<\/p>\n\n\n\n<p>Zuckerbergu e justifikoi k\u00ebt\u00eb hap p\u00ebr pes\u00eb minuta n\u00eb video. Ai padyshim reagoi edhe ndaj kritikave q\u00eb shum\u00eb republikan\u00eb t\u00eb ShBA-s\u00eb, p\u00ebrfshir\u00eb t\u00eb besuarin e Presidentit t\u00eb ardhsh\u00ebm, Donald Trump \u2013 shefin e&nbsp;<em>Tesla<\/em>-s, Elon Musk \u2013 kishin shprehur vazhdimisht p\u00ebr kontrollin e p\u00ebrmbajtjeve n\u00eb platformat e tij.<\/p>\n\n\n\n<p>N\u00eb BE dhe Gjermani, reagimi pas njoftimit t\u00eb Zuckerberg \u00ebsht\u00eb m\u00eb shum\u00eb i p\u00ebrmbajtur, gj\u00eb q\u00eb mund t\u00eb ket\u00eb t\u00eb b\u00ebj\u00eb edhe me faktin se fundi i kontrolleve, p\u00ebr shembull p\u00ebr p\u00ebrmbajtjet seksiste ose ekstremiste t\u00eb krahut t\u00eb djatht\u00eb, fillimisht nuk vlen p\u00ebr Evrop\u00ebn. Sepse, me Aktin e Sh\u00ebrbimeve Digjitale (DSA),&nbsp; zbatohen nd\u00ebrkoh\u00eb rregulla m\u00eb t\u00eb rrepta n\u00eb BE sesa n\u00eb Amerik\u00eb,<\/p>\n\n\n\n<p>megjith\u00ebse kontrolluesit e fakteve nuk p\u00ebrmenden n\u00eb m\u00ebnyr\u00eb eksplicite n\u00eb t\u00eb. Ligji evropian k\u00ebrkon q\u00eb platformat e m\u00ebdha n\u00eb internet t\u00eb nd\u00ebrmarrin veprime kund\u00ebr urrejtjes dhe gjuh\u00ebs s\u00eb urrejtjes, si dhe p\u00ebrmbajtjeve t\u00eb tjera t\u00eb paligjshme n\u00eb internet. Dhe, kjo v\u00ebshtir\u00eb se \u00ebsht\u00eb e mundur pa ndihm\u00ebn e ekspert\u00ebve t\u00eb jasht\u00ebm. N\u00eb rast shkeljesh, kompanit\u00eb e internetit p\u00ebrballen me gjoba deri n\u00eb gjasht\u00eb p\u00ebr qind t\u00eb xhiros s\u00eb tyre globale vjetore. Ligji \u00ebsht\u00eb n\u00eb fuqi n\u00eb Gjermani q\u00eb nga maji 2024.<\/p>\n\n\n\n<p>Ministri gjerman p\u00ebr \u00c7\u00ebshtjet e Digjitalizimit, Volker Wissing (ish-FDP), i cili aktualisht ndodhet n\u00eb ShBA, iu referua gjithashtu k\u00ebtij dallimi ekzistues midis BE dhe ShBA-s\u00eb dhe komentoi njoftimin e Zuckerbergut: \u201cNe e marrim k\u00ebt\u00eb shum\u00eb seriozisht. Ne jemi n\u00eb \u00e7do koh\u00eb gati t\u00eb veprojm\u00eb me vendosm\u00ebri dhe t\u00eb p\u00ebrshtatim rregulloret, n\u00ebse v\u00ebrejm\u00eb se kompani si&nbsp;<em>Meta<\/em>&nbsp;nuk po plot\u00ebsojn\u00eb nevoj\u00ebn ton\u00eb p\u00ebr informacion t\u00eb sigurt dhe t\u00eb verifikuar. Ne nuk do t\u00eb lejojm\u00eb q\u00eb demokracia jon\u00eb t\u00eb sfidohet\u201d.<\/p>\n\n\n\n<p>Edhe Sekretari i P\u00ebrgjithsh\u00ebm i SPD-s\u00eb, Matthias Miersch, tha se n\u00ebse Zuckerbergu nuk merr m\u00eb masa kund\u00ebr \u201clajmeve t\u00eb rreme\u201d, do t\u00eb ngrihej gjithashtu \u201c\u00e7\u00ebshtja e veprave penale\u201d k\u00ebtu. Miersch iu referua akuzave p\u00ebr ndikim zgjedhor nga platformat e internetit, p\u00ebr shembull n\u00eb Rumani. Di\u00e7ka e till\u00eb do t\u00eb thot\u00eb \u201cminim i strukturave themelore demokratike\u201d.<\/p>\n\n\n\n<p>Z\u00ebdh\u00ebn\u00ebsi i kancelarit, Olaf Scholz (SPD), Steffen Hebestreit, b\u00ebri nj\u00eb deklarat\u00eb t\u00eb ngjashme. Ai tha t\u00eb m\u00ebrkur\u00ebn n\u00eb Berlin: \u201cNe kemi besim t\u00eb plot\u00eb tek Komisioni i BE-s\u00eb se ai po b\u00ebn pun\u00ebn e tij\u201d. Dhe, i pyetur nga DW, kandidati p\u00ebr kancelar dhe lideri i CDU-s\u00eb konservatore, Friedrich Merz, tha t\u00eb m\u00ebrkur\u00ebn n\u00eb Seon t\u00eb Bavaris\u00eb: \u201cUn\u00eb po e shikoj k\u00ebt\u00eb me shqet\u00ebsim n\u00eb rritje. Kur b\u00ebhet fjal\u00eb p\u00ebr \u00e7\u00ebshtjen e kontrollit demokratik, legjitimitetit dhe baz\u00ebs ligjore, bota digjitale nuk \u00ebsht\u00eb gj\u00eb tjet\u00ebr ve\u00e7se analoge\u201d. Dhe, n\u00eb fakt nuk ka vend p\u00ebr agjitacion dhe urrejtje as atje.<\/p>\n\n\n\n<p>Lajmi nga ShBA-ja shkaktoi zem\u00ebrim edhe tek ekspert\u00ebt gjerman\u00eb t\u00eb internetit. Eksperti digjital, Markus Beckedahl, e p\u00ebrshkroi vendimin e Zuckerbergut si nj\u00eb \u201ckthes\u00eb 180 grad\u00eb\u201d. N\u00eb ZDF, Televizionin e Dyt\u00eb Gjerman, Beckedahl, themelues dhe kryeredaktor i blogut&nbsp;<em>Netzpolitik.org<\/em>&nbsp;dhe bashk\u00ebiniciator i konferenc\u00ebs&nbsp;<em>Re: Publica<\/em>, e quajti hapin e kreut t\u00eb&nbsp;<em>Meta<\/em>-s nj\u00eb p\u00ebrulje ndaj Donald Trumpit dhe administrat\u00ebs s\u00eb tij t\u00eb ardhshme.<\/p>\n\n\n\n<p>Pothuajse t\u00eb gjitha d\u00ebshirat dhe k\u00ebrkesat e Partis\u00eb Republikane, si heqja e kontrolleve t\u00eb fakteve dhe zbatimi i \u201cliris\u00eb radikale t\u00eb fjal\u00ebs n\u00eb t\u00eb gjitha platformat\u201d, jan\u00eb tashm\u00eb politikat e&nbsp;<em>Meta<\/em>-s, thot\u00eb Beckedahl.<\/p>\n\n\n\n<p>Zuckerbergu kishte theksuar vite m\u00eb par\u00eb se kanalet e tij t\u00eb mediave sociale nuk ishin aty p\u00ebr p\u00ebrhapje t\u00eb urrejtjes dhe nxitjes s\u00eb saj, gj\u00eb q\u00eb p\u00ebr t\u00eb cil\u00ebn ai do t\u00eb tregonte v\u00ebmendje.<\/p>\n\n\n\n<p>Por, edhe n\u00eb Berlin ka edhe p\u00ebrkrah\u00ebs t\u00eb ndryshimit q\u00eb b\u00ebri t\u00eb ditur Zuckerbergu . Deputeti i FDP-s\u00eb, Wolfgang Kubicki, n\u00ebnkryetar i Bundestagut gjerman, e p\u00ebrsh\u00ebndeti vendimin e Meta-s, si \u201clajm t\u00eb mir\u00eb p\u00ebr fjal\u00ebn e lir\u00eb\u201d. \/DW\/<\/p>\n","protected":false},"excerpt":{"rendered":"<p>Njoftimi i kreut t&euml; koncernit global t&euml; internetit,&nbsp;Meta, Mark Zuckerberg, mund t&euml; ket&euml; pasoja t&euml; r&euml;nda p&euml;r Gjermanin&euml; dhe Evrop&euml;n n&euml; plan afatmes&euml;m. N&euml; nj&euml; video-mesazh, shpik&euml;si i&nbsp;Facebook-ut njoftoi se do t&euml; hiqte dor&euml; nga kontrollet e fakteve n&euml; platformat e tij si&nbsp;Facebook&nbsp;dhe&nbsp;Instagram&nbsp;n&euml; t&euml; ardhmen, duke filluar n&euml; ShBA. Kompania me baz&euml; n&euml; Kaliforni, tha [&hellip;]<\/p>\n","protected":false},"author":2,"featured_media":40089,"comment_status":"open","ping_status":"closed","sticky":false,"template":"","format":"standard","meta":{"_monsterinsights_skip_tracking":false,"_monsterinsights_sitenote_active":false,"_monsterinsights_sitenote_note":"","_monsterinsights_sitenote_category":0,"footnotes":""},"categories":[569],"tags":[],"class_list":["post-40087","post","type-post","status-publish","format-standard","has-post-thumbnail","hentry","category-bota"],"_links":{"self":[{"href":"https:\/\/radiojehona.mk\/index.php?rest_route=\/wp\/v2\/posts\/40087","targetHints":{"allow":["GET"]}}],"collection":[{"href":"https:\/\/radiojehona.mk\/index.php?rest_route=\/wp\/v2\/posts"}],"about":[{"href":"https:\/\/radiojehona.mk\/index.php?rest_route=\/wp\/v2\/types\/post"}],"author":[{"embeddable":true,"href":"https:\/\/radiojehona.mk\/index.php?rest_route=\/wp\/v2\/users\/2"}],"replies":[{"embeddable":true,"href":"https:\/\/radiojehona.mk\/index.php?rest_route=%2Fwp%2Fv2%2Fcomments&post=40087"}],"version-history":[{"count":1,"href":"https:\/\/radiojehona.mk\/index.php?rest_route=\/wp\/v2\/posts\/40087\/revisions"}],"predecessor-version":[{"id":40090,"href":"https:\/\/radiojehona.mk\/index.php?rest_route=\/wp\/v2\/posts\/40087\/revisions\/40090"}],"wp:featuredmedia":[{"embeddable":true,"href":"https:\/\/radiojehona.mk\/index.php?rest_route=\/wp\/v2\/media\/40089"}],"wp:attachment":[{"href":"https:\/\/radiojehona.mk\/index.php?rest_route=%2Fwp%2Fv2%2Fmedia&parent=40087"}],"wp:term":[{"taxonomy":"category","embeddable":true,"href":"https:\/\/radiojehona.mk\/index.php?rest_route=%2Fwp%2Fv2%2Fcategories&post=40087"},{"taxonomy":"post_tag","embeddable":true,"href":"https:\/\/radiojehona.mk\/index.php?rest_route=%2Fwp%2Fv2%2Ftags&post=40087"}],"curies":[{"name":"wp","href":"https:\/\/api.w.org\/{rel}","templated":true}]}}