{"id":40079,"date":"2025-01-12T15:54:56","date_gmt":"2025-01-12T15:54:56","guid":{"rendered":"https:\/\/radiojehona.com\/?p=40079"},"modified":"2025-01-12T15:54:57","modified_gmt":"2025-01-12T15:54:57","slug":"urdher-evakuimi-per-150000-banore-te-los-angeles","status":"publish","type":"post","link":"https:\/\/radiojehona.mk\/?p=40079","title":{"rendered":"Urdh\u00ebr evakuimi p\u00ebr 150,000 banor\u00eb t\u00eb Los Angeles"},"content":{"rendered":"\n<figure class=\"wp-block-image size-full\"><img fetchpriority=\"high\" decoding=\"async\" width=\"736\" height=\"447\" src=\"https:\/\/radiojehona.com\/wp-content\/uploads\/2025\/01\/damage-estimates.jpg\" alt=\"\" class=\"wp-image-40080\" srcset=\"https:\/\/radiojehona.mk\/wp-content\/uploads\/2025\/01\/damage-estimates.jpg 736w, https:\/\/radiojehona.mk\/wp-content\/uploads\/2025\/01\/damage-estimates-300x182.jpg 300w\" sizes=\"(max-width: 736px) 100vw, 736px\" \/><\/figure>\n\n\n\n<p><strong>Zyra e Sh\u00ebrbimeve t\u00eb Emergjencave t\u00eb Guvernatorit t\u00eb Kalifornis\u00eb (Cal OES) thot\u00eb se 150,000 njer\u00ebz jan\u00eb tani n\u00ebn urdhra evakuimi n\u00eb qarkun e Los Angeles \u2013 n\u00eb zonat e prekura nga zjarret Palisades dhe Eaton, p\u00ebrcjell Gazeta Online Reporteri.net.<\/strong><\/p>\n\n\n\n<p>M\u00eb shum\u00eb se 700 njer\u00ebz jan\u00eb strehuar n\u00eb n\u00ebnt\u00eb strehimore n\u00eb qark, jasht\u00eb vendit, thot\u00eb n\u00eb nj\u00eb deklarat\u00eb z\u00ebdh\u00ebn\u00ebsi i Cal OES, Michael Traum.<\/p>\n\n\n\n<p>Nj\u00eb urdh\u00ebr evakuimi do t\u00eb thot\u00eb se ekziston nj\u00eb k\u00ebrc\u00ebnim i menj\u00ebhersh\u00ebm p\u00ebr jet\u00ebn dhe t\u00eb prekurit duhet t\u00eb largohen menj\u00ebher\u00eb, thot\u00eb organizata.Paralajm\u00ebrimet e evakuimit, t\u00eb cilat ndryshojn\u00eb nga urdhrat e evakuimit, jan\u00eb gjithashtu n\u00eb fuqi si p\u00ebr zjarrin Palisades ashtu edhe p\u00ebr zjarrin Eaton. Nj\u00eb paralajm\u00ebrim evakuimi do t\u00eb thot\u00eb se ka nj\u00eb rrezik t\u00eb af\u00ebrt p\u00ebr jet\u00ebn ose pron\u00ebn dhe k\u00ebshilla \u00ebsht\u00eb t\u00eb mblidhni gj\u00ebrat tuaja dhe t\u00eb p\u00ebrgatiteni p\u00ebr t\u00eb evakuuar.<\/p>\n\n\n\n<p>Cal OES konfirmon se urdhrat e evakuimit dhe paralajm\u00ebrimet e dh\u00ebna p\u00ebr shkak t\u00eb zjarreve Kenneth dhe Hurst jan\u00eb hequr.<\/p>\n","protected":false},"excerpt":{"rendered":"<p>Zyra e Sh&euml;rbimeve t&euml; Emergjencave t&euml; Guvernatorit t&euml; Kalifornis&euml; (Cal OES) thot&euml; se 150,000 njer&euml;z jan&euml; tani n&euml;n urdhra evakuimi n&euml; qarkun e Los Angeles &ndash; n&euml; zonat e prekura nga zjarret Palisades dhe Eaton, p&euml;rcjell Gazeta Online Reporteri.net. M&euml; shum&euml; se 700 njer&euml;z jan&euml; strehuar n&euml; n&euml;nt&euml; strehimore n&euml; qark, jasht&euml; vendit, thot&euml; n&euml; [&hellip;]<\/p>\n","protected":false},"author":2,"featured_media":40080,"comment_status":"open","ping_status":"closed","sticky":false,"template":"","format":"standard","meta":{"_monsterinsights_skip_tracking":false,"_monsterinsights_sitenote_active":false,"_monsterinsights_sitenote_note":"","_monsterinsights_sitenote_category":0,"footnotes":""},"categories":[569],"tags":[],"class_list":["post-40079","post","type-post","status-publish","format-standard","has-post-thumbnail","hentry","category-bota"],"_links":{"self":[{"href":"https:\/\/radiojehona.mk\/index.php?rest_route=\/wp\/v2\/posts\/40079","targetHints":{"allow":["GET"]}}],"collection":[{"href":"https:\/\/radiojehona.mk\/index.php?rest_route=\/wp\/v2\/posts"}],"about":[{"href":"https:\/\/radiojehona.mk\/index.php?rest_route=\/wp\/v2\/types\/post"}],"author":[{"embeddable":true,"href":"https:\/\/radiojehona.mk\/index.php?rest_route=\/wp\/v2\/users\/2"}],"replies":[{"embeddable":true,"href":"https:\/\/radiojehona.mk\/index.php?rest_route=%2Fwp%2Fv2%2Fcomments&post=40079"}],"version-history":[{"count":2,"href":"https:\/\/radiojehona.mk\/index.php?rest_route=\/wp\/v2\/posts\/40079\/revisions"}],"predecessor-version":[{"id":40082,"href":"https:\/\/radiojehona.mk\/index.php?rest_route=\/wp\/v2\/posts\/40079\/revisions\/40082"}],"wp:featuredmedia":[{"embeddable":true,"href":"https:\/\/radiojehona.mk\/index.php?rest_route=\/wp\/v2\/media\/40080"}],"wp:attachment":[{"href":"https:\/\/radiojehona.mk\/index.php?rest_route=%2Fwp%2Fv2%2Fmedia&parent=40079"}],"wp:term":[{"taxonomy":"category","embeddable":true,"href":"https:\/\/radiojehona.mk\/index.php?rest_route=%2Fwp%2Fv2%2Fcategories&post=40079"},{"taxonomy":"post_tag","embeddable":true,"href":"https:\/\/radiojehona.mk\/index.php?rest_route=%2Fwp%2Fv2%2Ftags&post=40079"}],"curies":[{"name":"wp","href":"https:\/\/api.w.org\/{rel}","templated":true}]}}