{"id":40076,"date":"2025-01-12T15:54:07","date_gmt":"2025-01-12T15:54:07","guid":{"rendered":"https:\/\/radiojehona.com\/?p=40076"},"modified":"2025-01-12T15:54:07","modified_gmt":"2025-01-12T15:54:07","slug":"kush-pi-me-shume-duhan-e-kush-me-pak-ne-bashkimin-evropian","status":"publish","type":"post","link":"https:\/\/radiojehona.mk\/?p=40076","title":{"rendered":"Kush pi m\u00eb shum\u00eb duhan e kush m\u00eb pak n\u00eb Bashkimin Evropian?"},"content":{"rendered":"\n<figure class=\"wp-block-image size-full\"><img fetchpriority=\"high\" decoding=\"async\" width=\"640\" height=\"437\" src=\"https:\/\/radiojehona.com\/wp-content\/uploads\/2025\/01\/640-0-6246f1feb659f.png\" alt=\"\" class=\"wp-image-40077\" srcset=\"https:\/\/radiojehona.mk\/wp-content\/uploads\/2025\/01\/640-0-6246f1feb659f.png 640w, https:\/\/radiojehona.mk\/wp-content\/uploads\/2025\/01\/640-0-6246f1feb659f-300x205.png 300w\" sizes=\"(max-width: 640px) 100vw, 640px\" \/><\/figure>\n\n\n\n<p>B\u00ebhet e ditur se gati nj\u00eb e kat\u00ebrta e qytetar\u00ebve t\u00eb BE-s\u00eb (24%) jan\u00eb duhanpir\u00ebs.<\/p>\n\n\n\n<p>Sondazhi i fundit i Eurobarometrit mbi duhanpirjen thekson se shkalla e pirjes s\u00eb duhanit ka mbetur relativisht e pandryshuar midis 2020 dhe 2023, me vet\u00ebm nj\u00eb r\u00ebnie prej 1%.<\/p>\n\n\n\n<p>Raportohet se duhanpir\u00ebsit m\u00eb t\u00eb m\u00ebdhenj jan\u00eb n\u00eb Evrop\u00ebn Lindore dhe Juglindore, me 37% n\u00eb Bullgari, 36% n\u00eb Greqi, 35% n\u00eb Kroaci dhe 34% n\u00eb Rumani.<\/p>\n\n\n\n<p>Suedia ka shkall\u00ebn m\u00eb t\u00eb ul\u00ebt t\u00eb duhanpir\u00ebsve 8%, e ndjekur nga Holanda 11% dhe Danimarka 14%.<\/p>\n\n\n\n<p>Nd\u00ebrsa burrat kan\u00eb m\u00eb shum\u00eb gjasa t\u00eb pijn\u00eb duhanin sesa grat\u00eb (28% kundrejt 21%).<\/p>\n\n\n\n<p>N\u00eb t\u00eb nj\u00ebjt\u00ebn koh\u00eb, 56% thon\u00eb se nuk kan\u00eb pir\u00eb kurr\u00eb duhan n\u00eb jet\u00ebn e tyre, shkruan&nbsp;<a href=\"https:\/\/www.euronews.com\/my-europe\/2025\/01\/10\/is-smoking-immune-to-new-years-resolutions-these-eu-countries-have-the-highest-smoking-rat\" target=\"_blank\" rel=\"noreferrer noopener\"><strong>eur<\/strong><\/a><\/p>\n\n\n\n<p>P\u00ebrqendrimi m\u00eb i lart\u00eb i duhanpir\u00ebsve \u00ebsht\u00eb n\u00eb grupmosh\u00ebn 25-39 vje\u00e7 (32%), nd\u00ebrsa p\u00ebrqindja m\u00eb e ul\u00ebt \u00ebsht\u00eb tek ata t\u00eb mosh\u00ebs 55 vje\u00e7 e lart.<\/p>\n\n\n\n<p>Personat e papun\u00eb kan\u00eb m\u00eb shum\u00eb gjasa t\u00eb pin\u00eb duhan (40%), t\u00eb ndjekur nga pun\u00ebtor\u00ebt fizik\u00eb (37%) dhe menaxher\u00ebt (20%).<\/p>\n\n\n\n<p>P\u00ebrqindja e duhanpir\u00ebsve \u00ebsht\u00eb m\u00eb e lart\u00eb n\u00eb mesin e njer\u00ebzve q\u00eb kan\u00eb v\u00ebshtir\u00ebsi n\u00eb pages\u00ebn e faturave (38%) sesa tek njer\u00ebzit q\u00eb nuk jan\u00eb p\u00ebrballur kurr\u00eb me k\u00ebto probleme (21%).<\/p>\n\n\n\n<p>Cigaret n\u00eb kuti mbeten m\u00eb t\u00eb njohurat, me 77% t\u00eb duhanpir\u00ebsve q\u00eb i zgjedhin ato, krahasuar me 23% q\u00eb preferojn\u00eb cigaret e mb\u00ebshtjella me dor\u00eb.<\/p>\n\n\n\n<p>Konsumi ditor ndryshon shum\u00eb n\u00eb t\u00eb gjith\u00eb bllokun, me mesataren 14 cigare n\u00eb dit\u00eb, nj\u00eb norm\u00eb q\u00eb ka mbetur e q\u00ebndrueshme q\u00eb nga viti 2020.<\/p>\n\n\n\n<p>T\u00eb dh\u00ebnat tregojn\u00eb gjithashtu se p\u00ebrqindja e njer\u00ebzve q\u00eb p\u00ebrdorin cigare elektronike \u00ebsht\u00eb vet\u00ebm 3%.<\/p>\n\n\n\n<p>Ndryshe, duhani mbetet rreziku m\u00eb i madh p\u00ebr sh\u00ebndetin dhe \u00ebsht\u00eb p\u00ebrgjegj\u00ebs p\u00ebr 700,000 vdekje n\u00eb vit vet\u00ebm n\u00eb BE.<\/p>\n\n\n\n<p>P\u00ebr m\u00eb tep\u00ebr, rreth 50% e duhanpir\u00ebsve vdesin para kohe, mesatarisht 14 vjet m\u00eb her\u00ebt se jo duhanpir\u00ebsit.<\/p>\n\n\n\n<p>Konsumimi i duhanit \u00ebsht\u00eb gjithashtu shkaku kryesor i kancerit t\u00eb parandaluesh\u00ebm, me 27% t\u00eb t\u00eb gjith\u00eb tumoreve q\u00eb i atribuohen p\u00ebrdorimit t\u00eb tij, sipas Organizat\u00ebs Bot\u00ebrore t\u00eb Sh\u00ebndet\u00ebsis\u00eb.(Euronews.al)<\/p>\n\n\n\n<h3 class=\"wp-block-heading\"><\/h3>\n","protected":false},"excerpt":{"rendered":"<p>B&euml;het e ditur se gati nj&euml; e kat&euml;rta e qytetar&euml;ve t&euml; BE-s&euml; (24%) jan&euml; duhanpir&euml;s. Sondazhi i fundit i Eurobarometrit mbi duhanpirjen thekson se shkalla e pirjes s&euml; duhanit ka mbetur relativisht e pandryshuar midis 2020 dhe 2023, me vet&euml;m nj&euml; r&euml;nie prej 1%. Raportohet se duhanpir&euml;sit m&euml; t&euml; m&euml;dhenj jan&euml; n&euml; Evrop&euml;n Lindore dhe [&hellip;]<\/p>\n","protected":false},"author":2,"featured_media":40077,"comment_status":"open","ping_status":"closed","sticky":false,"template":"","format":"standard","meta":{"_monsterinsights_skip_tracking":false,"_monsterinsights_sitenote_active":false,"_monsterinsights_sitenote_note":"","_monsterinsights_sitenote_category":0,"footnotes":""},"categories":[576],"tags":[],"class_list":["post-40076","post","type-post","status-publish","format-standard","has-post-thumbnail","hentry","category-rajoni"],"_links":{"self":[{"href":"https:\/\/radiojehona.mk\/index.php?rest_route=\/wp\/v2\/posts\/40076","targetHints":{"allow":["GET"]}}],"collection":[{"href":"https:\/\/radiojehona.mk\/index.php?rest_route=\/wp\/v2\/posts"}],"about":[{"href":"https:\/\/radiojehona.mk\/index.php?rest_route=\/wp\/v2\/types\/post"}],"author":[{"embeddable":true,"href":"https:\/\/radiojehona.mk\/index.php?rest_route=\/wp\/v2\/users\/2"}],"replies":[{"embeddable":true,"href":"https:\/\/radiojehona.mk\/index.php?rest_route=%2Fwp%2Fv2%2Fcomments&post=40076"}],"version-history":[{"count":1,"href":"https:\/\/radiojehona.mk\/index.php?rest_route=\/wp\/v2\/posts\/40076\/revisions"}],"predecessor-version":[{"id":40078,"href":"https:\/\/radiojehona.mk\/index.php?rest_route=\/wp\/v2\/posts\/40076\/revisions\/40078"}],"wp:featuredmedia":[{"embeddable":true,"href":"https:\/\/radiojehona.mk\/index.php?rest_route=\/wp\/v2\/media\/40077"}],"wp:attachment":[{"href":"https:\/\/radiojehona.mk\/index.php?rest_route=%2Fwp%2Fv2%2Fmedia&parent=40076"}],"wp:term":[{"taxonomy":"category","embeddable":true,"href":"https:\/\/radiojehona.mk\/index.php?rest_route=%2Fwp%2Fv2%2Fcategories&post=40076"},{"taxonomy":"post_tag","embeddable":true,"href":"https:\/\/radiojehona.mk\/index.php?rest_route=%2Fwp%2Fv2%2Ftags&post=40076"}],"curies":[{"name":"wp","href":"https:\/\/api.w.org\/{rel}","templated":true}]}}