{"id":40060,"date":"2025-01-12T15:48:33","date_gmt":"2025-01-12T15:48:33","guid":{"rendered":"https:\/\/radiojehona.com\/?p=40060"},"modified":"2025-01-12T15:48:33","modified_gmt":"2025-01-12T15:48:33","slug":"nis-zgjerimi-i-rruges-tetove-prizren","status":"publish","type":"post","link":"https:\/\/radiojehona.mk\/?p=40060","title":{"rendered":"Nis zgjerimi i rrug\u00ebs Tetov\u00eb-Prizren"},"content":{"rendered":"\n<figure class=\"wp-block-image size-full\"><img fetchpriority=\"high\" decoding=\"async\" width=\"668\" height=\"468\" src=\"https:\/\/radiojehona.com\/wp-content\/uploads\/2025\/01\/tetove-pz.jpg\" alt=\"\" class=\"wp-image-40061\" srcset=\"https:\/\/radiojehona.mk\/wp-content\/uploads\/2025\/01\/tetove-pz.jpg 668w, https:\/\/radiojehona.mk\/wp-content\/uploads\/2025\/01\/tetove-pz-300x210.jpg 300w\" sizes=\"(max-width: 668px) 100vw, 668px\" \/><\/figure>\n\n\n\n<p>Komuna e Tetov\u00ebs tashm\u00eb ka nisur pun\u00ebt rreth projektit p\u00ebr zgjerimin e rrug\u00ebs e cila do t\u00eb filloj\u00eb k\u00ebtu, nga lidhja p\u00ebr n\u00eb Shipkovic\u00eb e deri tek tuneli q\u00eb do lidhur rrug\u00ebn e Prizrenit me an\u00ebn tjet\u00ebr, at\u00eb t\u00eb Kosov\u00ebs. Edhe pse koh\u00eb m\u00eb par\u00eb u paralajm\u00ebrua se k\u00ebt\u00eb rrug\u00eb do e zgjeroj dhe asfaltoj komuna me mjetet e veta, e nj\u00ebjta, tashm\u00eb ka hyr\u00eb n\u00eb procedur\u00eb buxhetore t\u00eb Qeveris\u00eb s\u00eb RMV-s\u00eb, konkretisht t\u00eb drejtoris\u00eb s\u00eb rrug\u00ebve e cila tashm\u00eb pas projektimit, pritet t\u00eb filloj\u00eb edhe me punimet rreth asfaltimit dhe zgjerimit t\u00eb saj.<\/p>\n\n\n\n<p>Sipas kreut t\u00eb komun\u00ebs s\u00eb Tetov\u00ebs Bilall Kasami, pjesa m\u00eb e madhe e tokave ku do b\u00ebhet zgjerimi i rrug\u00ebs jan\u00eb pron\u00eb e shtetit, nd\u00ebrsa nj\u00eb pjes\u00eb e vog\u00ebl e tyre, do t\u00eb shpron\u00ebsohet, pas \u00e7ka edhe do fillojn\u00eb pun\u00ebt p\u00ebr projektimin e tunelit n\u00eb pjes\u00ebn e vendit ton\u00eb.<\/p>\n\n\n\n<p>\u201cNe si komun\u00eb tashm\u00eb kemi marr\u00eb edhe disa hapa n\u00eb drejtim t\u00eb p\u00ebrcaktimit t\u00eb trases\u00eb s\u00eb rrug\u00ebs, sidomos n\u00eb bai pasin q\u00eb duhet b\u00eb n\u00eb fshatin Shipkovic\u00eb, ku tashm\u00eb \u00ebsht\u00eb caktuar edhe traseja e rrug\u00ebs ku pjesa m\u00eb e madhe \u00ebsht\u00eb rrug\u00eb n\u00eb pron\u00eb t\u00eb shtetit q\u00eb do leht\u00ebsoj procesin e shpron\u00ebsimit. Punohet intensivisht n\u00eb k\u00ebt\u00eb drejtim dhe brenda k\u00ebtij viti ajo q\u00eb pritet t\u00eb kemi duhet t\u00eb jen\u00eb projektet p\u00ebr nd\u00ebrtimin e segmentit t\u00eb rrug\u00ebs nj\u00eb pjes\u00eb rrug\u00eb e re dhe tjetra zgjerim i rrug\u00ebs ekzistuese nga dalja e rrug\u00ebs p\u00ebr n\u00eb kod\u00ebr t\u00eb Diellit p\u00ebr n\u00eb fshatin Shipkovic\u00eb\u201d, tha Bilall Kasami. Kryetar i komun\u00ebs s\u00eb Tetov\u00ebs.<\/p>\n\n\n\n<p>Sipas Kasamit, tashm\u00eb grupet e pun\u00ebs s\u00eb t\u00eb dy shteteve kan\u00eb nisur punimet edhe p\u00ebr projektimin e tunelit. Ai tha se pjesa tjet\u00ebr q\u00eb \u00ebsht\u00eb po aq e r\u00ebnd\u00ebsishme, ka t\u00eb b\u00ebj me segmentin nga Tetova deri n\u00eb hyrje t\u00eb tunelit, q\u00eb \u00ebsht\u00eb obligim i Qeveris\u00eb dhe projektimi i k\u00ebsaj rruge \u00ebsht\u00eb futur n\u00eb programin e rrug\u00ebve p\u00ebr vitin 2025. Rruga Tetov\u00eb Prizren do t\u00eb kushtoj\u00eb 200 milion euro edhe gjysmat e parave nga kjo rrug\u00eb duhet t\u00eb paguhen nga Republika e Kosov\u00ebs edhe gjysma nga Republika e Maqedonis\u00eb s\u00eb Veriut.<\/p>\n","protected":false},"excerpt":{"rendered":"<p>Komuna e Tetov&euml;s tashm&euml; ka nisur pun&euml;t rreth projektit p&euml;r zgjerimin e rrug&euml;s e cila do t&euml; filloj&euml; k&euml;tu, nga lidhja p&euml;r n&euml; Shipkovic&euml; e deri tek tuneli q&euml; do lidhur rrug&euml;n e Prizrenit me an&euml;n tjet&euml;r, at&euml; t&euml; Kosov&euml;s. Edhe pse koh&euml; m&euml; par&euml; u paralajm&euml;rua se k&euml;t&euml; rrug&euml; do e zgjeroj dhe asfaltoj [&hellip;]<\/p>\n","protected":false},"author":2,"featured_media":40061,"comment_status":"open","ping_status":"closed","sticky":false,"template":"","format":"standard","meta":{"_monsterinsights_skip_tracking":false,"_monsterinsights_sitenote_active":false,"_monsterinsights_sitenote_note":"","_monsterinsights_sitenote_category":0,"footnotes":""},"categories":[1],"tags":[],"class_list":["post-40060","post","type-post","status-publish","format-standard","has-post-thumbnail","hentry","category-vendi"],"_links":{"self":[{"href":"https:\/\/radiojehona.mk\/index.php?rest_route=\/wp\/v2\/posts\/40060","targetHints":{"allow":["GET"]}}],"collection":[{"href":"https:\/\/radiojehona.mk\/index.php?rest_route=\/wp\/v2\/posts"}],"about":[{"href":"https:\/\/radiojehona.mk\/index.php?rest_route=\/wp\/v2\/types\/post"}],"author":[{"embeddable":true,"href":"https:\/\/radiojehona.mk\/index.php?rest_route=\/wp\/v2\/users\/2"}],"replies":[{"embeddable":true,"href":"https:\/\/radiojehona.mk\/index.php?rest_route=%2Fwp%2Fv2%2Fcomments&post=40060"}],"version-history":[{"count":1,"href":"https:\/\/radiojehona.mk\/index.php?rest_route=\/wp\/v2\/posts\/40060\/revisions"}],"predecessor-version":[{"id":40062,"href":"https:\/\/radiojehona.mk\/index.php?rest_route=\/wp\/v2\/posts\/40060\/revisions\/40062"}],"wp:featuredmedia":[{"embeddable":true,"href":"https:\/\/radiojehona.mk\/index.php?rest_route=\/wp\/v2\/media\/40061"}],"wp:attachment":[{"href":"https:\/\/radiojehona.mk\/index.php?rest_route=%2Fwp%2Fv2%2Fmedia&parent=40060"}],"wp:term":[{"taxonomy":"category","embeddable":true,"href":"https:\/\/radiojehona.mk\/index.php?rest_route=%2Fwp%2Fv2%2Fcategories&post=40060"},{"taxonomy":"post_tag","embeddable":true,"href":"https:\/\/radiojehona.mk\/index.php?rest_route=%2Fwp%2Fv2%2Ftags&post=40060"}],"curies":[{"name":"wp","href":"https:\/\/api.w.org\/{rel}","templated":true}]}}