{"id":40057,"date":"2025-01-12T15:47:52","date_gmt":"2025-01-12T15:47:52","guid":{"rendered":"https:\/\/radiojehona.com\/?p=40057"},"modified":"2025-01-12T15:47:53","modified_gmt":"2025-01-12T15:47:53","slug":"euronews-maqedonia-me-shkallen-me-te-larte-te-vdekshmerise-nga-ndotja-e-ajrit-ne-evrope","status":"publish","type":"post","link":"https:\/\/radiojehona.mk\/?p=40057","title":{"rendered":"Euronews: Maqedonia me shkall\u00ebn m\u00eb t\u00eb lart\u00eb t\u00eb vdekshm\u00ebris\u00eb nga ndotja e ajrit n\u00eb Evrop\u00eb"},"content":{"rendered":"\n<figure class=\"wp-block-image size-full\"><img fetchpriority=\"high\" decoding=\"async\" width=\"780\" height=\"450\" src=\"https:\/\/radiojehona.com\/wp-content\/uploads\/2025\/01\/679195.webp\" alt=\"\" class=\"wp-image-40058\" srcset=\"https:\/\/radiojehona.mk\/wp-content\/uploads\/2025\/01\/679195.webp 780w, https:\/\/radiojehona.mk\/wp-content\/uploads\/2025\/01\/679195-300x173.webp 300w, https:\/\/radiojehona.mk\/wp-content\/uploads\/2025\/01\/679195-768x443.webp 768w\" sizes=\"(max-width: 780px) 100vw, 780px\" \/><\/figure>\n\n\n\n<p>Pas pothuajse dy jav\u00eb me ndotje ekstreme t\u00eb ajrit, ajri n\u00eb Maqedoni m\u00eb n\u00eb fund u pastrua fal\u00eb kushteve atmosferike. Stacionet mat\u00ebse tregojn\u00eb se niveli i ndotjes \u00ebsht\u00eb i ul\u00ebt.<\/p>\n\n\n\n<p>Megjithat\u00eb, vendi mbetet nd\u00ebr m\u00eb t\u00eb prekurit nga ndotja e ajrit, me numrin m\u00eb t\u00eb lart\u00eb t\u00eb rasteve t\u00eb vdekjes si pasoj\u00eb e ajrit t\u00eb ndotur \u2013 aktualisht, t\u00eb gjitha vendet e Bashkimit Evropian raportojn\u00eb nivele t\u00eb dioksidit t\u00eb azotit mbi nivelet e rekomanduara nga Organizata Bot\u00ebrore e Sh\u00ebndet\u00ebsis\u00eb, por disa jan\u00eb m\u00eb t\u00eb prekura nga ndotja sesa t\u00eb tjerat. Maqedonia ka numrin m\u00eb t\u00eb lart\u00eb t\u00eb vdekjeve p\u00ebr shkak t\u00eb ndotjes, pasuar nga Serbia. Gjithashtu, vendet fqinje si Shqip\u00ebria, Bullgaria dhe Mali i Zi kan\u00eb vler\u00ebsime shum\u00eb t\u00eb larta, sipas nj\u00eb raporti t\u00eb fundit t\u00eb Komisionit Evropian dhe Organizat\u00ebs p\u00ebr Bashk\u00ebpunim Ekonomik dhe Zhvillim \u2013 raporton Euronews.<\/p>\n","protected":false},"excerpt":{"rendered":"<p>Pas pothuajse dy jav&euml; me ndotje ekstreme t&euml; ajrit, ajri n&euml; Maqedoni m&euml; n&euml; fund u pastrua fal&euml; kushteve atmosferike. Stacionet mat&euml;se tregojn&euml; se niveli i ndotjes &euml;sht&euml; i ul&euml;t. Megjithat&euml;, vendi mbetet nd&euml;r m&euml; t&euml; prekurit nga ndotja e ajrit, me numrin m&euml; t&euml; lart&euml; t&euml; rasteve t&euml; vdekjes si pasoj&euml; e ajrit t&euml; [&hellip;]<\/p>\n","protected":false},"author":2,"featured_media":40058,"comment_status":"open","ping_status":"closed","sticky":false,"template":"","format":"standard","meta":{"_monsterinsights_skip_tracking":false,"_monsterinsights_sitenote_active":false,"_monsterinsights_sitenote_note":"","_monsterinsights_sitenote_category":0,"footnotes":""},"categories":[1],"tags":[],"class_list":["post-40057","post","type-post","status-publish","format-standard","has-post-thumbnail","hentry","category-vendi"],"_links":{"self":[{"href":"https:\/\/radiojehona.mk\/index.php?rest_route=\/wp\/v2\/posts\/40057","targetHints":{"allow":["GET"]}}],"collection":[{"href":"https:\/\/radiojehona.mk\/index.php?rest_route=\/wp\/v2\/posts"}],"about":[{"href":"https:\/\/radiojehona.mk\/index.php?rest_route=\/wp\/v2\/types\/post"}],"author":[{"embeddable":true,"href":"https:\/\/radiojehona.mk\/index.php?rest_route=\/wp\/v2\/users\/2"}],"replies":[{"embeddable":true,"href":"https:\/\/radiojehona.mk\/index.php?rest_route=%2Fwp%2Fv2%2Fcomments&post=40057"}],"version-history":[{"count":1,"href":"https:\/\/radiojehona.mk\/index.php?rest_route=\/wp\/v2\/posts\/40057\/revisions"}],"predecessor-version":[{"id":40059,"href":"https:\/\/radiojehona.mk\/index.php?rest_route=\/wp\/v2\/posts\/40057\/revisions\/40059"}],"wp:featuredmedia":[{"embeddable":true,"href":"https:\/\/radiojehona.mk\/index.php?rest_route=\/wp\/v2\/media\/40058"}],"wp:attachment":[{"href":"https:\/\/radiojehona.mk\/index.php?rest_route=%2Fwp%2Fv2%2Fmedia&parent=40057"}],"wp:term":[{"taxonomy":"category","embeddable":true,"href":"https:\/\/radiojehona.mk\/index.php?rest_route=%2Fwp%2Fv2%2Fcategories&post=40057"},{"taxonomy":"post_tag","embeddable":true,"href":"https:\/\/radiojehona.mk\/index.php?rest_route=%2Fwp%2Fv2%2Ftags&post=40057"}],"curies":[{"name":"wp","href":"https:\/\/api.w.org\/{rel}","templated":true}]}}