{"id":40051,"date":"2025-01-12T15:46:23","date_gmt":"2025-01-12T15:46:23","guid":{"rendered":"https:\/\/radiojehona.com\/?p=40051"},"modified":"2025-01-12T15:46:23","modified_gmt":"2025-01-12T15:46:23","slug":"pese-femije-dhe-nje-i-rritur-shpetohen-pasi-u-bllokuan-nga-bora-ne-maqedonine-e-veriut","status":"publish","type":"post","link":"https:\/\/radiojehona.mk\/?p=40051","title":{"rendered":"Pes\u00eb f\u00ebmij\u00eb dhe nj\u00eb i rritur shp\u00ebtohen pasi u bllokuan nga bora n\u00eb Maqedonin\u00eb e Veriut"},"content":{"rendered":"\n<figure class=\"wp-block-image size-full\"><img fetchpriority=\"high\" decoding=\"async\" width=\"768\" height=\"454\" src=\"https:\/\/radiojehona.com\/wp-content\/uploads\/2025\/01\/bora-1.png\" alt=\"\" class=\"wp-image-40052\" srcset=\"https:\/\/radiojehona.mk\/wp-content\/uploads\/2025\/01\/bora-1.png 768w, https:\/\/radiojehona.mk\/wp-content\/uploads\/2025\/01\/bora-1-300x177.png 300w\" sizes=\"(max-width: 768px) 100vw, 768px\" \/><\/figure>\n\n\n\n<p><strong>Pes\u00eb f\u00ebmij\u00eb dhe nj\u00eb i rritur jan\u00eb shp\u00ebtuar pasi kishin mbetur t\u00eb bllokuar nga reshjet e dendura t\u00eb bor\u00ebs n\u00eb fshatin Raj\u00e7ani n\u00eb komun\u00ebn e Ko\u00e7anit t\u00eb Maqedonis\u00eb s\u00eb Veriut.<\/strong><\/p>\n\n\n\n<p>Lajmin e ka b\u00ebr\u00eb t\u00eb ditur Qendra p\u00ebr Menaxhim me Kriza e cila thot\u00eb se rasti \u00ebsht\u00eb paraqitur n\u00eb or\u00ebn 09:53, nd\u00ebrsa pas veprimeve t\u00eb marra, personat n\u00eb fjal\u00eb jan\u00eb shp\u00ebtuar rreth or\u00ebs 11:50.<\/p>\n\n\n\n<p>\u201cN\u00eb ora 11:50 personat jan\u00eb nxjerr\u00eb me fuoristrad\u00eb t\u00eb nj\u00eb an\u00ebtari t\u00eb Sh\u00ebrbimit Vullnetar t\u00eb Shp\u00ebtimit Malor \u201cOsogovo\u201d nga Ko\u00e7ani dhe jan\u00eb larguar sh\u00ebndosh\u00eb e mir\u00eb dhe i jan\u00eb dor\u00ebzuar prind\u00ebrve t\u00eb tyre\u201d, thon\u00eb nga QMK.<\/p>\n","protected":false},"excerpt":{"rendered":"<p>Pes&euml; f&euml;mij&euml; dhe nj&euml; i rritur jan&euml; shp&euml;tuar pasi kishin mbetur t&euml; bllokuar nga reshjet e dendura t&euml; bor&euml;s n&euml; fshatin Raj&ccedil;ani n&euml; komun&euml;n e Ko&ccedil;anit t&euml; Maqedonis&euml; s&euml; Veriut. Lajmin e ka b&euml;r&euml; t&euml; ditur Qendra p&euml;r Menaxhim me Kriza e cila thot&euml; se rasti &euml;sht&euml; paraqitur n&euml; or&euml;n 09:53, nd&euml;rsa pas veprimeve t&euml; [&hellip;]<\/p>\n","protected":false},"author":2,"featured_media":40052,"comment_status":"open","ping_status":"closed","sticky":false,"template":"","format":"standard","meta":{"_monsterinsights_skip_tracking":false,"_monsterinsights_sitenote_active":false,"_monsterinsights_sitenote_note":"","_monsterinsights_sitenote_category":0,"footnotes":""},"categories":[1],"tags":[],"class_list":["post-40051","post","type-post","status-publish","format-standard","has-post-thumbnail","hentry","category-vendi"],"_links":{"self":[{"href":"https:\/\/radiojehona.mk\/index.php?rest_route=\/wp\/v2\/posts\/40051","targetHints":{"allow":["GET"]}}],"collection":[{"href":"https:\/\/radiojehona.mk\/index.php?rest_route=\/wp\/v2\/posts"}],"about":[{"href":"https:\/\/radiojehona.mk\/index.php?rest_route=\/wp\/v2\/types\/post"}],"author":[{"embeddable":true,"href":"https:\/\/radiojehona.mk\/index.php?rest_route=\/wp\/v2\/users\/2"}],"replies":[{"embeddable":true,"href":"https:\/\/radiojehona.mk\/index.php?rest_route=%2Fwp%2Fv2%2Fcomments&post=40051"}],"version-history":[{"count":1,"href":"https:\/\/radiojehona.mk\/index.php?rest_route=\/wp\/v2\/posts\/40051\/revisions"}],"predecessor-version":[{"id":40053,"href":"https:\/\/radiojehona.mk\/index.php?rest_route=\/wp\/v2\/posts\/40051\/revisions\/40053"}],"wp:featuredmedia":[{"embeddable":true,"href":"https:\/\/radiojehona.mk\/index.php?rest_route=\/wp\/v2\/media\/40052"}],"wp:attachment":[{"href":"https:\/\/radiojehona.mk\/index.php?rest_route=%2Fwp%2Fv2%2Fmedia&parent=40051"}],"wp:term":[{"taxonomy":"category","embeddable":true,"href":"https:\/\/radiojehona.mk\/index.php?rest_route=%2Fwp%2Fv2%2Fcategories&post=40051"},{"taxonomy":"post_tag","embeddable":true,"href":"https:\/\/radiojehona.mk\/index.php?rest_route=%2Fwp%2Fv2%2Ftags&post=40051"}],"curies":[{"name":"wp","href":"https:\/\/api.w.org\/{rel}","templated":true}]}}