{"id":40048,"date":"2025-01-12T15:45:40","date_gmt":"2025-01-12T15:45:40","guid":{"rendered":"https:\/\/radiojehona.com\/?p=40048"},"modified":"2025-01-12T15:45:40","modified_gmt":"2025-01-12T15:45:40","slug":"ushtaret-e-maqedonise-se-veriut-kryejne-patrullime-ne-rahovec-te-republikes-se-kosoves","status":"publish","type":"post","link":"https:\/\/radiojehona.mk\/?p=40048","title":{"rendered":"Ushtar\u00ebt e Maqedonis\u00eb s\u00eb Veriut kryejn\u00eb patrullime n\u00eb Rahovec t\u00eb Republik\u00ebs s\u00eb Kosov\u00ebs"},"content":{"rendered":"\n<figure class=\"wp-block-image size-full\"><img fetchpriority=\"high\" decoding=\"async\" width=\"696\" height=\"392\" src=\"https:\/\/radiojehona.com\/wp-content\/uploads\/2025\/01\/ushtarrrrr.jpg\" alt=\"\" class=\"wp-image-40049\" srcset=\"https:\/\/radiojehona.mk\/wp-content\/uploads\/2025\/01\/ushtarrrrr.jpg 696w, https:\/\/radiojehona.mk\/wp-content\/uploads\/2025\/01\/ushtarrrrr-300x169.jpg 300w\" sizes=\"(max-width: 696px) 100vw, 696px\" \/><\/figure>\n\n\n\n<p>Ushtar\u00ebt e Batalionit Kinetik t\u00eb Maqedonis\u00eb s\u00eb Veriut, kan\u00eb kryer patrullime t\u00eb motorizuara n\u00eb Rahovec p\u00ebr disa dit\u00eb.K\u00ebshtu b\u00ebri t\u00eb ditur KFOR-i, p\u00ebrmes nj\u00eb postimi n\u00eb Facebook.<\/p>\n\n\n\n<p>\u201cUshtar\u00ebt e Batalionit Kinetik t\u00eb Maqedonis\u00eb s\u00eb Veriut t\u00eb caktuar n\u00eb Komand\u00ebn Rajonale Per\u00ebndimore, t\u00eb misionit KFOR t\u00eb udh\u00ebhequr nga NATO, kan\u00eb kryer patrullime t\u00eb motorizuara n\u00eb komun\u00ebn e Rahovecit p\u00ebr disa dit\u00eb\u201d, ka njoftuar KFOR-i.<\/p>\n\n\n\n<p>\u201cKFOR-i vazhdon t\u00eb zbatoj\u00eb mandatin e tij \u2013 bazuar n\u00eb Rezolut\u00ebn 1244 t\u00eb K\u00ebshillit t\u00eb Sigurimit t\u00eb OKB-s\u00eb t\u00eb vitit 1999 \u2013 p\u00ebr t\u00eb kontribuar n\u00eb nj\u00eb mjedis t\u00eb sigurt p\u00ebr t\u00eb gjith\u00eb njer\u00ebzit dhe komunitetet q\u00eb jetojn\u00eb n\u00eb Kosov\u00eb dhe lirin\u00eb e l\u00ebvizjes, n\u00eb \u00e7do koh\u00eb dhe n\u00eb m\u00ebnyr\u00eb t\u00eb paanshme. KFOR-i punon n\u00eb koordinim t\u00eb ngusht\u00eb me Policin\u00eb e Kosov\u00ebs dhe Misionin e Bashkimit Evropian p\u00ebr Sundimin e Ligjit n\u00eb Kosov\u00eb (EULEX)\u201d, thuhet n\u00eb njoftim.<\/p>\n","protected":false},"excerpt":{"rendered":"<p>Ushtar&euml;t e Batalionit Kinetik t&euml; Maqedonis&euml; s&euml; Veriut, kan&euml; kryer patrullime t&euml; motorizuara n&euml; Rahovec p&euml;r disa dit&euml;.K&euml;shtu b&euml;ri t&euml; ditur KFOR-i, p&euml;rmes nj&euml; postimi n&euml; Facebook. &ldquo;Ushtar&euml;t e Batalionit Kinetik t&euml; Maqedonis&euml; s&euml; Veriut t&euml; caktuar n&euml; Komand&euml;n Rajonale Per&euml;ndimore, t&euml; misionit KFOR t&euml; udh&euml;hequr nga NATO, kan&euml; kryer patrullime t&euml; motorizuara n&euml; komun&euml;n [&hellip;]<\/p>\n","protected":false},"author":2,"featured_media":40049,"comment_status":"open","ping_status":"closed","sticky":false,"template":"","format":"standard","meta":{"_monsterinsights_skip_tracking":false,"_monsterinsights_sitenote_active":false,"_monsterinsights_sitenote_note":"","_monsterinsights_sitenote_category":0,"footnotes":""},"categories":[1],"tags":[],"class_list":["post-40048","post","type-post","status-publish","format-standard","has-post-thumbnail","hentry","category-vendi"],"_links":{"self":[{"href":"https:\/\/radiojehona.mk\/index.php?rest_route=\/wp\/v2\/posts\/40048","targetHints":{"allow":["GET"]}}],"collection":[{"href":"https:\/\/radiojehona.mk\/index.php?rest_route=\/wp\/v2\/posts"}],"about":[{"href":"https:\/\/radiojehona.mk\/index.php?rest_route=\/wp\/v2\/types\/post"}],"author":[{"embeddable":true,"href":"https:\/\/radiojehona.mk\/index.php?rest_route=\/wp\/v2\/users\/2"}],"replies":[{"embeddable":true,"href":"https:\/\/radiojehona.mk\/index.php?rest_route=%2Fwp%2Fv2%2Fcomments&post=40048"}],"version-history":[{"count":1,"href":"https:\/\/radiojehona.mk\/index.php?rest_route=\/wp\/v2\/posts\/40048\/revisions"}],"predecessor-version":[{"id":40050,"href":"https:\/\/radiojehona.mk\/index.php?rest_route=\/wp\/v2\/posts\/40048\/revisions\/40050"}],"wp:featuredmedia":[{"embeddable":true,"href":"https:\/\/radiojehona.mk\/index.php?rest_route=\/wp\/v2\/media\/40049"}],"wp:attachment":[{"href":"https:\/\/radiojehona.mk\/index.php?rest_route=%2Fwp%2Fv2%2Fmedia&parent=40048"}],"wp:term":[{"taxonomy":"category","embeddable":true,"href":"https:\/\/radiojehona.mk\/index.php?rest_route=%2Fwp%2Fv2%2Fcategories&post=40048"},{"taxonomy":"post_tag","embeddable":true,"href":"https:\/\/radiojehona.mk\/index.php?rest_route=%2Fwp%2Fv2%2Ftags&post=40048"}],"curies":[{"name":"wp","href":"https:\/\/api.w.org\/{rel}","templated":true}]}}