{"id":40028,"date":"2025-01-11T01:48:26","date_gmt":"2025-01-11T01:48:26","guid":{"rendered":"https:\/\/radiojehona.com\/?p=40028"},"modified":"2025-01-11T01:48:27","modified_gmt":"2025-01-11T01:48:27","slug":"ja-dola-te-largohem-dua-lipa-ike-nga-los-anxhelos-tregon-se-eshte-e-sigurt","status":"publish","type":"post","link":"https:\/\/radiojehona.mk\/?p=40028","title":{"rendered":"\u201cJa dola t\u00eb largohem\u201d, Dua Lipa ik\u00eb nga Los Anxhelos, tregon se \u00ebsht\u00eb e sigurt"},"content":{"rendered":"\n<figure class=\"wp-block-image size-large\"><img fetchpriority=\"high\" decoding=\"async\" width=\"1024\" height=\"749\" src=\"https:\/\/radiojehona.com\/wp-content\/uploads\/2025\/01\/IMG_0361-1024x749.jpeg\" alt=\"\" class=\"wp-image-40029\" srcset=\"https:\/\/radiojehona.mk\/wp-content\/uploads\/2025\/01\/IMG_0361-1024x749.jpeg 1024w, https:\/\/radiojehona.mk\/wp-content\/uploads\/2025\/01\/IMG_0361-300x219.jpeg 300w, https:\/\/radiojehona.mk\/wp-content\/uploads\/2025\/01\/IMG_0361-768x562.jpeg 768w, https:\/\/radiojehona.mk\/wp-content\/uploads\/2025\/01\/IMG_0361.jpeg 1125w\" sizes=\"(max-width: 1024px) 100vw, 1024px\" \/><\/figure>\n\n\n\n<p>K\u00ebng\u00ebtarja me origjin\u00eb shqiptare, Dua Lipa thot\u00eb se \u00ebsht\u00eb larguar nga Los Anxhelosi dhe \u00ebsht\u00eb mir\u00eb dhe e sigurt.<\/p>\n\n\n\n<p>Kjo deklarat\u00eb e saj vjen pas zjarreve masive q\u00eb kan\u00eb shp\u00ebrthyer n\u00eb vend, e q\u00eb dhjet\u00eb persona humb\u00ebn jet\u00ebn, transmeton klankosova.tv.<\/p>\n\n\n\n<p>N\u00eb nj\u00eb postim n\u00eb Instagram, Dua Lipa k\u00ebrkon nga t\u00eb gjith\u00eb q\u00eb t\u00eb kujdesen p\u00ebr nj\u00ebri-tjetrin dhe t\u00eb q\u00ebndrojn\u00eb t\u00eb sigurt n\u00eb k\u00ebt\u00eb koh\u00eb t\u00eb v\u00ebshtir\u00eb.<\/p>\n\n\n\n<p>\u201cDit\u00eb absolutisht shkat\u00ebrruese dhe t\u00eb frikshme n\u00eb Los Anxhelos. Jam duke menduar p\u00ebr t\u00eb gjith\u00eb miqt\u00eb e mi dhe njer\u00ebzit e qytetit q\u00eb duhej t\u00eb evakuoheshin nga sht\u00ebpit\u00eb e tyre. Do t\u00eb ndaj disa kontakte q\u00eb gjej p\u00ebr k\u00ebdo q\u00eb d\u00ebshiron t\u00eb ndihmoj\u00eb dhe t\u00eb dhuroj\u00eb p\u00ebr godinat q\u00eb aktualisht strehojn\u00eb njer\u00ebzit e zhvendosur. Un\u00eb jam e sigurt dhe ja dola t\u00eb largohem nga qyteti. Ua d\u00ebrgoj dashurin\u00eb time t\u00eb gjith\u00eb atyre q\u00eb po kalojn\u00eb k\u00ebt\u00eb koh\u00eb tep\u00ebr t\u00eb v\u00ebshtir\u00eb. Q\u00ebndroni t\u00eb sigurt dhe kujdesuni p\u00ebr nj\u00ebri-tjetrin\u201d, ka shkruar Dua n\u00eb Instagram.<\/p>\n\n\n<div class=\"wp-block-image\">\n<figure class=\"aligncenter\"><a href=\"https:\/\/klankosova.tv\/wp-content\/uploads\/2025\/01\/5-2.jpg\"><img decoding=\"async\" src=\"https:\/\/klankosova.tv\/wp-content\/uploads\/2025\/01\/5-2.jpg\" alt=\"\" class=\"wp-image-2476778\"\/><\/a><\/figure>\n<\/div>","protected":false},"excerpt":{"rendered":"<p>K&euml;ng&euml;tarja me origjin&euml; shqiptare, Dua Lipa thot&euml; se &euml;sht&euml; larguar nga Los Anxhelosi dhe &euml;sht&euml; mir&euml; dhe e sigurt. Kjo deklarat&euml; e saj vjen pas zjarreve masive q&euml; kan&euml; shp&euml;rthyer n&euml; vend, e q&euml; dhjet&euml; persona humb&euml;n jet&euml;n, transmeton klankosova.tv. N&euml; nj&euml; postim n&euml; Instagram, Dua Lipa k&euml;rkon nga t&euml; gjith&euml; q&euml; t&euml; kujdesen p&euml;r [&hellip;]<\/p>\n","protected":false},"author":2,"featured_media":40029,"comment_status":"open","ping_status":"closed","sticky":false,"template":"","format":"standard","meta":{"_monsterinsights_skip_tracking":false,"_monsterinsights_sitenote_active":false,"_monsterinsights_sitenote_note":"","_monsterinsights_sitenote_category":0,"footnotes":""},"categories":[7],"tags":[],"class_list":["post-40028","post","type-post","status-publish","format-standard","has-post-thumbnail","hentry","category-showbizz"],"_links":{"self":[{"href":"https:\/\/radiojehona.mk\/index.php?rest_route=\/wp\/v2\/posts\/40028","targetHints":{"allow":["GET"]}}],"collection":[{"href":"https:\/\/radiojehona.mk\/index.php?rest_route=\/wp\/v2\/posts"}],"about":[{"href":"https:\/\/radiojehona.mk\/index.php?rest_route=\/wp\/v2\/types\/post"}],"author":[{"embeddable":true,"href":"https:\/\/radiojehona.mk\/index.php?rest_route=\/wp\/v2\/users\/2"}],"replies":[{"embeddable":true,"href":"https:\/\/radiojehona.mk\/index.php?rest_route=%2Fwp%2Fv2%2Fcomments&post=40028"}],"version-history":[{"count":2,"href":"https:\/\/radiojehona.mk\/index.php?rest_route=\/wp\/v2\/posts\/40028\/revisions"}],"predecessor-version":[{"id":40031,"href":"https:\/\/radiojehona.mk\/index.php?rest_route=\/wp\/v2\/posts\/40028\/revisions\/40031"}],"wp:featuredmedia":[{"embeddable":true,"href":"https:\/\/radiojehona.mk\/index.php?rest_route=\/wp\/v2\/media\/40029"}],"wp:attachment":[{"href":"https:\/\/radiojehona.mk\/index.php?rest_route=%2Fwp%2Fv2%2Fmedia&parent=40028"}],"wp:term":[{"taxonomy":"category","embeddable":true,"href":"https:\/\/radiojehona.mk\/index.php?rest_route=%2Fwp%2Fv2%2Fcategories&post=40028"},{"taxonomy":"post_tag","embeddable":true,"href":"https:\/\/radiojehona.mk\/index.php?rest_route=%2Fwp%2Fv2%2Ftags&post=40028"}],"curies":[{"name":"wp","href":"https:\/\/api.w.org\/{rel}","templated":true}]}}