{"id":40013,"date":"2025-01-10T18:42:05","date_gmt":"2025-01-10T18:42:05","guid":{"rendered":"https:\/\/radiojehona.com\/?p=40013"},"modified":"2025-01-10T18:42:05","modified_gmt":"2025-01-10T18:42:05","slug":"leternjoftimet-me-emrin-e-vjeter-te-shtetit-do-te-vlejne-deri-ne-skadimin-e-afatit-te-tyre","status":"publish","type":"post","link":"https:\/\/radiojehona.mk\/?p=40013","title":{"rendered":"Let\u00ebrnjoftimet me emrin e vjet\u00ebr t\u00eb shtetit do t\u00eb vlejn\u00eb deri n\u00eb skadimin e afatit t\u00eb tyre"},"content":{"rendered":"\n<figure class=\"wp-block-image size-large\"><img fetchpriority=\"high\" decoding=\"async\" width=\"1024\" height=\"728\" src=\"https:\/\/radiojehona.com\/wp-content\/uploads\/2025\/01\/IMG_0357-1024x728.jpeg\" alt=\"\" class=\"wp-image-40014\" srcset=\"https:\/\/radiojehona.mk\/wp-content\/uploads\/2025\/01\/IMG_0357-1024x728.jpeg 1024w, https:\/\/radiojehona.mk\/wp-content\/uploads\/2025\/01\/IMG_0357-300x213.jpeg 300w, https:\/\/radiojehona.mk\/wp-content\/uploads\/2025\/01\/IMG_0357-768x546.jpeg 768w, https:\/\/radiojehona.mk\/wp-content\/uploads\/2025\/01\/IMG_0357.jpeg 1125w\" sizes=\"(max-width: 1024px) 100vw, 1024px\" \/><\/figure>\n\n\n\n<p>Let\u00ebrnjoftimet me emrin e vjet\u00ebr t\u00eb shtetit do t\u00eb vazhdojn\u00eb t\u00eb vlejn\u00eb deri n\u00eb skadimin e afatit t\u00eb tyre. Ministri i Brendsh\u00ebm Pan\u00e7e Toshkovski tha se kartat e identitetit nuk kan\u00eb nevoj\u00eb t\u00eb ndryshohen n\u00ebse ende kan\u00eb afat ligjor dhe me to mund t\u00eb udh\u00ebtohet edhe jasht\u00eb shtetit, p\u00ebrkat\u00ebsisht me shtetet t\u00eb cilat ka marr\u00ebveshje dypal\u00ebshe.<\/p>\n\n\n\n<p>\u201cT\u00eb gjitha let\u00ebrnjoftimet t\u00eb cilat kan\u00eb afat n\u00eb kuad\u00ebr t\u00eb afatit kur jan\u00eb dh\u00ebn\u00eb do t\u00eb mund t\u00eb shfryt\u00ebzohen me t\u00eb gjitha ato shtetet me t\u00eb cilat kemi marr\u00ebveshje bilaterale q\u00eb t\u00eb mund t\u00eb kemi hyrje \u2013 dalje nga Maqedonia\u201d, tha Pan\u00e7e Toshkovski \u2013 Minist\u00ebr i Pun\u00ebve t\u00eb Brendshme.<\/p>\n\n\n\n<p>Nd\u00ebrkoh\u00eb afati q\u00eb t\u00eb nd\u00ebrrohen patentat me emrin e vjet\u00ebr t\u00eb shtetit ishte deri m\u00eb 31 dhjetor 2024, pasi kuvendi miratoi ndryshimet ligjore n\u00eb Ligjin p\u00ebr siguri n\u00eb komunikacionin rrugor. Pak dit\u00eb para fund vitit kishte mbi 800 mij\u00eb qytetar\u00eb t\u00eb cil\u00ebt ve\u00e7 m\u00eb kishin ndryshuar patentat nd\u00ebrsa me fillimin e janarit t\u00eb vitit 2025, patentat me emrin e vjet\u00ebr t\u00eb shtetit jan\u00eb t\u00eb pavlefsh\u00ebm. Ministri i Pun\u00ebve t\u00eb Brendshme apeloi deri tek policia rrugore q\u00eb n\u00eb vend t\u00eb gjobave t\u00eb japin v\u00ebrejtje p\u00ebr vozit\u00ebsit q\u00eb ende nuk kan\u00eb arritur t\u00eb ndryshojn\u00eb lejet e vozitjes dhe i kan\u00eb me afat.<\/p>\n\n\n\n<p>\u201cShumica e lejeve t\u00eb vozitjes ve\u00e7 m\u00eb jan\u00eb z\u00ebvend\u00ebsuar, un\u00eb ve\u00e7 m\u00eb b\u00ebra apel deri tek policia se nuk duhet q\u00eb qytetar\u00ebt e Maqedonis\u00eb t\u00eb jen\u00eb me faj p\u00ebr at\u00eb q\u00eb n\u00eb t\u00eb kaluar\u00ebn ka pasur politikan\u00eb q\u00eb nuk e kan\u00eb dashur shtetin. Dhe b\u00ebj apel q\u00eb t\u00eb respektojn\u00eb ndryshimet ligjore q\u00eb kan\u00eb t\u00eb b\u00ebjn\u00eb me v\u00ebrejtje dhe informim p\u00ebr t\u00eb gjith\u00eb ata q\u00eb do t\u00eb gjend\u00ebn me leje t\u00eb vozitjes e cila ka afat por nuk \u00ebsht\u00eb n\u00eb p\u00ebrputhje me ligjin\u201d, shtoi ai.<\/p>\n\n\n\n<p>P\u00ebrve\u00e7 afatit q\u00eb ishte i caktuar p\u00ebr lejet e vozitjes i nj\u00ebjti ishte edhe p\u00ebr targat e vjetra MK. Ato duhej t\u00eb ndryshohen me targa t\u00eb reja NMK ose t\u2019u vendoset ngjit\u00ebse me shenj\u00ebn NMK. Qytetar\u00ebt mund t\u2019i marrin ngjit\u00ebset NMK n\u00eb t\u00eb gjitha stacionet e kontrollit teknik.\/Alsat.mk<\/p>\n","protected":false},"excerpt":{"rendered":"<p>Let&euml;rnjoftimet me emrin e vjet&euml;r t&euml; shtetit do t&euml; vazhdojn&euml; t&euml; vlejn&euml; deri n&euml; skadimin e afatit t&euml; tyre. Ministri i Brendsh&euml;m Pan&ccedil;e Toshkovski tha se kartat e identitetit nuk kan&euml; nevoj&euml; t&euml; ndryshohen n&euml;se ende kan&euml; afat ligjor dhe me to mund t&euml; udh&euml;tohet edhe jasht&euml; shtetit, p&euml;rkat&euml;sisht me shtetet t&euml; cilat ka marr&euml;veshje [&hellip;]<\/p>\n","protected":false},"author":2,"featured_media":40014,"comment_status":"open","ping_status":"closed","sticky":false,"template":"","format":"standard","meta":{"_monsterinsights_skip_tracking":false,"_monsterinsights_sitenote_active":false,"_monsterinsights_sitenote_note":"","_monsterinsights_sitenote_category":0,"footnotes":""},"categories":[1],"tags":[],"class_list":["post-40013","post","type-post","status-publish","format-standard","has-post-thumbnail","hentry","category-vendi"],"_links":{"self":[{"href":"https:\/\/radiojehona.mk\/index.php?rest_route=\/wp\/v2\/posts\/40013","targetHints":{"allow":["GET"]}}],"collection":[{"href":"https:\/\/radiojehona.mk\/index.php?rest_route=\/wp\/v2\/posts"}],"about":[{"href":"https:\/\/radiojehona.mk\/index.php?rest_route=\/wp\/v2\/types\/post"}],"author":[{"embeddable":true,"href":"https:\/\/radiojehona.mk\/index.php?rest_route=\/wp\/v2\/users\/2"}],"replies":[{"embeddable":true,"href":"https:\/\/radiojehona.mk\/index.php?rest_route=%2Fwp%2Fv2%2Fcomments&post=40013"}],"version-history":[{"count":2,"href":"https:\/\/radiojehona.mk\/index.php?rest_route=\/wp\/v2\/posts\/40013\/revisions"}],"predecessor-version":[{"id":40016,"href":"https:\/\/radiojehona.mk\/index.php?rest_route=\/wp\/v2\/posts\/40013\/revisions\/40016"}],"wp:featuredmedia":[{"embeddable":true,"href":"https:\/\/radiojehona.mk\/index.php?rest_route=\/wp\/v2\/media\/40014"}],"wp:attachment":[{"href":"https:\/\/radiojehona.mk\/index.php?rest_route=%2Fwp%2Fv2%2Fmedia&parent=40013"}],"wp:term":[{"taxonomy":"category","embeddable":true,"href":"https:\/\/radiojehona.mk\/index.php?rest_route=%2Fwp%2Fv2%2Fcategories&post=40013"},{"taxonomy":"post_tag","embeddable":true,"href":"https:\/\/radiojehona.mk\/index.php?rest_route=%2Fwp%2Fv2%2Ftags&post=40013"}],"curies":[{"name":"wp","href":"https:\/\/api.w.org\/{rel}","templated":true}]}}