{"id":40009,"date":"2025-01-10T18:25:03","date_gmt":"2025-01-10T18:25:03","guid":{"rendered":"https:\/\/radiojehona.com\/?p=40009"},"modified":"2025-01-10T18:25:03","modified_gmt":"2025-01-10T18:25:03","slug":"fetai-ligji-per-branitellat-nje-sqarim-i-domosdoshem-rreth-pafytyresise-se-bdi-se-dhe-patericave","status":"publish","type":"post","link":"https:\/\/radiojehona.mk\/?p=40009","title":{"rendered":"Fetai: Ligji p\u00ebr branitellat \u2013 Nj\u00eb sqarim i domosdosh\u00ebm rreth pafytyr\u00ebsis\u00eb s\u00eb BDI-s\u00eb dhe patericave"},"content":{"rendered":"\n<figure class=\"wp-block-image size-large\"><img fetchpriority=\"high\" decoding=\"async\" width=\"1024\" height=\"581\" src=\"https:\/\/radiojehona.com\/wp-content\/uploads\/2025\/01\/IMG_0356-1024x581.jpeg\" alt=\"\" class=\"wp-image-40010\" srcset=\"https:\/\/radiojehona.mk\/wp-content\/uploads\/2025\/01\/IMG_0356-1024x581.jpeg 1024w, https:\/\/radiojehona.mk\/wp-content\/uploads\/2025\/01\/IMG_0356-300x170.jpeg 300w, https:\/\/radiojehona.mk\/wp-content\/uploads\/2025\/01\/IMG_0356-768x436.jpeg 768w, https:\/\/radiojehona.mk\/wp-content\/uploads\/2025\/01\/IMG_0356.jpeg 1125w\" sizes=\"(max-width: 1024px) 100vw, 1024px\" \/><\/figure>\n\n\n\n<p>Z\u00ebvend\u00ebskryeministri Arben Fetai p\u00ebrmes nj\u00eb postimi n\u00eb profilin e tij ka dh\u00ebn\u00eb nj\u00eb sqarim p\u00ebr ligjin e \u201cbranitellave\u201d pasi Kuvendi i Maqedonis\u00eb s\u00eb Veriut ka nisur sot seanc\u00ebn e par\u00eb t\u00eb k\u00ebtij viti, me dhe diskutuimin edhe k\u00ebt\u00eb ligj.<\/p>\n\n\n\n<p>Zv.Kryeministri Fetai shkruan se ky ligj, i cili u miratua p\u00ebr her\u00eb t\u00eb par\u00eb m\u00eb 2002 me mb\u00ebshtetjen e turpshme t\u00eb PDSH-s\u00eb, u amandamentua disa her\u00eb me votat e DUI-t p\u00ebr t\u00eb zgjeruar benefitet e branitellave, duke u kthyer n\u00eb nj\u00eb shembull flagrant t\u00eb tradhtis\u00eb politike ndaj interesave t\u00eb popullit shqiptar.&nbsp;<\/p>\n\n\n\n<p>Fetai m\u00eb tej thekson se ligji u amandamentua n\u00eb vitet 2003, 2004, 2007 dhe 2021. Natyrisht, DUI asnj\u00ebher\u00eb nuk b\u00ebri asgj\u00eb p\u00ebr ish-pjes\u00ebtar\u00ebt e U\u00c7K-s\u00eb dhe familjet e d\u00ebshmor\u00ebve, por vet\u00ebm thelloi diskriminimin ndaj tyre duke rritur benefitet p\u00ebr branitellat.<\/p>\n\n\n\n<p>\u201cLigji p\u00ebr branitellat \u00ebsht\u00eb lajm i vjet\u00ebr, por q\u00eb vazhdimisht e d\u00ebshmon karakterin manipulues t\u00eb DUI-t dhe munges\u00ebn e plot\u00eb t\u00eb nd\u00ebrgjegjes morale t\u00eb p\u00ebrfaq\u00ebsuesve t\u00eb saj.<\/p>\n\n\n\n<p>Ky ligj, i cili u miratua p\u00ebr her\u00eb t\u00eb par\u00eb m\u00eb 2002 me mb\u00ebshtetjen e turpshme t\u00eb PDSH-s\u00eb, u amandamentua disa her\u00eb me votat e DUI-t p\u00ebr t\u00eb zgjeruar benefitet e branitellave, duke u kthyer n\u00eb nj\u00eb shembull flagrant t\u00eb tradhtis\u00eb politike ndaj interesave t\u00eb popullit shqiptar.<br>Ligji u amandamentua n\u00eb vitet 2003, 2004, 2007 dhe 2021. Natyrisht, DUI asnj\u00ebher\u00eb nuk b\u00ebri asgj\u00eb p\u00ebr ish-pjes\u00ebtar\u00ebt e U\u00c7K-s\u00eb dhe familjet e d\u00ebshmor\u00ebve, por vet\u00ebm thelloi diskriminimin ndaj tyre duke rritur benefitet p\u00ebr branitellat.<br>Sa i p\u00ebrket deputetes s\u00eb DUI-t, Ilire Dauti, e cila sot shitet si patriote dhe luan rolin e viktim\u00ebs, \u00ebsht\u00eb e r\u00ebnd\u00ebsishme t\u00eb kujtojm\u00eb se e nj\u00ebjta, bashk\u00eb me deputet\u00ebt e tjer\u00eb t\u00eb DUI-t, votoi n\u00eb janar t\u00eb vitit 2024 p\u00ebr t\u00eb futur k\u00ebt\u00eb ligj n\u00eb procedur\u00eb parlamentare. Hipokrizia e tyre \u00ebsht\u00eb d\u00ebshmi e qart\u00eb se interesi shqiptar \u00ebsht\u00eb gjithnj\u00eb i fundit n\u00eb rendin e tyre t\u00eb prioriteteve. Prioritet i tyre ishin Llotaria dhe Soravia. Halli i tyre \u00ebsht\u00eb drejt\u00ebsia\u201d, ka p\u00ebrfunduar Fetai.<\/p>\n","protected":false},"excerpt":{"rendered":"<p>Z&euml;vend&euml;skryeministri Arben Fetai p&euml;rmes nj&euml; postimi n&euml; profilin e tij ka dh&euml;n&euml; nj&euml; sqarim p&euml;r ligjin e &ldquo;branitellave&rdquo; pasi Kuvendi i Maqedonis&euml; s&euml; Veriut ka nisur sot seanc&euml;n e par&euml; t&euml; k&euml;tij viti, me dhe diskutuimin edhe k&euml;t&euml; ligj. Zv.Kryeministri Fetai shkruan se ky ligj, i cili u miratua p&euml;r her&euml; t&euml; par&euml; m&euml; 2002 [&hellip;]<\/p>\n","protected":false},"author":2,"featured_media":40010,"comment_status":"open","ping_status":"closed","sticky":false,"template":"","format":"standard","meta":{"_monsterinsights_skip_tracking":false,"_monsterinsights_sitenote_active":false,"_monsterinsights_sitenote_note":"","_monsterinsights_sitenote_category":0,"footnotes":""},"categories":[1],"tags":[],"class_list":["post-40009","post","type-post","status-publish","format-standard","has-post-thumbnail","hentry","category-vendi"],"_links":{"self":[{"href":"https:\/\/radiojehona.mk\/index.php?rest_route=\/wp\/v2\/posts\/40009","targetHints":{"allow":["GET"]}}],"collection":[{"href":"https:\/\/radiojehona.mk\/index.php?rest_route=\/wp\/v2\/posts"}],"about":[{"href":"https:\/\/radiojehona.mk\/index.php?rest_route=\/wp\/v2\/types\/post"}],"author":[{"embeddable":true,"href":"https:\/\/radiojehona.mk\/index.php?rest_route=\/wp\/v2\/users\/2"}],"replies":[{"embeddable":true,"href":"https:\/\/radiojehona.mk\/index.php?rest_route=%2Fwp%2Fv2%2Fcomments&post=40009"}],"version-history":[{"count":2,"href":"https:\/\/radiojehona.mk\/index.php?rest_route=\/wp\/v2\/posts\/40009\/revisions"}],"predecessor-version":[{"id":40012,"href":"https:\/\/radiojehona.mk\/index.php?rest_route=\/wp\/v2\/posts\/40009\/revisions\/40012"}],"wp:featuredmedia":[{"embeddable":true,"href":"https:\/\/radiojehona.mk\/index.php?rest_route=\/wp\/v2\/media\/40010"}],"wp:attachment":[{"href":"https:\/\/radiojehona.mk\/index.php?rest_route=%2Fwp%2Fv2%2Fmedia&parent=40009"}],"wp:term":[{"taxonomy":"category","embeddable":true,"href":"https:\/\/radiojehona.mk\/index.php?rest_route=%2Fwp%2Fv2%2Fcategories&post=40009"},{"taxonomy":"post_tag","embeddable":true,"href":"https:\/\/radiojehona.mk\/index.php?rest_route=%2Fwp%2Fv2%2Ftags&post=40009"}],"curies":[{"name":"wp","href":"https:\/\/api.w.org\/{rel}","templated":true}]}}