{"id":40005,"date":"2025-01-10T18:22:32","date_gmt":"2025-01-10T18:22:32","guid":{"rendered":"https:\/\/radiojehona.com\/?p=40005"},"modified":"2025-01-10T18:22:33","modified_gmt":"2025-01-10T18:22:33","slug":"bdishkarkimi-i-ilire-dautit-tentim-i-turpshem-per-te-kaluar-ligjin-e-branitellave-me-cdo-kusht","status":"publish","type":"post","link":"https:\/\/radiojehona.mk\/?p=40005","title":{"rendered":"BDI:Shkarkimi i Ilire Dautit \u2013 Tentim i turpsh\u00ebm p\u00ebr t\u00eb kaluar ligjin e branitellave me \u00e7do kusht"},"content":{"rendered":"\n<figure class=\"wp-block-image size-large\"><img fetchpriority=\"high\" decoding=\"async\" width=\"1024\" height=\"641\" src=\"https:\/\/radiojehona.com\/wp-content\/uploads\/2025\/01\/IMG_0355-1024x641.jpeg\" alt=\"\" class=\"wp-image-40006\" srcset=\"https:\/\/radiojehona.mk\/wp-content\/uploads\/2025\/01\/IMG_0355-1024x641.jpeg 1024w, https:\/\/radiojehona.mk\/wp-content\/uploads\/2025\/01\/IMG_0355-300x188.jpeg 300w, https:\/\/radiojehona.mk\/wp-content\/uploads\/2025\/01\/IMG_0355-768x481.jpeg 768w, https:\/\/radiojehona.mk\/wp-content\/uploads\/2025\/01\/IMG_0355.jpeg 1125w\" sizes=\"(max-width: 1024px) 100vw, 1024px\" \/><\/figure>\n\n\n\n<p>Shumica parlamentare ka nd\u00ebrmarr\u00eb nj\u00eb akt t\u00eb turpsh\u00ebm dhe revanshist duke shkarkuar Ilire Dautin nga posti i Kryetares s\u00eb Komisionit p\u00ebr Politik\u00eb Sociale, vet\u00ebm pse ajo refuzoi t\u00eb kaloj\u00eb nj\u00eb ligj diskriminues q\u00eb kompenson vet\u00ebm \u201cbranitell\u00ebt\u201d e vitit 2001.<br>Ky vendim nuk \u00ebsht\u00eb asgj\u00eb tjet\u00ebr ve\u00e7se nj\u00eb goditje e drejtp\u00ebrdrejt\u00eb ndaj Marr\u00ebveshjes s\u00eb Ohrit dhe nj\u00eb p\u00ebrpjekje p\u00ebr ta zhvler\u00ebsuar at\u00eb n\u00eb \u00e7do form\u00eb.<\/p>\n\n\n\n<p>Qeveria aktuale, n\u00eb vend q\u00eb t\u00eb punoj\u00eb p\u00ebr unitet dhe barazi, po vepron me logjik\u00ebn e p\u00ebrjashtimit dhe revanshit.<\/p>\n\n\n\n<p>Ky \u00ebsht\u00eb nj\u00eb mesazh i qart\u00eb se shqiptar\u00ebt n\u00eb k\u00ebt\u00eb shtet shihen ende si qytetar\u00eb t\u00eb dor\u00ebs s\u00eb dyt\u00eb, dhe se sakrifica e tyre p\u00ebr barazi nuk do t\u00eb njihet kurr\u00eb nga nj\u00eb pushtet i kapur nga nostalgjia p\u00ebr t\u00eb kaluar\u00ebn. VLEN, si\u00e7 ka treguar edhe m\u00eb par\u00eb, ka luajtur rolin e vegl\u00ebs s\u00eb n\u00ebnshtruar, p\u00ebrball\u00eb k\u00ebtij akti t\u00eb turpsh\u00ebm.<\/p>\n\n\n\n<p>Kjo d\u00ebshmon edhe nj\u00eb her\u00eb se ata nuk jan\u00eb p\u00ebrfaq\u00ebsues t\u00eb interesave t\u00eb shqiptar\u00ebve, por sh\u00ebrb\u00ebtor\u00eb t\u00eb atyre q\u00eb duan t\u00eb minojn\u00eb t\u00eb drejtat tona kolektive. I b\u00ebjm\u00eb thirrje t\u00eb gjith\u00eb shqiptar\u00ebve t\u00eb q\u00ebndrojn\u00eb t\u00eb qet\u00eb, por t\u00eb mos pranojn\u00eb me heshtje k\u00ebt\u00eb padrejt\u00ebsi.<\/p>\n\n\n\n<p>Marr\u00ebveshja e Ohrit \u00ebsht\u00eb themeli mbi t\u00eb cilin \u00ebsht\u00eb nd\u00ebrtuar paqja dhe stabiliteti n\u00eb k\u00ebt\u00eb vend, dhe \u00e7do p\u00ebrpjekje p\u00ebr ta rr\u00ebnuar at\u00eb \u00ebsht\u00eb nj\u00eb k\u00ebrc\u00ebnim p\u00ebr t\u00eb ardhmen ton\u00eb t\u00eb p\u00ebrbashk\u00ebt.<\/p>\n\n\n\n<p>Kushdo q\u00eb sot mendon se mund t\u00eb fshij\u00eb t\u00eb v\u00ebrtet\u00ebn historike dhe t\u00eb rikthej\u00eb logjik\u00ebn e dominimit etnik, duhet ta dij\u00eb se do t\u00eb p\u00ebrballet me reagimin e fort\u00eb t\u00eb shqiptar\u00ebve.<br><br><\/p>\n\n\n\n<p><\/p>\n","protected":false},"excerpt":{"rendered":"<p>Shumica parlamentare ka nd&euml;rmarr&euml; nj&euml; akt t&euml; turpsh&euml;m dhe revanshist duke shkarkuar Ilire Dautin nga posti i Kryetares s&euml; Komisionit p&euml;r Politik&euml; Sociale, vet&euml;m pse ajo refuzoi t&euml; kaloj&euml; nj&euml; ligj diskriminues q&euml; kompenson vet&euml;m &ldquo;branitell&euml;t&rdquo; e vitit 2001.Ky vendim nuk &euml;sht&euml; asgj&euml; tjet&euml;r ve&ccedil;se nj&euml; goditje e drejtp&euml;rdrejt&euml; ndaj Marr&euml;veshjes s&euml; Ohrit dhe nj&euml; [&hellip;]<\/p>\n","protected":false},"author":2,"featured_media":40006,"comment_status":"open","ping_status":"closed","sticky":false,"template":"","format":"standard","meta":{"_monsterinsights_skip_tracking":false,"_monsterinsights_sitenote_active":false,"_monsterinsights_sitenote_note":"","_monsterinsights_sitenote_category":0,"footnotes":""},"categories":[1],"tags":[],"class_list":["post-40005","post","type-post","status-publish","format-standard","has-post-thumbnail","hentry","category-vendi"],"_links":{"self":[{"href":"https:\/\/radiojehona.mk\/index.php?rest_route=\/wp\/v2\/posts\/40005","targetHints":{"allow":["GET"]}}],"collection":[{"href":"https:\/\/radiojehona.mk\/index.php?rest_route=\/wp\/v2\/posts"}],"about":[{"href":"https:\/\/radiojehona.mk\/index.php?rest_route=\/wp\/v2\/types\/post"}],"author":[{"embeddable":true,"href":"https:\/\/radiojehona.mk\/index.php?rest_route=\/wp\/v2\/users\/2"}],"replies":[{"embeddable":true,"href":"https:\/\/radiojehona.mk\/index.php?rest_route=%2Fwp%2Fv2%2Fcomments&post=40005"}],"version-history":[{"count":2,"href":"https:\/\/radiojehona.mk\/index.php?rest_route=\/wp\/v2\/posts\/40005\/revisions"}],"predecessor-version":[{"id":40008,"href":"https:\/\/radiojehona.mk\/index.php?rest_route=\/wp\/v2\/posts\/40005\/revisions\/40008"}],"wp:featuredmedia":[{"embeddable":true,"href":"https:\/\/radiojehona.mk\/index.php?rest_route=\/wp\/v2\/media\/40006"}],"wp:attachment":[{"href":"https:\/\/radiojehona.mk\/index.php?rest_route=%2Fwp%2Fv2%2Fmedia&parent=40005"}],"wp:term":[{"taxonomy":"category","embeddable":true,"href":"https:\/\/radiojehona.mk\/index.php?rest_route=%2Fwp%2Fv2%2Fcategories&post=40005"},{"taxonomy":"post_tag","embeddable":true,"href":"https:\/\/radiojehona.mk\/index.php?rest_route=%2Fwp%2Fv2%2Ftags&post=40005"}],"curies":[{"name":"wp","href":"https:\/\/api.w.org\/{rel}","templated":true}]}}