{"id":40001,"date":"2025-01-10T18:20:05","date_gmt":"2025-01-10T18:20:05","guid":{"rendered":"https:\/\/radiojehona.com\/?p=40001"},"modified":"2025-01-10T18:20:06","modified_gmt":"2025-01-10T18:20:06","slug":"ne-javen-e-pare-te-vitit-2025-ne-kumanove-jane-regjistruar-55-raste-me-grip-sezonal","status":"publish","type":"post","link":"https:\/\/radiojehona.mk\/?p=40001","title":{"rendered":"N\u00eb jav\u00ebn e par\u00eb t\u00eb vitit 2025, n\u00eb Kumanov\u00eb jan\u00eb regjistruar 55 raste me grip sezonal"},"content":{"rendered":"\n<figure class=\"wp-block-image size-large\"><img fetchpriority=\"high\" decoding=\"async\" width=\"1024\" height=\"622\" src=\"https:\/\/radiojehona.com\/wp-content\/uploads\/2025\/01\/IMG_0354-1024x622.jpeg\" alt=\"\" class=\"wp-image-40002\" srcset=\"https:\/\/radiojehona.mk\/wp-content\/uploads\/2025\/01\/IMG_0354-1024x622.jpeg 1024w, https:\/\/radiojehona.mk\/wp-content\/uploads\/2025\/01\/IMG_0354-300x182.jpeg 300w, https:\/\/radiojehona.mk\/wp-content\/uploads\/2025\/01\/IMG_0354-768x466.jpeg 768w, https:\/\/radiojehona.mk\/wp-content\/uploads\/2025\/01\/IMG_0354.jpeg 1125w\" sizes=\"(max-width: 1024px) 100vw, 1024px\" \/><\/figure>\n\n\n\n<p>N\u00eb jav\u00ebn e par\u00eb t\u00eb vitit 2025, n\u00eb Kumanov\u00eb jan\u00eb regjistruar 55 raste me grip sezonal, tregojn\u00eb t\u00eb dh\u00ebnat e Institutit t\u00eb Sh\u00ebndetit Publik.<\/p>\n\n\n\n<p>N\u00eb nivel t\u00eb Maqedonis\u00eb jan\u00eb raportuar 331 raste ose 47,1% m\u00eb shum\u00eb krahasuar me jav\u00ebn e kaluar.<\/p>\n\n\n\n<p>Numri i t\u00eb regjistruarve k\u00ebt\u00eb jav\u00eb krahasuar me jav\u00ebn e par\u00eb t\u00eb sezonit t\u00eb kaluar \u00ebsht\u00eb ulur me 67,7%.<\/p>\n\n\n\n<p>P\u00ebrsa i p\u00ebrket shp\u00ebrndarjes s\u00eb mosh\u00ebs, 168 persona jan\u00eb t\u00eb mosh\u00ebs 15-64 vje\u00e7, 101 jan\u00eb f\u00ebmij\u00eb 5-14 vje\u00e7, 42 jan\u00eb f\u00ebmij\u00eb 0-4 vje\u00e7 dhe 20 jan\u00eb t\u00eb regjistruar si persona mbi 65 vje\u00e7.<\/p>\n\n\n\n<p>Incidenca m\u00eb e lart\u00eb (47.0\/100.000) \u00ebsht\u00eb regjistruar tek f\u00ebmij\u00ebt e mosh\u00ebs 5-14 vje\u00e7, nd\u00ebrsa tek f\u00ebmij\u00ebt e mosh\u00ebs 0-4 vje\u00e7 incidenca \u00ebsht\u00eb 43.5\/100.000.<\/p>\n\n\n\n<p>T\u00eb s\u00ebmur\u00ebt jan\u00eb raportuar nga 12 CPH\/PE, Dib\u00ebr \u2013 123, Kumanov\u00eb \u2013 55, Gostivar \u2013 40, Shkup \u2013 36, Tetov\u00eb \u2013 23, Kavadar \u2013 20, Strug\u00eb \u2013 12, dhe n\u00eb Strumic\u00eb, Kratov\u00eb, Manastir, Berov\u00eb dhe Radovish. numri i Numri i personave t\u00eb infektuar \u00ebsht\u00eb rreth ose m\u00eb pak se 10.<\/p>\n\n\n\n<p>\u2013 Ka nj\u00eb rritje t\u00eb numrit t\u00eb s\u00ebmundjeve t\u00eb ngjashme me gripin, i cili \u00ebsht\u00eb ende n\u00ebn kufirin javor p\u00ebr aktivitetin sezonal. Rezultatet e marra nga survejimi virologjik i gripit tregojn\u00eb se ka pasur aktivitet sporadik t\u00eb virusit t\u00eb influenc\u00ebs gjat\u00eb 14 jav\u00ebve t\u00eb fundit t\u00eb mbik\u00ebqyrjes. Sipas k\u00ebtyre t\u00eb dh\u00ebnave, R.S. Maqedonia ka intensitet t\u00eb ul\u00ebt t\u00eb virusit t\u00eb gripit, sipas Institutit t\u00eb Sh\u00ebndetit Publik.<\/p>\n","protected":false},"excerpt":{"rendered":"<p>N&euml; jav&euml;n e par&euml; t&euml; vitit 2025, n&euml; Kumanov&euml; jan&euml; regjistruar 55 raste me grip sezonal, tregojn&euml; t&euml; dh&euml;nat e Institutit t&euml; Sh&euml;ndetit Publik. N&euml; nivel t&euml; Maqedonis&euml; jan&euml; raportuar 331 raste ose 47,1% m&euml; shum&euml; krahasuar me jav&euml;n e kaluar. Numri i t&euml; regjistruarve k&euml;t&euml; jav&euml; krahasuar me jav&euml;n e par&euml; t&euml; sezonit t&euml; [&hellip;]<\/p>\n","protected":false},"author":2,"featured_media":40002,"comment_status":"open","ping_status":"closed","sticky":false,"template":"","format":"standard","meta":{"_monsterinsights_skip_tracking":false,"_monsterinsights_sitenote_active":false,"_monsterinsights_sitenote_note":"","_monsterinsights_sitenote_category":0,"footnotes":""},"categories":[1],"tags":[],"class_list":["post-40001","post","type-post","status-publish","format-standard","has-post-thumbnail","hentry","category-vendi"],"_links":{"self":[{"href":"https:\/\/radiojehona.mk\/index.php?rest_route=\/wp\/v2\/posts\/40001","targetHints":{"allow":["GET"]}}],"collection":[{"href":"https:\/\/radiojehona.mk\/index.php?rest_route=\/wp\/v2\/posts"}],"about":[{"href":"https:\/\/radiojehona.mk\/index.php?rest_route=\/wp\/v2\/types\/post"}],"author":[{"embeddable":true,"href":"https:\/\/radiojehona.mk\/index.php?rest_route=\/wp\/v2\/users\/2"}],"replies":[{"embeddable":true,"href":"https:\/\/radiojehona.mk\/index.php?rest_route=%2Fwp%2Fv2%2Fcomments&post=40001"}],"version-history":[{"count":2,"href":"https:\/\/radiojehona.mk\/index.php?rest_route=\/wp\/v2\/posts\/40001\/revisions"}],"predecessor-version":[{"id":40004,"href":"https:\/\/radiojehona.mk\/index.php?rest_route=\/wp\/v2\/posts\/40001\/revisions\/40004"}],"wp:featuredmedia":[{"embeddable":true,"href":"https:\/\/radiojehona.mk\/index.php?rest_route=\/wp\/v2\/media\/40002"}],"wp:attachment":[{"href":"https:\/\/radiojehona.mk\/index.php?rest_route=%2Fwp%2Fv2%2Fmedia&parent=40001"}],"wp:term":[{"taxonomy":"category","embeddable":true,"href":"https:\/\/radiojehona.mk\/index.php?rest_route=%2Fwp%2Fv2%2Fcategories&post=40001"},{"taxonomy":"post_tag","embeddable":true,"href":"https:\/\/radiojehona.mk\/index.php?rest_route=%2Fwp%2Fv2%2Ftags&post=40001"}],"curies":[{"name":"wp","href":"https:\/\/api.w.org\/{rel}","templated":true}]}}