{"id":39998,"date":"2025-01-10T09:52:21","date_gmt":"2025-01-10T09:52:21","guid":{"rendered":"https:\/\/radiojehona.com\/?p=39998"},"modified":"2025-01-10T09:52:22","modified_gmt":"2025-01-10T09:52:22","slug":"kthehet-ne-rishqyrtim-akuza-e-kasamit-ndaj-arifit-per-demtim-te-buxhetit-te-komunes-per-mbi-1-milion-euro","status":"publish","type":"post","link":"https:\/\/radiojehona.mk\/?p=39998","title":{"rendered":"Kthehet n\u00eb rishqyrtim akuza e Kasamit ndaj Arifit p\u00ebr d\u00ebmtim t\u00eb buxhetit t\u00eb komun\u00ebs p\u00ebr mbi 1 milion euro"},"content":{"rendered":"\n<figure class=\"wp-block-image size-large\"><img fetchpriority=\"high\" decoding=\"async\" width=\"1024\" height=\"726\" src=\"https:\/\/radiojehona.com\/wp-content\/uploads\/2025\/01\/IMG_0352-1024x726.jpeg\" alt=\"\" class=\"wp-image-39999\" srcset=\"https:\/\/radiojehona.mk\/wp-content\/uploads\/2025\/01\/IMG_0352-1024x726.jpeg 1024w, https:\/\/radiojehona.mk\/wp-content\/uploads\/2025\/01\/IMG_0352-300x213.jpeg 300w, https:\/\/radiojehona.mk\/wp-content\/uploads\/2025\/01\/IMG_0352-768x545.jpeg 768w, https:\/\/radiojehona.mk\/wp-content\/uploads\/2025\/01\/IMG_0352.jpeg 1125w\" sizes=\"(max-width: 1024px) 100vw, 1024px\" \/><\/figure>\n\n\n\n<p>Prokuroria e lart\u00eb Publike n\u00eb Gostivar ka kthyer n\u00eb rishqyrtim n\u00eb Prokurorin\u00eb e Tetov\u00ebs akuz\u00ebn e kreut t\u00eb Komun\u00ebs Bilall Kasami ndaj ish kryetares Teuta Arifi p\u00ebr d\u00ebmtim t\u00eb buxhetit t\u00eb komun\u00ebs me mbi 1 milion euro. Paraprakisht Prokurorin\u00eb e Tetov\u00ebs kishte vendosur se nuk kishte elemente p\u00ebr formim t\u00eb l\u00ebnd\u00ebs p\u00ebr keqp\u00ebrdorim t\u00eb detyr\u00ebs zyrtare.<\/p>\n\n\n\n<p>L\u00ebnda p\u00ebr t\u00eb cil\u00ebn b\u00ebhet fjal\u00eb, ka t\u00eb b\u00ebj me nj\u00eb shpron\u00ebsim, q\u00eb kap vler\u00ebn e 50.000 eurove. P\u00ebr shkak t\u00eb vonesave dhe kamat\u00ebs s\u00eb llogaritur, si dhe p\u00ebr shkak t\u00eb komuna nuk ka ndjekur n\u00eb koh\u00eb procedurat gjyq\u00ebsore q\u00eb jan\u00eb lidhur me rastin, buxheti i komun\u00ebs, \u00ebsht\u00eb d\u00ebmtuar p\u00ebr mbi 1 milion euro.<br>Kasami ka akuzuar gjyq\u00ebsorin p\u00ebr an\u00ebsi politike dhe p\u00ebr mosveprim.<\/p>\n\n\n\n<p>\u201cKy \u00ebsht\u00eb nd\u00ebr rastet m\u00eb tipike t\u00eb keqp\u00ebrdorimit t\u00eb mjeteve buxhetore p\u00ebr nj\u00eb l\u00ebnd\u00eb shpron\u00ebsimi q\u00eb realisht \u00ebsht\u00eb vler\u00ebsuar 50.000 euro, nd\u00ebrsa jan\u00eb zhvatur nga komuna Tetov\u00ebs mbi 1 milion euro. Ne kemi ndjekur gjitha procedurat gjyq\u00ebsore por fatkeq\u00ebsisht gjyq\u00ebsia e kapur deri m\u00eb tani nuk nd\u00ebrmori masa. Por duket nj\u00eb drit\u00eb n\u00eb fund t\u00eb tunelit. K\u00ebto dit\u00eb mor\u00ebm nj\u00eb p\u00ebrgjigje pozitive nga Prokuroria e lart\u00eb n\u00eb Gostivar e cila urdh\u00ebron prokurorin\u00eb e Tetov\u00ebs p\u00ebr ngritje t\u00eb procedur\u00ebs p\u00ebr padi penale p\u00ebr grup t\u00eb organizuar p\u00ebr gjith\u00eb ata q\u00eb jan\u00eb t\u00eb p\u00ebrfshir\u00eb n\u00eb k\u00ebt\u00eb l\u00ebnd\u00eb. Ne kemi qen\u00eb n\u00eb fillim n\u00eb kontakt me avokatin q\u00eb ka p\u00ebrfa\u00ebsuar komun\u00ebn e Tetov\u00ebs, ai arsyetohet se nuk ka nd\u00ebrmarr\u00eb hapa sepse dikush nga komuna e Tetov\u00ebs i ka dh\u00ebn\u00eb udh\u00ebzime q\u00eb t\u00eb mos veproj p\u00ebr k\u00ebt\u00eb l\u00ebnd\u00eb\u201d, tha Bilall Kasami, kryetar i komun\u00ebs s\u00eb Tetov\u00ebs.<\/p>\n\n\n\n<p>L\u00ebnda n\u00eb fjal\u00eb ka t\u00eb b\u00ebj me nj\u00eb pron\u00eb tek ish sht\u00ebpia e zjarrfik\u00ebsve n\u00eb bulevardin e Tetov\u00ebs q\u00eb pronarit i \u00ebsht\u00eb marr\u00eb n\u00eb vitet e tet\u00ebdhjeta, dhe q\u00eb at\u00ebher\u00eb, procedura ka vazhduar n\u00eb gjykat\u00eb deri n\u00eb vitin 2017, kur edhe merren vendimet q\u00eb sipas Kasamit jan\u00eb t\u00eb dyshimta.<\/p>\n\n\n\n<p>Objekti p\u00ebr t\u00eb cilin flitet ndodhej n\u00eb k\u00ebt\u00eb rrug\u00eb k\u00ebtu pas meje, dhe l\u00ebnda filloi q\u00eb n\u00eb vitin 1987 kur komuna i mori k\u00ebt\u00eb objekt dhe u b\u00eb shpron\u00ebsimi i tij, por, duke mos u pajtuar me vler\u00ebn e shpron\u00ebsimit pronari ankimoi l\u00ebnd\u00ebn n\u00eb gjyq, dhe q\u00eb nga 87 deri n\u00eb 98 l\u00ebnda \u00ebsht\u00eb zhagitur n\u00eb gjyq kur edhe \u00ebsht\u00eb b\u00ebr\u00eb rivler\u00ebsimi i objektit. Ky rivler\u00ebsim bashk\u00eb me kamat\u00eb vonesat q\u00eb nga 87, kapi vler\u00ebn e 1.1 milion eurove t\u00eb cilat q\u00eb nga viti 2022 jan\u00eb marr\u00eb nga komuna e Tetov\u00ebs.<\/p>\n\n\n\n<p>Sipas akuz\u00ebs s\u00eb Kasamit, n\u00eb keqp\u00ebrdorim dyshohet t\u00eb jen\u00eb p\u00ebrfshir\u00eb edhe disa persona t\u00eb tjer\u00eb nga komuna e Tetov\u00ebs po ashtu edhe t\u00eb pun\u00ebsuar n\u00eb gjykat\u00ebn themelore t\u00eb Tetov\u00ebs. \/Alsat\/<\/p>\n","protected":false},"excerpt":{"rendered":"<p>Prokuroria e lart&euml; Publike n&euml; Gostivar ka kthyer n&euml; rishqyrtim n&euml; Prokurorin&euml; e Tetov&euml;s akuz&euml;n e kreut t&euml; Komun&euml;s Bilall Kasami ndaj ish kryetares Teuta Arifi p&euml;r d&euml;mtim t&euml; buxhetit t&euml; komun&euml;s me mbi 1 milion euro. Paraprakisht Prokurorin&euml; e Tetov&euml;s kishte vendosur se nuk kishte elemente p&euml;r formim t&euml; l&euml;nd&euml;s p&euml;r keqp&euml;rdorim t&euml; detyr&euml;s [&hellip;]<\/p>\n","protected":false},"author":2,"featured_media":39999,"comment_status":"open","ping_status":"closed","sticky":false,"template":"","format":"standard","meta":{"_monsterinsights_skip_tracking":false,"_monsterinsights_sitenote_active":false,"_monsterinsights_sitenote_note":"","_monsterinsights_sitenote_category":0,"footnotes":""},"categories":[1],"tags":[],"class_list":["post-39998","post","type-post","status-publish","format-standard","has-post-thumbnail","hentry","category-vendi"],"_links":{"self":[{"href":"https:\/\/radiojehona.mk\/index.php?rest_route=\/wp\/v2\/posts\/39998","targetHints":{"allow":["GET"]}}],"collection":[{"href":"https:\/\/radiojehona.mk\/index.php?rest_route=\/wp\/v2\/posts"}],"about":[{"href":"https:\/\/radiojehona.mk\/index.php?rest_route=\/wp\/v2\/types\/post"}],"author":[{"embeddable":true,"href":"https:\/\/radiojehona.mk\/index.php?rest_route=\/wp\/v2\/users\/2"}],"replies":[{"embeddable":true,"href":"https:\/\/radiojehona.mk\/index.php?rest_route=%2Fwp%2Fv2%2Fcomments&post=39998"}],"version-history":[{"count":1,"href":"https:\/\/radiojehona.mk\/index.php?rest_route=\/wp\/v2\/posts\/39998\/revisions"}],"predecessor-version":[{"id":40000,"href":"https:\/\/radiojehona.mk\/index.php?rest_route=\/wp\/v2\/posts\/39998\/revisions\/40000"}],"wp:featuredmedia":[{"embeddable":true,"href":"https:\/\/radiojehona.mk\/index.php?rest_route=\/wp\/v2\/media\/39999"}],"wp:attachment":[{"href":"https:\/\/radiojehona.mk\/index.php?rest_route=%2Fwp%2Fv2%2Fmedia&parent=39998"}],"wp:term":[{"taxonomy":"category","embeddable":true,"href":"https:\/\/radiojehona.mk\/index.php?rest_route=%2Fwp%2Fv2%2Fcategories&post=39998"},{"taxonomy":"post_tag","embeddable":true,"href":"https:\/\/radiojehona.mk\/index.php?rest_route=%2Fwp%2Fv2%2Ftags&post=39998"}],"curies":[{"name":"wp","href":"https:\/\/api.w.org\/{rel}","templated":true}]}}