{"id":39990,"date":"2025-01-10T09:44:20","date_gmt":"2025-01-10T09:44:20","guid":{"rendered":"https:\/\/radiojehona.com\/?p=39990"},"modified":"2025-01-10T09:44:20","modified_gmt":"2025-01-10T09:44:20","slug":"vlen-denojme-provokimet-qe-veshtiresojne-dinamizimin-e-rruges-se-maqedonise-se-veriut-drejt-be-se","status":"publish","type":"post","link":"https:\/\/radiojehona.mk\/?p=39990","title":{"rendered":"VLEN: D\u00ebnojm\u00eb provokimet q\u00eb v\u00ebshtir\u00ebsojn\u00eb dinamizimin e rrug\u00ebs s\u00eb Maqedonis\u00eb s\u00eb Veriut drejt BE-s\u00eb"},"content":{"rendered":"\n<figure class=\"wp-block-image size-large\"><img fetchpriority=\"high\" decoding=\"async\" width=\"1024\" height=\"679\" src=\"https:\/\/radiojehona.com\/wp-content\/uploads\/2025\/01\/IMG_0349-1024x679.jpeg\" alt=\"\" class=\"wp-image-39991\" srcset=\"https:\/\/radiojehona.mk\/wp-content\/uploads\/2025\/01\/IMG_0349-1024x679.jpeg 1024w, https:\/\/radiojehona.mk\/wp-content\/uploads\/2025\/01\/IMG_0349-300x199.jpeg 300w, https:\/\/radiojehona.mk\/wp-content\/uploads\/2025\/01\/IMG_0349-768x509.jpeg 768w, https:\/\/radiojehona.mk\/wp-content\/uploads\/2025\/01\/IMG_0349.jpeg 1125w\" sizes=\"(max-width: 1024px) 100vw, 1024px\" \/><\/figure>\n\n\n\n<p>Koalicioni VLEN n\u00eb nj\u00eb kumtes\u00eb p\u00ebr media ka reaguar ndaj deklaratave t\u00eb nj\u00eb politikanit n\u00eb Bullgari, i cili tha se \u201cnuk ka asgj\u00eb m\u00eb logjike sesa bashkimi i Maqedonis\u00eb me Bullgarin\u00eb\u201d.<\/p>\n\n\n\n<p>\u201cVLEN shpreh shqet\u00ebsim dhe d\u00ebnon deklaratat e nj\u00eb politikani margjinal prorus n\u00eb Bullgari, i cili pretendon se \u201cnuk ka asgj\u00eb m\u00eb logjike sesa bashkimi i Maqedonis\u00eb me Bullgarin\u00eb\u201d. Deklarata t\u00eb tilla nuk kontribuojn\u00eb n\u00eb p\u00ebrmir\u00ebsimin e marr\u00ebdh\u00ebnieve mes dy vendeve fqinje dhe as nuk leht\u00ebsojn\u00eb procesin e integrimit t\u00eb Maqedonis\u00eb s\u00eb Veriut n\u00eb Bashkimin Evropian. Duam t\u00eb rikujtojm\u00eb se Bullgaria, p\u00ebrmes Marr\u00ebveshjes p\u00ebr Fqinj\u00ebsi t\u00eb Mir\u00eb, \u00ebsht\u00eb zotuar t\u00eb jet\u00eb partner, promovues dhe mb\u00ebshtet\u00ebs i Maqedonis\u00eb s\u00eb Veriut n\u00eb rrug\u00ebn drejt an\u00ebtar\u00ebsimit n\u00eb Bashkimin Evropian\u201d.<\/p>\n\n\n\n<p>\u201cKoalicioni VLEN, n\u00eb kuad\u00ebr t\u00eb Qeveris\u00eb, po b\u00ebn p\u00ebrpjekje serioze p\u00ebr t\u00eb hequr pengesat q\u00eb pengojn\u00eb p\u00ebrmbushjen e kushteve p\u00ebr an\u00ebtar\u00ebsim t\u00eb plot\u00eb n\u00eb BE. Megjithat\u00eb, provokime t\u00eb tilla e kthejn\u00eb prapa procesin dhe d\u00ebmtojn\u00eb p\u00ebrpjekjet e sinqerta p\u00ebr t\u00eb dinamizuar rrug\u00ebn e Maqedonis\u00eb s\u00eb Veriut drejt integrimit t\u00eb plot\u00eb n\u00eb familjen evropiane. VLEN do t\u00eb vazhdoj\u00eb t\u00eb punoj\u00eb p\u00ebr mbrojtjen e interesave t\u00eb qytetar\u00ebve t\u00eb Maqedonis\u00eb s\u00eb Veriut dhe p\u00ebr t\u00eb siguruar nj\u00eb rrug\u00eb t\u00eb sigurt drejt integrimeve evropiane\u201d, thon\u00eb nga VLEN.<\/p>\n","protected":false},"excerpt":{"rendered":"<p>Koalicioni VLEN n&euml; nj&euml; kumtes&euml; p&euml;r media ka reaguar ndaj deklaratave t&euml; nj&euml; politikanit n&euml; Bullgari, i cili tha se &ldquo;nuk ka asgj&euml; m&euml; logjike sesa bashkimi i Maqedonis&euml; me Bullgarin&euml;&rdquo;. &ldquo;VLEN shpreh shqet&euml;sim dhe d&euml;non deklaratat e nj&euml; politikani margjinal prorus n&euml; Bullgari, i cili pretendon se &ldquo;nuk ka asgj&euml; m&euml; logjike sesa bashkimi [&hellip;]<\/p>\n","protected":false},"author":2,"featured_media":39991,"comment_status":"open","ping_status":"closed","sticky":false,"template":"","format":"standard","meta":{"_monsterinsights_skip_tracking":false,"_monsterinsights_sitenote_active":false,"_monsterinsights_sitenote_note":"","_monsterinsights_sitenote_category":0,"footnotes":""},"categories":[1],"tags":[],"class_list":["post-39990","post","type-post","status-publish","format-standard","has-post-thumbnail","hentry","category-vendi"],"_links":{"self":[{"href":"https:\/\/radiojehona.mk\/index.php?rest_route=\/wp\/v2\/posts\/39990","targetHints":{"allow":["GET"]}}],"collection":[{"href":"https:\/\/radiojehona.mk\/index.php?rest_route=\/wp\/v2\/posts"}],"about":[{"href":"https:\/\/radiojehona.mk\/index.php?rest_route=\/wp\/v2\/types\/post"}],"author":[{"embeddable":true,"href":"https:\/\/radiojehona.mk\/index.php?rest_route=\/wp\/v2\/users\/2"}],"replies":[{"embeddable":true,"href":"https:\/\/radiojehona.mk\/index.php?rest_route=%2Fwp%2Fv2%2Fcomments&post=39990"}],"version-history":[{"count":2,"href":"https:\/\/radiojehona.mk\/index.php?rest_route=\/wp\/v2\/posts\/39990\/revisions"}],"predecessor-version":[{"id":39993,"href":"https:\/\/radiojehona.mk\/index.php?rest_route=\/wp\/v2\/posts\/39990\/revisions\/39993"}],"wp:featuredmedia":[{"embeddable":true,"href":"https:\/\/radiojehona.mk\/index.php?rest_route=\/wp\/v2\/media\/39991"}],"wp:attachment":[{"href":"https:\/\/radiojehona.mk\/index.php?rest_route=%2Fwp%2Fv2%2Fmedia&parent=39990"}],"wp:term":[{"taxonomy":"category","embeddable":true,"href":"https:\/\/radiojehona.mk\/index.php?rest_route=%2Fwp%2Fv2%2Fcategories&post=39990"},{"taxonomy":"post_tag","embeddable":true,"href":"https:\/\/radiojehona.mk\/index.php?rest_route=%2Fwp%2Fv2%2Ftags&post=39990"}],"curies":[{"name":"wp","href":"https:\/\/api.w.org\/{rel}","templated":true}]}}