{"id":39986,"date":"2025-01-10T09:40:14","date_gmt":"2025-01-10T09:40:14","guid":{"rendered":"https:\/\/radiojehona.com\/?p=39986"},"modified":"2025-01-10T09:40:15","modified_gmt":"2025-01-10T09:40:15","slug":"bdi-lsdm-ka-zgjedhur-te-shfrytezon-valen-e-albanofobise-duke-ndjekur-rrugen-e-vmro-dpmne-se","status":"publish","type":"post","link":"https:\/\/radiojehona.mk\/?p=39986","title":{"rendered":"BDI: LSDM ka zgjedhur t\u00eb shfryt\u00ebzon val\u00ebn e albanofobis\u00eb, duke ndjekur rrug\u00ebn e VMRO-DPMNE-s\u00eb"},"content":{"rendered":"\n<figure class=\"wp-block-image size-large\"><img fetchpriority=\"high\" decoding=\"async\" width=\"1024\" height=\"603\" src=\"https:\/\/radiojehona.com\/wp-content\/uploads\/2025\/01\/IMG_0348-1024x603.jpeg\" alt=\"\" class=\"wp-image-39987\" srcset=\"https:\/\/radiojehona.mk\/wp-content\/uploads\/2025\/01\/IMG_0348-1024x603.jpeg 1024w, https:\/\/radiojehona.mk\/wp-content\/uploads\/2025\/01\/IMG_0348-300x177.jpeg 300w, https:\/\/radiojehona.mk\/wp-content\/uploads\/2025\/01\/IMG_0348-768x453.jpeg 768w, https:\/\/radiojehona.mk\/wp-content\/uploads\/2025\/01\/IMG_0348.jpeg 1125w\" sizes=\"(max-width: 1024px) 100vw, 1024px\" \/><\/figure>\n\n\n\n<p>N\u00eb nj\u00eb p\u00ebrpjekje t\u00eb d\u00ebshp\u00ebruar p\u00ebr t\u00eb mbijetuar politikisht, LSDM ka zgjedhur t\u00eb shfryt\u00ebzon val\u00ebn e albanofobis\u00eb, duke ndjekur rrug\u00ebn e VMRO-DPMNE-s\u00eb.<\/p>\n\n\n\n<p>N\u00eb vend q\u00eb t\u00eb p\u00ebrballet me kriz\u00ebn e vet dhe t\u00eb marr\u00eb p\u00ebrgjegj\u00ebsin\u00eb p\u00ebr d\u00ebshtimin e tyre, ajo po k\u00ebrkon shp\u00ebtim duke i ushqyer maqedonasve nj\u00eb armik t\u00eb rrem\u00eb: shqiptar\u00ebt.<\/p>\n\n\n\n<p>Por e v\u00ebrteta \u00ebsht\u00eb e thjesht\u00eb: maqedonasit nuk e urrejn\u00eb BDI-n\u00eb se kinse paska korrupsion \u2013 ata e urrejn\u00eb sepse BDI fuqizoi shqiptar\u00ebt dhe ndryshoi ekuilibrat e vjet\u00ebr t\u00eb pushtetit dhe prishi monopolet etnike. Ata nuk e shohin BDI-n\u00eb si problem t\u00eb krimit, sepse vet\u00eb partit\u00eb maqedonase kan\u00eb sunduar k\u00ebt\u00eb vend p\u00ebr 30 vjet duke e pla\u00e7kitur dhe degraduar.<\/p>\n\n\n\n<p>Maqedonasit sot po manipulohet t\u00eb besojn\u00eb se shqiptar\u00ebt jan\u00eb k\u00ebrc\u00ebnimi i tyre ekzistencial. Por kush po e mbjell k\u00ebt\u00eb ide?<\/p>\n\n\n\n<p>Sot, partit\u00eb maqedonase, duke pasur n\u00eb krye t\u00eb qeveris\u00eb eksponent\u00eb t\u00eb \u2018bot\u00ebs serbe\u2019, po mbjellin tek maqedonasit frik\u00ebn se shqiptar\u00ebt jan\u00eb armiku i tyre. N\u00eb realitet, shqiptar\u00ebt nuk kan\u00eb qen\u00eb dhe nuk jan\u00eb k\u00ebrc\u00ebnimi ekzistencial i maqedonasve.<\/p>\n\n\n\n<p>K\u00ebrc\u00ebnimi i tyre i v\u00ebrtet\u00eb jan\u00eb ata q\u00eb mohojn\u00eb kish\u00ebn e tyre, gjuh\u00ebn e tyre, identitetin e tyre.<\/p>\n\n\n\n<p>Ata q\u00eb duan ta mbajn\u00eb Maqedonin\u00eb e Veriut t\u00eb dob\u00ebt, t\u00eb izoluar dhe t\u00eb p\u00ebr\u00e7ar\u00eb, jan\u00eb ata q\u00eb po injektojn\u00eb k\u00ebt\u00eb psikologji frike. Albanofobia nuk \u00ebsht\u00eb nj\u00eb ndjenj\u00eb spontane e maqedonasve \u2013 ajo \u00ebsht\u00eb nj\u00eb projekt politik, i nxitur dhe i financuar nga interesa t\u00eb huaja p\u00ebr ta mbajtur Maqedonin\u00eb e Veriut peng t\u00eb konfliktit dhe pasiguris\u00eb.<\/p>\n\n\n\n<p>Dhe fatkeq\u00ebsisht, partit\u00eb maqedonase, n\u00eb vend q\u00eb t\u00eb udh\u00ebheqin popullin e tyre drejt nj\u00eb t\u00eb ardhmeje t\u00eb p\u00ebrbashk\u00ebt dhe t\u00eb sigurt, po zgjedhin ta p\u00ebrdorin k\u00ebt\u00eb ndjenj\u00eb p\u00ebr p\u00ebrfitime t\u00eb ul\u00ebta politike.<\/p>\n\n\n\n<p>Gjat\u00eb periudh\u00ebs kur LSDM ishte n\u00eb opozit\u00eb, deri n\u00eb vitin 2017, kjo parti kishte b\u00ebr\u00eb nj\u00eb fushat\u00eb t\u00eb fuqishme kund\u00ebr BDI-s\u00eb, duke e akuzuar p\u00ebr sh\u00ebrbyerjen si \u201cpateric\u00eb e VMRO-s\u00eb.\u201d<\/p>\n\n\n\n<p>Ata tani po ndjekin t\u00eb nj\u00ebjtin udh\u00ebzim, duke p\u00ebrdorur albanofobin\u00eb si nj\u00eb mjet p\u00ebr t\u00eb fituar pik\u00eb politike. Por koha e k\u00ebtyre loj\u00ebrave po mbaron. Shqiptar\u00ebt nuk do t\u00eb pranojn\u00eb t\u00eb b\u00ebhen kurban i politikave t\u00eb d\u00ebshtuara t\u00eb LSDM-s\u00eb apo DPMNE-s\u00eb apo i agjendave t\u00eb huaja q\u00eb punojn\u00eb kund\u00ebr Maqedonis\u00eb s\u00eb Veriut. Ky vend nuk ka t\u00eb ardhme mbi urrejtjen dhe ndarjet etnike.<\/p>\n\n\n\n<p>Ata q\u00eb sot zgjedhin t\u00eb nxisin p\u00ebr\u00e7arje, nes\u00ebr do t\u00eb mbeten vet\u00ebm n\u00eb rr\u00ebnojat e nj\u00eb politike t\u00eb djegur.&nbsp;<strong>BDI<\/strong><\/p>\n","protected":false},"excerpt":{"rendered":"<p>N&euml; nj&euml; p&euml;rpjekje t&euml; d&euml;shp&euml;ruar p&euml;r t&euml; mbijetuar politikisht, LSDM ka zgjedhur t&euml; shfryt&euml;zon val&euml;n e albanofobis&euml;, duke ndjekur rrug&euml;n e VMRO-DPMNE-s&euml;. N&euml; vend q&euml; t&euml; p&euml;rballet me kriz&euml;n e vet dhe t&euml; marr&euml; p&euml;rgjegj&euml;sin&euml; p&euml;r d&euml;shtimin e tyre, ajo po k&euml;rkon shp&euml;tim duke i ushqyer maqedonasve nj&euml; armik t&euml; rrem&euml;: shqiptar&euml;t. Por e v&euml;rteta [&hellip;]<\/p>\n","protected":false},"author":2,"featured_media":39987,"comment_status":"open","ping_status":"closed","sticky":false,"template":"","format":"standard","meta":{"_monsterinsights_skip_tracking":false,"_monsterinsights_sitenote_active":false,"_monsterinsights_sitenote_note":"","_monsterinsights_sitenote_category":0,"footnotes":""},"categories":[1],"tags":[],"class_list":["post-39986","post","type-post","status-publish","format-standard","has-post-thumbnail","hentry","category-vendi"],"_links":{"self":[{"href":"https:\/\/radiojehona.mk\/index.php?rest_route=\/wp\/v2\/posts\/39986","targetHints":{"allow":["GET"]}}],"collection":[{"href":"https:\/\/radiojehona.mk\/index.php?rest_route=\/wp\/v2\/posts"}],"about":[{"href":"https:\/\/radiojehona.mk\/index.php?rest_route=\/wp\/v2\/types\/post"}],"author":[{"embeddable":true,"href":"https:\/\/radiojehona.mk\/index.php?rest_route=\/wp\/v2\/users\/2"}],"replies":[{"embeddable":true,"href":"https:\/\/radiojehona.mk\/index.php?rest_route=%2Fwp%2Fv2%2Fcomments&post=39986"}],"version-history":[{"count":2,"href":"https:\/\/radiojehona.mk\/index.php?rest_route=\/wp\/v2\/posts\/39986\/revisions"}],"predecessor-version":[{"id":39989,"href":"https:\/\/radiojehona.mk\/index.php?rest_route=\/wp\/v2\/posts\/39986\/revisions\/39989"}],"wp:featuredmedia":[{"embeddable":true,"href":"https:\/\/radiojehona.mk\/index.php?rest_route=\/wp\/v2\/media\/39987"}],"wp:attachment":[{"href":"https:\/\/radiojehona.mk\/index.php?rest_route=%2Fwp%2Fv2%2Fmedia&parent=39986"}],"wp:term":[{"taxonomy":"category","embeddable":true,"href":"https:\/\/radiojehona.mk\/index.php?rest_route=%2Fwp%2Fv2%2Fcategories&post=39986"},{"taxonomy":"post_tag","embeddable":true,"href":"https:\/\/radiojehona.mk\/index.php?rest_route=%2Fwp%2Fv2%2Ftags&post=39986"}],"curies":[{"name":"wp","href":"https:\/\/api.w.org\/{rel}","templated":true}]}}