{"id":39982,"date":"2025-01-10T09:38:27","date_gmt":"2025-01-10T09:38:27","guid":{"rendered":"https:\/\/radiojehona.com\/?p=39982"},"modified":"2025-01-10T09:38:27","modified_gmt":"2025-01-10T09:38:27","slug":"deputetet-i-kthehen-punes-do-te-diskutojne-per-interpelancat-ndaj-mexhitit-stoilkoviqit-toshkovskit-isenit-dhe-dautit","status":"publish","type":"post","link":"https:\/\/radiojehona.mk\/?p=39982","title":{"rendered":"Deputet\u00ebt i kthehen pun\u00ebs, do t\u00eb diskutojn\u00eb p\u00ebr interpelancat ndaj Mexhitit, Stoilkoviqit, Toshkovskit, Isenit dhe Dautit"},"content":{"rendered":"\n<figure class=\"wp-block-image size-large\"><img fetchpriority=\"high\" decoding=\"async\" width=\"1024\" height=\"553\" src=\"https:\/\/radiojehona.com\/wp-content\/uploads\/2025\/01\/IMG_0347-1024x553.jpeg\" alt=\"\" class=\"wp-image-39983\" srcset=\"https:\/\/radiojehona.mk\/wp-content\/uploads\/2025\/01\/IMG_0347-1024x553.jpeg 1024w, https:\/\/radiojehona.mk\/wp-content\/uploads\/2025\/01\/IMG_0347-300x162.jpeg 300w, https:\/\/radiojehona.mk\/wp-content\/uploads\/2025\/01\/IMG_0347-768x415.jpeg 768w, https:\/\/radiojehona.mk\/wp-content\/uploads\/2025\/01\/IMG_0347.jpeg 1125w\" sizes=\"(max-width: 1024px) 100vw, 1024px\" \/><\/figure>\n\n\n\n<p>Kuvendi i RMV-s\u00eb sot do t\u00eb nis\u00eb seanc\u00ebn e 29-t\u00eb, me pes\u00eb interpelanca n\u00eb rend dite. Kat\u00ebr interpelanca jan\u00eb dor\u00ebzuar nga deputet\u00ebt e Frontit Evropian kund\u00ebr pun\u00ebs s\u00eb z\u00ebvend\u00ebskryeministrave Izet Mexhiti dhe Ivan Stoilkoviq, ministrit t\u00eb Brendsh\u00ebm Pan\u00e7e Toshkovski dhe z\u00ebvend\u00ebsit t\u00eb tij Astrit Iseni. Interpelanc\u00ebn e pest\u00eb e ka dor\u00ebzuar \u201cE Majta\u201d lidhur me pun\u00ebn e kryetares s\u00eb Komisionit p\u00ebr Politik\u00eb Sociale, Demografi dhe Rini, Ilire Dauti.<\/p>\n\n\n\n<p>Shumica e partive parlamentare si n\u00eb pushtet ashtu edhe n\u00eb opozit\u00eb nuk do t\u2019i pranojn\u00eb interpelancat p\u00ebr kat\u00ebr ministrat aktual\u00eb t\u00eb qeveris\u00eb, nd\u00ebrsa kan\u00eb th\u00ebn\u00eb se para seanc\u00ebs s\u00eb sotme do t\u00eb merret q\u00ebndrim p\u00ebr interpelanc\u00ebn e Dautit. Megjithat\u00eb, thon\u00eb se edhe n\u00ebse interpelanca p\u00ebr t\u00eb kalon, Fronti Evropian mund ta rikandidoj\u00eb Dautin p\u00ebr kryetare t\u00eb Komisionit.<\/p>\n\n\n\n<p>Sipas Rregullores s\u00eb Kuvendit, debati dhe votimi i interpelancave do t\u00eb jet\u00eb individual. Sado deputet\u00eb t\u00eb regjistruar do t\u00eb debatojn\u00eb, por votimi duhet t\u00eb b\u00ebhet n\u00eb fund t\u00eb dit\u00ebs, pra para mesnat\u00ebs. Megjithat\u00eb, ligjv\u00ebn\u00ebsit shpresojn\u00eb se i gjith\u00eb debati mund t\u00eb p\u00ebrfundoj\u00eb brenda nj\u00eb dite.<\/p>\n\n\n\n<p>Kryetari i Kuvendit, Afrim Gashi, n\u00eb mbledhjen e fundit para Vitit t\u00eb Ri ka njoftuar gazetar\u00ebt se \u00e7do interpelanc\u00eb do t\u00eb shqyrtohet ve\u00e7mas dhe se mund t\u00eb diskutohet gjat\u00eb gjith\u00eb dit\u00ebs ose var\u00ebsisht se sa deputet\u00eb t\u00eb regjistruar kan\u00eb fjal\u00ebn e tyre. Megjithat\u00eb, shtoi ai, n\u00eb fund t\u00eb dit\u00ebs duhet t\u00eb votohet.<\/p>\n\n\n\n<p>Sipas tij, interpelanca si instrument nuk ka asnj\u00eb pasoj\u00eb juridike dhe nuk ka pushtet ekzekutiv. Ai \u00ebsht\u00eb m\u00eb shum\u00eb nj\u00eb mjet demokratik p\u00ebr diskutim politik rreth nj\u00eb teme t\u00eb vetme, rreth nj\u00eb zyrtari t\u00eb vet\u00ebm ose nj\u00eb personi t\u00eb zgjedhur dhe t\u00eb em\u00ebruar nga Kuvendi.<\/p>\n\n\n\n<p>Kryeministri Hristijan Mickoski tha se gjat\u00eb debatit t\u00eb sot\u00ebm p\u00ebr interpelancat pret kritika t\u00eb pabaza dhe p\u00ebrpjekje q\u00eb do t\u00eb p\u00ebrfundoj\u00eb me d\u00ebshtim, sulme q\u00eb do t\u00eb polarizojn\u00eb dhe nxisin ndjenjat e intoleranc\u00ebs nd\u00ebretnike.<\/p>\n","protected":false},"excerpt":{"rendered":"<p>Kuvendi i RMV-s&euml; sot do t&euml; nis&euml; seanc&euml;n e 29-t&euml;, me pes&euml; interpelanca n&euml; rend dite. Kat&euml;r interpelanca jan&euml; dor&euml;zuar nga deputet&euml;t e Frontit Evropian kund&euml;r pun&euml;s s&euml; z&euml;vend&euml;skryeministrave Izet Mexhiti dhe Ivan Stoilkoviq, ministrit t&euml; Brendsh&euml;m Pan&ccedil;e Toshkovski dhe z&euml;vend&euml;sit t&euml; tij Astrit Iseni. Interpelanc&euml;n e pest&euml; e ka dor&euml;zuar &ldquo;E Majta&rdquo; lidhur me [&hellip;]<\/p>\n","protected":false},"author":2,"featured_media":39983,"comment_status":"open","ping_status":"closed","sticky":false,"template":"","format":"standard","meta":{"_monsterinsights_skip_tracking":false,"_monsterinsights_sitenote_active":false,"_monsterinsights_sitenote_note":"","_monsterinsights_sitenote_category":0,"footnotes":""},"categories":[1],"tags":[],"class_list":["post-39982","post","type-post","status-publish","format-standard","has-post-thumbnail","hentry","category-vendi"],"_links":{"self":[{"href":"https:\/\/radiojehona.mk\/index.php?rest_route=\/wp\/v2\/posts\/39982","targetHints":{"allow":["GET"]}}],"collection":[{"href":"https:\/\/radiojehona.mk\/index.php?rest_route=\/wp\/v2\/posts"}],"about":[{"href":"https:\/\/radiojehona.mk\/index.php?rest_route=\/wp\/v2\/types\/post"}],"author":[{"embeddable":true,"href":"https:\/\/radiojehona.mk\/index.php?rest_route=\/wp\/v2\/users\/2"}],"replies":[{"embeddable":true,"href":"https:\/\/radiojehona.mk\/index.php?rest_route=%2Fwp%2Fv2%2Fcomments&post=39982"}],"version-history":[{"count":2,"href":"https:\/\/radiojehona.mk\/index.php?rest_route=\/wp\/v2\/posts\/39982\/revisions"}],"predecessor-version":[{"id":39985,"href":"https:\/\/radiojehona.mk\/index.php?rest_route=\/wp\/v2\/posts\/39982\/revisions\/39985"}],"wp:featuredmedia":[{"embeddable":true,"href":"https:\/\/radiojehona.mk\/index.php?rest_route=\/wp\/v2\/media\/39983"}],"wp:attachment":[{"href":"https:\/\/radiojehona.mk\/index.php?rest_route=%2Fwp%2Fv2%2Fmedia&parent=39982"}],"wp:term":[{"taxonomy":"category","embeddable":true,"href":"https:\/\/radiojehona.mk\/index.php?rest_route=%2Fwp%2Fv2%2Fcategories&post=39982"},{"taxonomy":"post_tag","embeddable":true,"href":"https:\/\/radiojehona.mk\/index.php?rest_route=%2Fwp%2Fv2%2Ftags&post=39982"}],"curies":[{"name":"wp","href":"https:\/\/api.w.org\/{rel}","templated":true}]}}