{"id":39970,"date":"2025-01-10T07:53:46","date_gmt":"2025-01-10T07:53:46","guid":{"rendered":"https:\/\/radiojehona.com\/?p=39970"},"modified":"2025-01-10T07:53:46","modified_gmt":"2025-01-10T07:53:46","slug":"infektologu-ahmeti-hmpv-nuk-ploteson-kriteret-per-te-qene-pandemi-e-permasave-te-covidit","status":"publish","type":"post","link":"https:\/\/radiojehona.mk\/?p=39970","title":{"rendered":"Infektologu Ahmeti: HMPV nuk plot\u00ebson kriteret p\u00ebr t\u00eb qen\u00eb pandemi e p\u00ebrmasave t\u00eb Covidit"},"content":{"rendered":"\n<figure class=\"wp-block-image size-large\"><img fetchpriority=\"high\" decoding=\"async\" width=\"1024\" height=\"659\" src=\"https:\/\/radiojehona.com\/wp-content\/uploads\/2025\/01\/IMG_0345-1024x659.jpeg\" alt=\"\" class=\"wp-image-39971\" srcset=\"https:\/\/radiojehona.mk\/wp-content\/uploads\/2025\/01\/IMG_0345-1024x659.jpeg 1024w, https:\/\/radiojehona.mk\/wp-content\/uploads\/2025\/01\/IMG_0345-300x193.jpeg 300w, https:\/\/radiojehona.mk\/wp-content\/uploads\/2025\/01\/IMG_0345-768x494.jpeg 768w, https:\/\/radiojehona.mk\/wp-content\/uploads\/2025\/01\/IMG_0345.jpeg 1125w\" sizes=\"(max-width: 1024px) 100vw, 1024px\" \/><\/figure>\n\n\n\n<p>N\u00eb lidhje me k\u00ebt\u00eb virus, Sali Ahmeti, infektolog, ka shpjeguar se HMPV \u00ebsht\u00eb nj\u00eb virus i ri q\u00eb manifeston infeksione t\u00eb rrug\u00ebve t\u00eb frym\u00ebmarrjes dhe zakonisht shfaqet gjat\u00eb dimrit dhe kah fundi i vjesht\u00ebs. Ai e ka krahasuar k\u00ebt\u00eb virus me gripin, duke theksuar se n\u00eb shumic\u00ebn e rasteve, simptomat jan\u00eb t\u00eb lehta dhe p\u00ebrfshijn\u00eb ethe, lodhje, plog\u00ebshti, z\u00ebnie hund\u00ebsh dhe kollitje. N\u00eb raste m\u00eb t\u00eb r\u00ebnda, mund t\u00eb ndodhin fishk\u00ebllima t\u00eb mushk\u00ebrive dhe komplikacione t\u00eb tjera si bronkiti apo pneumonia.<\/p>\n\n\n\n<p>\u2018\u2019\u00cbsht\u00eb nj\u00eb virus q\u00eb manifestohet me manifestime klinike zakonisht t\u00eb lehta q\u00eb shfaqen me ethe lodhje, plog\u00ebshti z\u00ebnie hund\u00ebsh e kollitje e n\u00eb raste m\u00eb t\u00eb r\u00ebnda ndonj\u00ebher\u00eb mund t\u00eb ket\u00eb edhe fishk\u00ebllima t\u00eb mushk\u00ebrive dhe kjo pra \u00ebsht\u00eb forma m\u00eb e zakonshme e tij n\u00eb shumic\u00ebn e rasteve. Pra ky kalon leht\u00ebsisht, n\u00eb form\u00ebn e nj\u00eb ftohjeje t\u00eb zakonshme dhe n\u00eb shumic\u00ebn e rasteve p\u00ebrfundon k\u00ebshtu nd\u00ebrsa n\u00eb&nbsp; raste m\u00eb t\u00eb r\u00ebnda mund t\u00eb manifestohet me bronkit infeksion t\u00eb rrug\u00ebve t\u00eb sip\u00ebrme t\u00eb frym\u00ebmarrjes apo edhe me form\u00eb t\u00eb prekjes s\u00eb mushk\u00ebrive n\u00eb form\u00eb t\u00eb pneumonis\u00eb\u2019\u2019,&nbsp;deklaroi Ahmeti.<\/p>\n","protected":false},"excerpt":{"rendered":"<p>N&euml; lidhje me k&euml;t&euml; virus, Sali Ahmeti, infektolog, ka shpjeguar se HMPV &euml;sht&euml; nj&euml; virus i ri q&euml; manifeston infeksione t&euml; rrug&euml;ve t&euml; frym&euml;marrjes dhe zakonisht shfaqet gjat&euml; dimrit dhe kah fundi i vjesht&euml;s. Ai e ka krahasuar k&euml;t&euml; virus me gripin, duke theksuar se n&euml; shumic&euml;n e rasteve, simptomat jan&euml; t&euml; lehta dhe p&euml;rfshijn&euml; [&hellip;]<\/p>\n","protected":false},"author":2,"featured_media":39971,"comment_status":"open","ping_status":"closed","sticky":false,"template":"","format":"standard","meta":{"_monsterinsights_skip_tracking":false,"_monsterinsights_sitenote_active":false,"_monsterinsights_sitenote_note":"","_monsterinsights_sitenote_category":0,"footnotes":""},"categories":[1],"tags":[],"class_list":["post-39970","post","type-post","status-publish","format-standard","has-post-thumbnail","hentry","category-vendi"],"_links":{"self":[{"href":"https:\/\/radiojehona.mk\/index.php?rest_route=\/wp\/v2\/posts\/39970","targetHints":{"allow":["GET"]}}],"collection":[{"href":"https:\/\/radiojehona.mk\/index.php?rest_route=\/wp\/v2\/posts"}],"about":[{"href":"https:\/\/radiojehona.mk\/index.php?rest_route=\/wp\/v2\/types\/post"}],"author":[{"embeddable":true,"href":"https:\/\/radiojehona.mk\/index.php?rest_route=\/wp\/v2\/users\/2"}],"replies":[{"embeddable":true,"href":"https:\/\/radiojehona.mk\/index.php?rest_route=%2Fwp%2Fv2%2Fcomments&post=39970"}],"version-history":[{"count":2,"href":"https:\/\/radiojehona.mk\/index.php?rest_route=\/wp\/v2\/posts\/39970\/revisions"}],"predecessor-version":[{"id":39973,"href":"https:\/\/radiojehona.mk\/index.php?rest_route=\/wp\/v2\/posts\/39970\/revisions\/39973"}],"wp:featuredmedia":[{"embeddable":true,"href":"https:\/\/radiojehona.mk\/index.php?rest_route=\/wp\/v2\/media\/39971"}],"wp:attachment":[{"href":"https:\/\/radiojehona.mk\/index.php?rest_route=%2Fwp%2Fv2%2Fmedia&parent=39970"}],"wp:term":[{"taxonomy":"category","embeddable":true,"href":"https:\/\/radiojehona.mk\/index.php?rest_route=%2Fwp%2Fv2%2Fcategories&post=39970"},{"taxonomy":"post_tag","embeddable":true,"href":"https:\/\/radiojehona.mk\/index.php?rest_route=%2Fwp%2Fv2%2Ftags&post=39970"}],"curies":[{"name":"wp","href":"https:\/\/api.w.org\/{rel}","templated":true}]}}