{"id":39966,"date":"2025-01-10T07:50:51","date_gmt":"2025-01-10T07:50:51","guid":{"rendered":"https:\/\/radiojehona.com\/?p=39966"},"modified":"2025-01-10T07:50:51","modified_gmt":"2025-01-10T07:50:51","slug":"mot-me-diell-dhe-vranesira","status":"publish","type":"post","link":"https:\/\/radiojehona.mk\/?p=39966","title":{"rendered":"Mot me diell dhe vran\u00ebsira"},"content":{"rendered":"\n<figure class=\"wp-block-image size-large\"><img fetchpriority=\"high\" decoding=\"async\" width=\"1024\" height=\"612\" src=\"https:\/\/radiojehona.com\/wp-content\/uploads\/2025\/01\/IMG_0344-1024x612.jpeg\" alt=\"\" class=\"wp-image-39967\" srcset=\"https:\/\/radiojehona.mk\/wp-content\/uploads\/2025\/01\/IMG_0344-1024x612.jpeg 1024w, https:\/\/radiojehona.mk\/wp-content\/uploads\/2025\/01\/IMG_0344-300x179.jpeg 300w, https:\/\/radiojehona.mk\/wp-content\/uploads\/2025\/01\/IMG_0344-768x459.jpeg 768w, https:\/\/radiojehona.mk\/wp-content\/uploads\/2025\/01\/IMG_0344.jpeg 1125w\" sizes=\"(max-width: 1024px) 100vw, 1024px\" \/><\/figure>\n\n\n\n<p>Moti me diell dhe vran\u00ebsira t\u00eb dendura parashihet t\u00eb premten.&nbsp;<\/p>\n\n\n\n<p>Vran\u00ebsirat parashihen t\u00eb sjellin riga shiu n\u00eb vise t\u00eb ul\u00ebta, dersisa n\u00eb viset malore parashihen fjolla bore, ka njoftuar Instituti Hidrometeorologjik i Kosov\u00ebs.<\/p>\n\n\n\n<p>Temperaturat minimale 0-3 grad\u00eb Celsius,nd\u00ebrsa maksimalet e dit\u00ebs parashihen t\u00eb l\u00ebvizin nd\u00ebrmjet 5 -10\u00b0C.<\/p>\n","protected":false},"excerpt":{"rendered":"<p>Moti me diell dhe vran&euml;sira t&euml; dendura parashihet t&euml; premten.&nbsp; Vran&euml;sirat parashihen t&euml; sjellin riga shiu n&euml; vise t&euml; ul&euml;ta, dersisa n&euml; viset malore parashihen fjolla bore, ka njoftuar Instituti Hidrometeorologjik i Kosov&euml;s. Temperaturat minimale 0-3 grad&euml; Celsius,nd&euml;rsa maksimalet e dit&euml;s parashihen t&euml; l&euml;vizin nd&euml;rmjet 5 -10&deg;C.<\/p>\n","protected":false},"author":2,"featured_media":39967,"comment_status":"open","ping_status":"closed","sticky":false,"template":"","format":"standard","meta":{"_monsterinsights_skip_tracking":false,"_monsterinsights_sitenote_active":false,"_monsterinsights_sitenote_note":"","_monsterinsights_sitenote_category":0,"footnotes":""},"categories":[1],"tags":[],"class_list":["post-39966","post","type-post","status-publish","format-standard","has-post-thumbnail","hentry","category-vendi"],"_links":{"self":[{"href":"https:\/\/radiojehona.mk\/index.php?rest_route=\/wp\/v2\/posts\/39966","targetHints":{"allow":["GET"]}}],"collection":[{"href":"https:\/\/radiojehona.mk\/index.php?rest_route=\/wp\/v2\/posts"}],"about":[{"href":"https:\/\/radiojehona.mk\/index.php?rest_route=\/wp\/v2\/types\/post"}],"author":[{"embeddable":true,"href":"https:\/\/radiojehona.mk\/index.php?rest_route=\/wp\/v2\/users\/2"}],"replies":[{"embeddable":true,"href":"https:\/\/radiojehona.mk\/index.php?rest_route=%2Fwp%2Fv2%2Fcomments&post=39966"}],"version-history":[{"count":2,"href":"https:\/\/radiojehona.mk\/index.php?rest_route=\/wp\/v2\/posts\/39966\/revisions"}],"predecessor-version":[{"id":39969,"href":"https:\/\/radiojehona.mk\/index.php?rest_route=\/wp\/v2\/posts\/39966\/revisions\/39969"}],"wp:featuredmedia":[{"embeddable":true,"href":"https:\/\/radiojehona.mk\/index.php?rest_route=\/wp\/v2\/media\/39967"}],"wp:attachment":[{"href":"https:\/\/radiojehona.mk\/index.php?rest_route=%2Fwp%2Fv2%2Fmedia&parent=39966"}],"wp:term":[{"taxonomy":"category","embeddable":true,"href":"https:\/\/radiojehona.mk\/index.php?rest_route=%2Fwp%2Fv2%2Fcategories&post=39966"},{"taxonomy":"post_tag","embeddable":true,"href":"https:\/\/radiojehona.mk\/index.php?rest_route=%2Fwp%2Fv2%2Ftags&post=39966"}],"curies":[{"name":"wp","href":"https:\/\/api.w.org\/{rel}","templated":true}]}}