{"id":39955,"date":"2025-01-09T12:04:18","date_gmt":"2025-01-09T12:04:18","guid":{"rendered":"https:\/\/radiojehona.com\/?p=39955"},"modified":"2025-01-09T12:04:19","modified_gmt":"2025-01-09T12:04:19","slug":"nje-parazit-i-rrezikshem-eshte-gjetur-ne-peshqit-e-ngrire-kujdes","status":"publish","type":"post","link":"https:\/\/radiojehona.mk\/?p=39955","title":{"rendered":"Nj\u00eb parazit i rreziksh\u00ebm \u00ebsht\u00eb gjetur n\u00eb peshqit e ngrir\u00eb, kujdes!"},"content":{"rendered":"\n<figure class=\"wp-block-image size-full\"><img fetchpriority=\"high\" decoding=\"async\" width=\"640\" height=\"396\" src=\"https:\/\/radiojehona.com\/wp-content\/uploads\/2025\/01\/peshku-ngririe.jpg\" alt=\"\" class=\"wp-image-39956\" srcset=\"https:\/\/radiojehona.mk\/wp-content\/uploads\/2025\/01\/peshku-ngririe.jpg 640w, https:\/\/radiojehona.mk\/wp-content\/uploads\/2025\/01\/peshku-ngririe-300x186.jpg 300w\" sizes=\"(max-width: 640px) 100vw, 640px\" \/><\/figure>\n\n\n\n<p>Peshku i ngrir\u00eb i llojit merluc me afat deri m\u00eb 8 janar 2026 po t\u00ebrhiqet nga shitja, njoftoi Konzum n\u00eb Kroaci, duke theksuar se produkti i tyre i njohur osliq, duhet t\u00eb t\u00ebrhiqet nga gjitha vendet ku \u00ebsht\u00eb i eksportuar.<\/p>\n\n\n\n<p>\u201cN\u00ebse keni bler\u00eb nj\u00eb paketim t\u00eb till\u00eb, jeni t\u00eb lir\u00eb ta ktheni at\u00eb n\u00eb \u00e7do dyqan dhe t\u00eb merrni nj\u00eb rimbursim p\u00ebr t\u00eb. Jemi n\u00eb dispozicionin tuaj p\u00ebr \u00e7do pyetje dhe sugjerim shtes\u00eb\u201d, njoftoi Konzum konsumator\u00ebt e saj.<\/p>\n\n\n\n<p>Jav\u00ebn e kaluar, faqja e internetit \u201cHello Inspector\u201d raportoi se paraziti Anisakis (krimba) u zbulua n\u00eb merlucin e ngrir\u00eb. \u00cbsht\u00eb nj\u00eb parazit i gjinis\u00eb Anisakis q\u00eb jeton n\u00eb zorr\u00ebt e peshkut. N\u00ebse peshku nuk \u00ebsht\u00eb gatuar si\u00e7 duhet, ai mund t\u00eb zhvillohet n\u00eb zorr\u00ebt e njeriut, transmeton Index.(INA)<\/p>\n","protected":false},"excerpt":{"rendered":"<p>Peshku i ngrir&euml; i llojit merluc me afat deri m&euml; 8 janar 2026 po t&euml;rhiqet nga shitja, njoftoi Konzum n&euml; Kroaci, duke theksuar se produkti i tyre i njohur osliq, duhet t&euml; t&euml;rhiqet nga gjitha vendet ku &euml;sht&euml; i eksportuar. &ldquo;N&euml;se keni bler&euml; nj&euml; paketim t&euml; till&euml;, jeni t&euml; lir&euml; ta ktheni at&euml; n&euml; &ccedil;do [&hellip;]<\/p>\n","protected":false},"author":2,"featured_media":39956,"comment_status":"open","ping_status":"closed","sticky":false,"template":"","format":"standard","meta":{"_monsterinsights_skip_tracking":false,"_monsterinsights_sitenote_active":false,"_monsterinsights_sitenote_note":"","_monsterinsights_sitenote_category":0,"footnotes":""},"categories":[1],"tags":[],"class_list":["post-39955","post","type-post","status-publish","format-standard","has-post-thumbnail","hentry","category-vendi"],"_links":{"self":[{"href":"https:\/\/radiojehona.mk\/index.php?rest_route=\/wp\/v2\/posts\/39955","targetHints":{"allow":["GET"]}}],"collection":[{"href":"https:\/\/radiojehona.mk\/index.php?rest_route=\/wp\/v2\/posts"}],"about":[{"href":"https:\/\/radiojehona.mk\/index.php?rest_route=\/wp\/v2\/types\/post"}],"author":[{"embeddable":true,"href":"https:\/\/radiojehona.mk\/index.php?rest_route=\/wp\/v2\/users\/2"}],"replies":[{"embeddable":true,"href":"https:\/\/radiojehona.mk\/index.php?rest_route=%2Fwp%2Fv2%2Fcomments&post=39955"}],"version-history":[{"count":2,"href":"https:\/\/radiojehona.mk\/index.php?rest_route=\/wp\/v2\/posts\/39955\/revisions"}],"predecessor-version":[{"id":39958,"href":"https:\/\/radiojehona.mk\/index.php?rest_route=\/wp\/v2\/posts\/39955\/revisions\/39958"}],"wp:featuredmedia":[{"embeddable":true,"href":"https:\/\/radiojehona.mk\/index.php?rest_route=\/wp\/v2\/media\/39956"}],"wp:attachment":[{"href":"https:\/\/radiojehona.mk\/index.php?rest_route=%2Fwp%2Fv2%2Fmedia&parent=39955"}],"wp:term":[{"taxonomy":"category","embeddable":true,"href":"https:\/\/radiojehona.mk\/index.php?rest_route=%2Fwp%2Fv2%2Fcategories&post=39955"},{"taxonomy":"post_tag","embeddable":true,"href":"https:\/\/radiojehona.mk\/index.php?rest_route=%2Fwp%2Fv2%2Ftags&post=39955"}],"curies":[{"name":"wp","href":"https:\/\/api.w.org\/{rel}","templated":true}]}}