{"id":39952,"date":"2025-01-09T12:03:23","date_gmt":"2025-01-09T12:03:23","guid":{"rendered":"https:\/\/radiojehona.com\/?p=39952"},"modified":"2025-01-09T12:03:24","modified_gmt":"2025-01-09T12:03:24","slug":"a-paraqet-gjuha-shqipe-problem-per-siljanovsken-zbulohen-nenet-qe-i-pengojne-presidentes","status":"publish","type":"post","link":"https:\/\/radiojehona.mk\/?p=39952","title":{"rendered":"A paraqet \u201cGjuha shqipe\u201d problem p\u00ebr Siljanovsk\u00ebn\/ Zbulohen nenet q\u00eb i \u201cpengojn\u00eb\u201d Presidentes!"},"content":{"rendered":"\n<figure class=\"wp-block-image size-full\"><img fetchpriority=\"high\" decoding=\"async\" width=\"750\" height=\"430\" src=\"https:\/\/radiojehona.com\/wp-content\/uploads\/2025\/01\/gordana-siljanovska-780x439-1-750x430-1-1.png\" alt=\"\" class=\"wp-image-39953\" srcset=\"https:\/\/radiojehona.mk\/wp-content\/uploads\/2025\/01\/gordana-siljanovska-780x439-1-750x430-1-1.png 750w, https:\/\/radiojehona.mk\/wp-content\/uploads\/2025\/01\/gordana-siljanovska-780x439-1-750x430-1-1-300x172.png 300w\" sizes=\"(max-width: 750px) 100vw, 750px\" \/><\/figure>\n\n\n\n<p>Mos dekretimi i ligjit p\u00ebr mbrojtje t\u00eb f\u00ebmij\u00ebve p\u00ebr shkak t\u00eb gjuh\u00ebs shqipe nga ana e presidentes \u00ebsht\u00eb b\u00ebr\u00eb tema kryesore n\u00eb vend tashm\u00eb nj\u00eb jav\u00eb.<\/p>\n\n\n\n<p>Analsit politik dhe parti politike kan\u00eb dal\u00eb me q\u00ebndrime, disa kund\u00ebr e disa n\u00eb mbrojtje t\u00eb vendimit t\u00eb presidentes.<\/p>\n\n\n\n<p>Mediat kan\u00eb zbuluar edhe nenet t\u00eb cilat jan\u00eb t\u00eb \u201cpapranueshme\u201d p\u00ebr presidenten dhe p\u00ebr shkak t\u00eb s\u00eb cil\u00ebs presidentja Siljanovksa nuk e ka n\u00ebnshkruan ligjin n\u00eb fjal\u00eb.<\/p>\n\n\n\n<p>Ja \u00e7far\u00eb thon\u00eb disa nga nenet q\u00eb jan\u00eb problematike p\u00ebr presidenten.<\/p>\n\n\n\n<p>Neni 9, Paragrafi (4) ndryshohet si vijon: \u201c(4) Licenca e pun\u00ebs \u00ebsht\u00eb dokument publik dhe l\u00ebshohet n\u00eb dy kopje, nj\u00ebra prej t\u00eb cilave \u00ebsht\u00eb p\u00ebr aplikantin dhe kopja tjet\u00ebr i mbetet ministris\u00eb. Licenca e pun\u00ebs l\u00ebshohet n\u00eb gjuh\u00ebn maqedonase dhe alfabetin e saj cirilik dhe n\u00eb gjuh\u00ebn q\u00eb flasin 20% e qytetar\u00ebve t\u00eb Republik\u00ebs s\u00eb Maqedonis\u00eb s\u00eb Veriut dhe alfabetin e saj.<\/p>\n\n\n\n<p>Problematike p\u00ebr Siljanovsk\u00ebn \u00ebsht\u00eb edhe neni 10 q\u00eb thot\u00eb:<\/p>\n\n\n\n<p>Neni 10<\/p>\n\n\n\n<p>N\u00eb nenin 177-b paragrafi (2) ndryshohet si vijon:<\/p>\n\n\n\n<p>\u201c(2) Pjesa e par\u00eb e provimit nga paragrafi (1) i k\u00ebtij neni jepet n\u00eb m\u00ebnyr\u00eb elektronike, n\u00eb gjuh\u00ebn maqedonase dhe alfabetin e saj cirilik dhe n\u00eb gjuh\u00ebn q\u00eb e flasin 20% e qytetar\u00ebve t\u00eb Republik\u00ebs s\u00eb Maqedonis\u00eb s\u00eb Veriut dhe shkrimi i saj, duke iu p\u00ebrgjigjur nj\u00eb numri t\u00eb caktuar t\u00eb pyetjeve t\u00eb testit elektronik n\u00eb kompjuter.<\/p>\n\n\n\n<p>Pas paragrafit (3), shtohen dy paragraf\u00eb t\u00eb rinj (4) dhe (5), t\u00eb cil\u00ebt thon\u00eb:<\/p>\n\n\n\n<p>,,(4) Me p\u00ebrjashtim nga paragrafi (2) i k\u00ebtij neni, n\u00eb rast se sistemi i vet\u00ebm elektronik p\u00ebr dh\u00ebnien e provimit profesional p\u00ebr marrjen e licenc\u00ebs s\u00eb pun\u00ebs nuk \u00ebsht\u00eb n\u00eb funksion dhe p\u00ebr shkak t\u00eb urgjenc\u00ebs q\u00eb t\u00eb mos vij\u00eb deri te pengesa n\u00eb vazhdim\u00ebsin\u00eb e procesit t\u00eb licencimit, provimi nga paragrafi (1) i k\u00ebtij neni b\u00ebhet me shkrim, n\u00eb let\u00ebr, n\u00eb gjuh\u00ebn maqedonase dhe shkrimi i saj cirilik dhe gjuha q\u00eb flasin 20% e qytetar\u00ebve t\u00eb Republik\u00ebs s\u00eb Maqedonis\u00eb s\u00eb Veriut dhe shkrimi i saj. Neni (5) M\u00ebnyr\u00ebn e dh\u00ebnies s\u00eb provimit nga paragraf\u00ebt (2) dhe (4) t\u00eb k\u00ebtij neni e p\u00ebrcakton ministri.<\/p>\n\n\n\n<p>Ndryshe, presidentja Gordana Siljanovska Dafkova n\u00eb paraqitjen e saj\u00eb t\u00eb fundit ka k\u00ebrkuar t\u00eb shqyrtohen dy nenet e lart\u00eb-p\u00ebrmendura. Ajo gjithashtu ka k\u00ebrkuar q\u00eb edhe nj\u00ebher\u00eb t\u00eb mendohet n\u00ebse kjo m\u00ebnyr\u00eb e dh\u00ebnies s\u00eb provimit dhe marrje e licenc\u00ebs nuk do t\u00eb l\u00eb hap\u00ebsir\u00eb p\u00ebr autorizim diskrecional. Megjithat\u00eb, shtoi se nuk ka p\u00ebrdorur veto dhe nuk \u00ebsht\u00eb kund\u00ebr asnj\u00eb gjuhe dhe komuniteti dhe se fjal\u00ebn e fundit p\u00ebr k\u00ebt\u00eb e kan\u00eb vet deputet\u00ebt e Kuvendit. \/tvklan.mk\/<\/p>\n","protected":false},"excerpt":{"rendered":"<p>Mos dekretimi i ligjit p&euml;r mbrojtje t&euml; f&euml;mij&euml;ve p&euml;r shkak t&euml; gjuh&euml;s shqipe nga ana e presidentes &euml;sht&euml; b&euml;r&euml; tema kryesore n&euml; vend tashm&euml; nj&euml; jav&euml;. Analsit politik dhe parti politike kan&euml; dal&euml; me q&euml;ndrime, disa kund&euml;r e disa n&euml; mbrojtje t&euml; vendimit t&euml; presidentes. Mediat kan&euml; zbuluar edhe nenet t&euml; cilat jan&euml; t&euml; &ldquo;papranueshme&rdquo; [&hellip;]<\/p>\n","protected":false},"author":2,"featured_media":39953,"comment_status":"open","ping_status":"closed","sticky":false,"template":"","format":"standard","meta":{"_monsterinsights_skip_tracking":false,"_monsterinsights_sitenote_active":false,"_monsterinsights_sitenote_note":"","_monsterinsights_sitenote_category":0,"footnotes":""},"categories":[1],"tags":[],"class_list":["post-39952","post","type-post","status-publish","format-standard","has-post-thumbnail","hentry","category-vendi"],"_links":{"self":[{"href":"https:\/\/radiojehona.mk\/index.php?rest_route=\/wp\/v2\/posts\/39952","targetHints":{"allow":["GET"]}}],"collection":[{"href":"https:\/\/radiojehona.mk\/index.php?rest_route=\/wp\/v2\/posts"}],"about":[{"href":"https:\/\/radiojehona.mk\/index.php?rest_route=\/wp\/v2\/types\/post"}],"author":[{"embeddable":true,"href":"https:\/\/radiojehona.mk\/index.php?rest_route=\/wp\/v2\/users\/2"}],"replies":[{"embeddable":true,"href":"https:\/\/radiojehona.mk\/index.php?rest_route=%2Fwp%2Fv2%2Fcomments&post=39952"}],"version-history":[{"count":1,"href":"https:\/\/radiojehona.mk\/index.php?rest_route=\/wp\/v2\/posts\/39952\/revisions"}],"predecessor-version":[{"id":39954,"href":"https:\/\/radiojehona.mk\/index.php?rest_route=\/wp\/v2\/posts\/39952\/revisions\/39954"}],"wp:featuredmedia":[{"embeddable":true,"href":"https:\/\/radiojehona.mk\/index.php?rest_route=\/wp\/v2\/media\/39953"}],"wp:attachment":[{"href":"https:\/\/radiojehona.mk\/index.php?rest_route=%2Fwp%2Fv2%2Fmedia&parent=39952"}],"wp:term":[{"taxonomy":"category","embeddable":true,"href":"https:\/\/radiojehona.mk\/index.php?rest_route=%2Fwp%2Fv2%2Fcategories&post=39952"},{"taxonomy":"post_tag","embeddable":true,"href":"https:\/\/radiojehona.mk\/index.php?rest_route=%2Fwp%2Fv2%2Ftags&post=39952"}],"curies":[{"name":"wp","href":"https:\/\/api.w.org\/{rel}","templated":true}]}}