{"id":39949,"date":"2025-01-09T12:02:25","date_gmt":"2025-01-09T12:02:25","guid":{"rendered":"https:\/\/radiojehona.com\/?p=39949"},"modified":"2025-01-09T12:02:26","modified_gmt":"2025-01-09T12:02:26","slug":"shtresa-e-bores-ne-koder-te-diellit-arrin-39-cm","status":"publish","type":"post","link":"https:\/\/radiojehona.mk\/?p=39949","title":{"rendered":"Shtresa e bor\u00ebs n\u00eb Kod\u00ebr t\u00eb Diellit arrin 39 cm"},"content":{"rendered":"\n<figure class=\"wp-block-image size-full\"><img fetchpriority=\"high\" decoding=\"async\" width=\"940\" height=\"560\" src=\"https:\/\/radiojehona.com\/wp-content\/uploads\/2025\/01\/Untitled-4.jpg\" alt=\"\" class=\"wp-image-39950\" srcset=\"https:\/\/radiojehona.mk\/wp-content\/uploads\/2025\/01\/Untitled-4.jpg 940w, https:\/\/radiojehona.mk\/wp-content\/uploads\/2025\/01\/Untitled-4-300x179.jpg 300w, https:\/\/radiojehona.mk\/wp-content\/uploads\/2025\/01\/Untitled-4-768x458.jpg 768w\" sizes=\"(max-width: 940px) 100vw, 940px\" \/><\/figure>\n\n\n\n<p>Sot n\u00eb m\u00ebngjes m\u00eb ftoht\u00eb ishte n\u00eb Berov\u00eb, -3 grad\u00eb, nd\u00ebrsa m\u00eb s\u00eb shumti bor\u00eb ka n\u00eb Kod\u00ebr t\u00eb Diellit, 39 centimetra.<\/p>\n\n\n\n<p>Si\u00e7 informon DPHM, deri n\u00eb or\u00ebn 8:30 jan\u00eb matur -1 grad\u00eb n\u00eb Manastir, 0 Kod\u00ebr t\u00eb Diellit, Llazaropol\u00eb, 1 Kriva Pallank\u00eb, Shtip, 2 Shkup \u2013 Petrovec, Strumic\u00eb, Kumanov\u00eb, Kavadar, Prilep, Pretor, 3 Shkup \u2013 Zaj\u00e7ev Rid, Dib\u00ebr, Tetov\u00eb, Oh\u00ebr, 4 Krushev\u00eb, Veles, Vinic\u00eb, Hanet e Mavrov\u00ebs, Demir Kapi, si dhe 8 grad\u00eb n\u00eb Gjevgjeli.<\/p>\n\n\n\n<p>Lart\u00ebsia e shtres\u00ebs s\u00eb bor\u00ebs \u00ebsht\u00eb 27 centimetra n\u00eb Hanet e Mavrov\u00ebs dhe 3 n\u00eb Krushev\u00eb.<\/p>\n\n\n\n<p>Sipas DPHM, sot n\u00eb lugina n\u00eb pjes\u00ebn m\u00eb t\u00eb madhe t\u00eb dit\u00ebs moti do t\u00eb jet\u00eb i qet\u00eb me paraqitje t\u00eb mjegull\u00ebs ose vran\u00ebsira t\u00eb ul\u00ebta. N\u00eb pjes\u00ebt e tjera mot me diell dhe relativisht i ngroht\u00eb me vran\u00ebsira t\u00eb vogla deri mesatare dhe me er\u00eb t\u00eb leht\u00eb deri mesatare nga drejtimi jugor. Temperatura maksimale do t\u00eb l\u00ebviz\u00eb prej 6 deri 15 grad\u00eb. N\u00eb Shkup kryesisht vran\u00ebt dhe qet\u00eb me paraqitje t\u00eb mjegull\u00ebs. Temperatura maksimale do t\u00eb arrij\u00eb deri 7 grad\u00eb.<\/p>\n\n\n\n<p><\/p>\n","protected":false},"excerpt":{"rendered":"<p>Sot n&euml; m&euml;ngjes m&euml; ftoht&euml; ishte n&euml; Berov&euml;, -3 grad&euml;, nd&euml;rsa m&euml; s&euml; shumti bor&euml; ka n&euml; Kod&euml;r t&euml; Diellit, 39 centimetra. Si&ccedil; informon DPHM, deri n&euml; or&euml;n 8:30 jan&euml; matur -1 grad&euml; n&euml; Manastir, 0 Kod&euml;r t&euml; Diellit, Llazaropol&euml;, 1 Kriva Pallank&euml;, Shtip, 2 Shkup &ndash; Petrovec, Strumic&euml;, Kumanov&euml;, Kavadar, Prilep, Pretor, 3 Shkup [&hellip;]<\/p>\n","protected":false},"author":2,"featured_media":39950,"comment_status":"open","ping_status":"closed","sticky":false,"template":"","format":"standard","meta":{"_monsterinsights_skip_tracking":false,"_monsterinsights_sitenote_active":false,"_monsterinsights_sitenote_note":"","_monsterinsights_sitenote_category":0,"footnotes":""},"categories":[1],"tags":[],"class_list":["post-39949","post","type-post","status-publish","format-standard","has-post-thumbnail","hentry","category-vendi"],"_links":{"self":[{"href":"https:\/\/radiojehona.mk\/index.php?rest_route=\/wp\/v2\/posts\/39949","targetHints":{"allow":["GET"]}}],"collection":[{"href":"https:\/\/radiojehona.mk\/index.php?rest_route=\/wp\/v2\/posts"}],"about":[{"href":"https:\/\/radiojehona.mk\/index.php?rest_route=\/wp\/v2\/types\/post"}],"author":[{"embeddable":true,"href":"https:\/\/radiojehona.mk\/index.php?rest_route=\/wp\/v2\/users\/2"}],"replies":[{"embeddable":true,"href":"https:\/\/radiojehona.mk\/index.php?rest_route=%2Fwp%2Fv2%2Fcomments&post=39949"}],"version-history":[{"count":1,"href":"https:\/\/radiojehona.mk\/index.php?rest_route=\/wp\/v2\/posts\/39949\/revisions"}],"predecessor-version":[{"id":39951,"href":"https:\/\/radiojehona.mk\/index.php?rest_route=\/wp\/v2\/posts\/39949\/revisions\/39951"}],"wp:featuredmedia":[{"embeddable":true,"href":"https:\/\/radiojehona.mk\/index.php?rest_route=\/wp\/v2\/media\/39950"}],"wp:attachment":[{"href":"https:\/\/radiojehona.mk\/index.php?rest_route=%2Fwp%2Fv2%2Fmedia&parent=39949"}],"wp:term":[{"taxonomy":"category","embeddable":true,"href":"https:\/\/radiojehona.mk\/index.php?rest_route=%2Fwp%2Fv2%2Fcategories&post=39949"},{"taxonomy":"post_tag","embeddable":true,"href":"https:\/\/radiojehona.mk\/index.php?rest_route=%2Fwp%2Fv2%2Ftags&post=39949"}],"curies":[{"name":"wp","href":"https:\/\/api.w.org\/{rel}","templated":true}]}}