{"id":39946,"date":"2025-01-09T12:01:32","date_gmt":"2025-01-09T12:01:32","guid":{"rendered":"https:\/\/radiojehona.com\/?p=39946"},"modified":"2025-01-09T12:01:33","modified_gmt":"2025-01-09T12:01:33","slug":"vlen-thirrje-bdi-se-qe-ta-largoje-grubin-nga-partia","status":"publish","type":"post","link":"https:\/\/radiojehona.mk\/?p=39946","title":{"rendered":"VLEN thirrje BDI-s\u00eb q\u00eb ta largoj\u00eb Grubin nga partia"},"content":{"rendered":"\n<figure class=\"wp-block-image size-full\"><img fetchpriority=\"high\" decoding=\"async\" width=\"600\" height=\"360\" src=\"https:\/\/radiojehona.com\/wp-content\/uploads\/2025\/01\/Artan-Grubi-768x512-1-1-750x430-1-600x360-1.jpg\" alt=\"\" class=\"wp-image-39947\" srcset=\"https:\/\/radiojehona.mk\/wp-content\/uploads\/2025\/01\/Artan-Grubi-768x512-1-1-750x430-1-600x360-1.jpg 600w, https:\/\/radiojehona.mk\/wp-content\/uploads\/2025\/01\/Artan-Grubi-768x512-1-1-750x430-1-600x360-1-300x180.jpg 300w\" sizes=\"(max-width: 600px) 100vw, 600px\" \/><\/figure>\n\n\n\n<p>Koaliconi VLEN ka k\u00ebrkuar nga Bashkimi Demokratik p\u00ebr Integrim q\u00eb ta largoj\u00eb Artan Grubin nga partia, q\u00eb si\u00e7 thon\u00eb, q\u00eb t\u00eb ruhet partneriteti strategjik i shqiptar\u00ebve t\u00eb RMV me SHBA-t\u00eb<\/p>\n\n\n\n<p>Vlen tha se, BDI duhet t\u00eb d\u00ebshmoj\u00eb se premtimet dhe angazhimet e tyre jan\u00eb reale dhe se nuk do t\u00eb lejojn\u00eb q\u00eb veprimet kriminale t\u00eb njollosin t\u00eb ardhmen e shqiptar\u00ebve n\u00eb vend.<\/p>\n\n\n\n<p>\u201cB\u00ebjm\u00eb thirrje t\u00eb qart\u00eb dhe t\u00eb hapur deri te lidershipi i Bashkimit Demokratik p\u00ebr Integrim q\u00eb t\u00eb marr\u00eb masa konkrete dhe t\u00eb dukshme p\u00ebr t\u00eb ruajtur partneritetin strategjik t\u00eb shqiptar\u00ebve t\u00eb Maqedonis\u00eb s\u00eb Veriut me Shtetet e Bashkuara t\u00eb Amerik\u00ebs dhe t\u00eb d\u00ebshmoj\u00eb se shqiptar\u00ebt nuk do t\u00eb mbahen peng i krimit. K\u00ebrkojm\u00eb q\u00eb BDI t\u00eb marr\u00eb vendim formal p\u00ebr p\u00ebrjashtimin e Artan Grubit nga an\u00ebtar\u00ebsia partiake.<\/p>\n\n\n\n<p>Deklaratat e deritanishme t\u00eb z. Ali Ahmeti dhe z. Bujar Osmani p\u00ebr parimin dhe transparenc\u00ebn kan\u00eb mbetur vet\u00ebm fjal\u00eb boshe. I b\u00ebjm\u00eb thirrje q\u00eb t\u00eb nd\u00ebrmarrin hapa konkret\u00eb q\u00eb do t\u00eb d\u00ebshmojn\u00eb se premtimet dhe angazhimet e tyre jan\u00eb reale dhe se nuk do t\u00eb lejojn\u00eb asnj\u00eb dyshim p\u00ebr veprimtari kriminale apo t\u00eb pandershme q\u00eb t\u00eb njollos\u00eb reputacionin dhe t\u00eb ardhmen e shqiptar\u00ebve n\u00eb Maqedonin\u00eb e Veriut.<\/p>\n\n\n\n<p>Presioni publik \u00ebsht\u00eb real dhe legjitim \u2013 qytetar\u00ebt k\u00ebrkojn\u00eb vepra konkrete, jo fraza boshe. N\u00ebse BDI d\u00ebshiron t\u00eb konfirmoj\u00eb seriozitetin e angazhimeve t\u00eb saj p\u00ebr sundimin e ligjit dhe integritetin e p\u00ebrgjithsh\u00ebm shoq\u00ebror, \u00ebsht\u00eb urgjentisht e nevojshme t\u00eb tregohet se nuk do t\u00eb toleroj\u00eb aktivitete t\u00eb dyshimta nga radh\u00ebt e saj.<\/p>\n\n\n\n<p>P\u00ebrjashtimi i Artan Grubit nga partia \u00ebsht\u00eb nj\u00eb l\u00ebvizje e domosdoshme p\u00ebr t\u00eb d\u00ebrguar nj\u00eb mesazh t\u00eb qart\u00eb se partia dhe drejtuesit e saj jan\u00eb t\u00eb sinqert\u00eb n\u00eb angazhimin e tyre p\u00ebr respektimin e ligjit dhe nj\u00eb partneritet t\u00eb fort\u00eb me SHBA-t\u00eb. Gjith\u00e7ka tjet\u00ebr \u00ebsht\u00eb d\u00ebshmi e qart\u00eb se po mbulojn\u00eb dhe mbrojn\u00eb mikun e tyre Artan Grubin.<\/p>\n\n\n\n<p>VLEN q\u00ebndron pas t\u00eb gjitha nismave q\u00eb do t\u00eb \u00e7ojn\u00eb n\u00eb p\u00ebrgjegjshm\u00ebri dhe p\u00ebrgjegj\u00ebsi m\u00eb t\u00eb madhe t\u00eb aktor\u00ebve politik\u00eb n\u00eb vend. Besojm\u00eb se me veprime urgjente dhe t\u00eb vendosur, BDI-ja do t\u00eb tregoj\u00eb se fjal\u00ebt e Ali Ahmetit dhe Bujar Osmanit nuk jan\u00eb premtime boshe, por se ata v\u00ebrtet q\u00ebndrojn\u00eb prapa parimeve t\u00eb tyre t\u00eb drejt\u00ebsis\u00eb, ligjshm\u00ebris\u00eb dhe mbrojtjes s\u00eb interesave strategjike t\u00eb shqiptar\u00ebve n\u00eb Maqedonin\u00eb e Veriut\u201d, thot\u00eb VLEN. \/Rtv21<\/p>\n","protected":false},"excerpt":{"rendered":"<p>Koaliconi VLEN ka k&euml;rkuar nga Bashkimi Demokratik p&euml;r Integrim q&euml; ta largoj&euml; Artan Grubin nga partia, q&euml; si&ccedil; thon&euml;, q&euml; t&euml; ruhet partneriteti strategjik i shqiptar&euml;ve t&euml; RMV me SHBA-t&euml; Vlen tha se, BDI duhet t&euml; d&euml;shmoj&euml; se premtimet dhe angazhimet e tyre jan&euml; reale dhe se nuk do t&euml; lejojn&euml; q&euml; veprimet kriminale t&euml; [&hellip;]<\/p>\n","protected":false},"author":2,"featured_media":39947,"comment_status":"open","ping_status":"closed","sticky":false,"template":"","format":"standard","meta":{"_monsterinsights_skip_tracking":false,"_monsterinsights_sitenote_active":false,"_monsterinsights_sitenote_note":"","_monsterinsights_sitenote_category":0,"footnotes":""},"categories":[1],"tags":[],"class_list":["post-39946","post","type-post","status-publish","format-standard","has-post-thumbnail","hentry","category-vendi"],"_links":{"self":[{"href":"https:\/\/radiojehona.mk\/index.php?rest_route=\/wp\/v2\/posts\/39946","targetHints":{"allow":["GET"]}}],"collection":[{"href":"https:\/\/radiojehona.mk\/index.php?rest_route=\/wp\/v2\/posts"}],"about":[{"href":"https:\/\/radiojehona.mk\/index.php?rest_route=\/wp\/v2\/types\/post"}],"author":[{"embeddable":true,"href":"https:\/\/radiojehona.mk\/index.php?rest_route=\/wp\/v2\/users\/2"}],"replies":[{"embeddable":true,"href":"https:\/\/radiojehona.mk\/index.php?rest_route=%2Fwp%2Fv2%2Fcomments&post=39946"}],"version-history":[{"count":1,"href":"https:\/\/radiojehona.mk\/index.php?rest_route=\/wp\/v2\/posts\/39946\/revisions"}],"predecessor-version":[{"id":39948,"href":"https:\/\/radiojehona.mk\/index.php?rest_route=\/wp\/v2\/posts\/39946\/revisions\/39948"}],"wp:featuredmedia":[{"embeddable":true,"href":"https:\/\/radiojehona.mk\/index.php?rest_route=\/wp\/v2\/media\/39947"}],"wp:attachment":[{"href":"https:\/\/radiojehona.mk\/index.php?rest_route=%2Fwp%2Fv2%2Fmedia&parent=39946"}],"wp:term":[{"taxonomy":"category","embeddable":true,"href":"https:\/\/radiojehona.mk\/index.php?rest_route=%2Fwp%2Fv2%2Fcategories&post=39946"},{"taxonomy":"post_tag","embeddable":true,"href":"https:\/\/radiojehona.mk\/index.php?rest_route=%2Fwp%2Fv2%2Ftags&post=39946"}],"curies":[{"name":"wp","href":"https:\/\/api.w.org\/{rel}","templated":true}]}}