{"id":39937,"date":"2025-01-09T11:58:30","date_gmt":"2025-01-09T11:58:30","guid":{"rendered":"https:\/\/radiojehona.com\/?p=39937"},"modified":"2025-01-09T11:58:30","modified_gmt":"2025-01-09T11:58:30","slug":"ferrari-drejtesia-e-kapur-dhe-non-gratat","status":"publish","type":"post","link":"https:\/\/radiojehona.mk\/?p=39937","title":{"rendered":"Ferrari, drejt\u00ebsia e kapur dhe non gratat\u2026!"},"content":{"rendered":"\n<figure class=\"wp-block-image size-full\"><img fetchpriority=\"high\" decoding=\"async\" width=\"960\" height=\"540\" src=\"https:\/\/radiojehona.com\/wp-content\/uploads\/2025\/01\/FB_IMG_1736420722379.jpg\" alt=\"\" class=\"wp-image-39938\" srcset=\"https:\/\/radiojehona.mk\/wp-content\/uploads\/2025\/01\/FB_IMG_1736420722379.jpg 960w, https:\/\/radiojehona.mk\/wp-content\/uploads\/2025\/01\/FB_IMG_1736420722379-300x169.jpg 300w, https:\/\/radiojehona.mk\/wp-content\/uploads\/2025\/01\/FB_IMG_1736420722379-768x432.jpg 768w, https:\/\/radiojehona.mk\/wp-content\/uploads\/2025\/01\/FB_IMG_1736420722379-800x450.jpg 800w\" sizes=\"(max-width: 960px) 100vw, 960px\" \/><\/figure>\n\n\n\n<p>Shkruan: Naser Pajaziti<\/p>\n\n\n\n<p>Sasho Mijallkov na u shfaq me Ferrari n\u00eb Monte Karlo, n\u00eb vend q\u00eb t\u00eb ishte pas grilave!<\/p>\n\n\n\n<p>N\u00eb nj\u00eb shtet t\u00eb s\u00eb drejt\u00ebs, ky njeri do t\u00eb dergjej n\u00eb burg p\u00ebr 20-30 vite, por n\u00eb vend t\u00eb k\u00ebsaj ai sot na shet dhe na provokon me stil dhe luks, pasi q\u00eb i shp\u00ebtoi nj\u00eb mori veprash t\u00eb r\u00ebnda penale, si t\u00eb mos kishte ndodhur asgj\u00eb!<\/p>\n\n\n\n<p>Ata q\u00eb e shp\u00ebtuan, tashm\u00eb jan\u00eb \u2018Non Grata\u2019 nga SHBA, por ironia q\u00ebndron k\u00ebtu: sot, heroi i tij \u00ebsht\u00eb nj\u00eb tjet\u00ebr i arratisur!<\/p>\n\n\n\n<p>Kishim shpresa tek \u201cLista e Zez\u00eb,\u201d por si duket hajdut\u00ebt me kollare e pushtet, t\u00eb pasuruar mbi kurrizin ton\u00eb, nuk i prek asgj\u00eb dhe e kan\u00eb m\u00ebsuar k\u00ebt\u00eb sistem jetese. Kan\u00eb paran\u00eb n\u00eb dor\u00eb, e me paran\u00eb hapin \u00e7do der\u00eb!<\/p>\n\n\n\n<p>T\u00eb nj\u00ebjt\u00ebt njer\u00ebz q\u00eb na predikuan p\u00ebr drejt\u00ebsi, reforma dhe veting, jan\u00eb po ata q\u00eb sot kan\u00eb nd\u00ebrruar g\u00ebzofin duke menduar se jan\u00eb t\u00eb shp\u00ebrlar\u00eb dhe t\u00eb harruar nga t\u00eb zezat dhe t\u00eb palarat.<\/p>\n\n\n\n<p>Andaj, pa koment, ky \u00ebsht\u00eb vendi ku nj\u00eb Ferrari n\u00eb Monte Karlo tregon m\u00eb shum\u00eb p\u00ebr drejt\u00ebsin\u00eb sesa fjal\u00ebt e atyre q\u00eb na udh\u00ebheqin!<\/p>\n\n\n\n<p>*postim n\u00eb facebook<\/p>\n","protected":false},"excerpt":{"rendered":"<p>Shkruan: Naser Pajaziti Sasho Mijallkov na u shfaq me Ferrari n&euml; Monte Karlo, n&euml; vend q&euml; t&euml; ishte pas grilave! N&euml; nj&euml; shtet t&euml; s&euml; drejt&euml;s, ky njeri do t&euml; dergjej n&euml; burg p&euml;r 20-30 vite, por n&euml; vend t&euml; k&euml;saj ai sot na shet dhe na provokon me stil dhe luks, pasi q&euml; i [&hellip;]<\/p>\n","protected":false},"author":2,"featured_media":39938,"comment_status":"open","ping_status":"closed","sticky":false,"template":"","format":"standard","meta":{"_monsterinsights_skip_tracking":false,"_monsterinsights_sitenote_active":false,"_monsterinsights_sitenote_note":"","_monsterinsights_sitenote_category":0,"footnotes":""},"categories":[1],"tags":[],"class_list":["post-39937","post","type-post","status-publish","format-standard","has-post-thumbnail","hentry","category-vendi"],"_links":{"self":[{"href":"https:\/\/radiojehona.mk\/index.php?rest_route=\/wp\/v2\/posts\/39937","targetHints":{"allow":["GET"]}}],"collection":[{"href":"https:\/\/radiojehona.mk\/index.php?rest_route=\/wp\/v2\/posts"}],"about":[{"href":"https:\/\/radiojehona.mk\/index.php?rest_route=\/wp\/v2\/types\/post"}],"author":[{"embeddable":true,"href":"https:\/\/radiojehona.mk\/index.php?rest_route=\/wp\/v2\/users\/2"}],"replies":[{"embeddable":true,"href":"https:\/\/radiojehona.mk\/index.php?rest_route=%2Fwp%2Fv2%2Fcomments&post=39937"}],"version-history":[{"count":2,"href":"https:\/\/radiojehona.mk\/index.php?rest_route=\/wp\/v2\/posts\/39937\/revisions"}],"predecessor-version":[{"id":39940,"href":"https:\/\/radiojehona.mk\/index.php?rest_route=\/wp\/v2\/posts\/39937\/revisions\/39940"}],"wp:featuredmedia":[{"embeddable":true,"href":"https:\/\/radiojehona.mk\/index.php?rest_route=\/wp\/v2\/media\/39938"}],"wp:attachment":[{"href":"https:\/\/radiojehona.mk\/index.php?rest_route=%2Fwp%2Fv2%2Fmedia&parent=39937"}],"wp:term":[{"taxonomy":"category","embeddable":true,"href":"https:\/\/radiojehona.mk\/index.php?rest_route=%2Fwp%2Fv2%2Fcategories&post=39937"},{"taxonomy":"post_tag","embeddable":true,"href":"https:\/\/radiojehona.mk\/index.php?rest_route=%2Fwp%2Fv2%2Ftags&post=39937"}],"curies":[{"name":"wp","href":"https:\/\/api.w.org\/{rel}","templated":true}]}}