{"id":39933,"date":"2025-01-09T11:57:24","date_gmt":"2025-01-09T11:57:24","guid":{"rendered":"https:\/\/radiojehona.com\/?p=39933"},"modified":"2025-01-09T11:57:25","modified_gmt":"2025-01-09T11:57:25","slug":"arrestohen-dy-te-rinj-per-marihuane-ne-gostivar","status":"publish","type":"post","link":"https:\/\/radiojehona.mk\/?p=39933","title":{"rendered":"Arrestohen dy t\u00eb rinj p\u00ebr marihuan\u00eb n\u00eb Gostivar"},"content":{"rendered":"\n<figure class=\"wp-block-image size-full\"><img fetchpriority=\"high\" decoding=\"async\" width=\"750\" height=\"430\" src=\"https:\/\/radiojehona.com\/wp-content\/uploads\/2025\/01\/marihuane-kosove-8-kg-587x390-2-750x430-1.jpeg\" alt=\"\" class=\"wp-image-39934\" srcset=\"https:\/\/radiojehona.mk\/wp-content\/uploads\/2025\/01\/marihuane-kosove-8-kg-587x390-2-750x430-1.jpeg 750w, https:\/\/radiojehona.mk\/wp-content\/uploads\/2025\/01\/marihuane-kosove-8-kg-587x390-2-750x430-1-300x172.jpeg 300w\" sizes=\"(max-width: 750px) 100vw, 750px\" \/><\/figure>\n\n\n\n<p>Me dat\u00eb 08.01.2025 n\u00eb ora 18.30 n\u00eb rrug\u00ebn ,,Fazaneria\u201d n\u00eb Gostivar, zyrtar\u00eb policor\u00eb nga DPB Gostivar kan\u00eb arrestuar personat B.M.(21) dhe V.B.(20), t\u00eb dy nga Gostivari, pasi q\u00eb n\u00eb posedim t\u00eb tyre \u00ebsht\u00eb gjetur marihuan\u00eb dhe jan\u00eb kapur duke p\u00ebrdorur marihuan\u00eb n\u00eb vend publik. Ata jan\u00eb ndaluar n\u00eb stacion policor\u00eb dhe ndaj tyre do t\u00eb b\u00ebhet kall\u00ebzim p\u00ebrkat\u00ebs. TS<\/p>\n","protected":false},"excerpt":{"rendered":"<p>Me dat&euml; 08.01.2025 n&euml; ora 18.30 n&euml; rrug&euml;n ,,Fazaneria&rdquo; n&euml; Gostivar, zyrtar&euml; policor&euml; nga DPB Gostivar kan&euml; arrestuar personat B.M.(21) dhe V.B.(20), t&euml; dy nga Gostivari, pasi q&euml; n&euml; posedim t&euml; tyre &euml;sht&euml; gjetur marihuan&euml; dhe jan&euml; kapur duke p&euml;rdorur marihuan&euml; n&euml; vend publik. Ata jan&euml; ndaluar n&euml; stacion policor&euml; dhe ndaj tyre do t&euml; [&hellip;]<\/p>\n","protected":false},"author":2,"featured_media":39934,"comment_status":"open","ping_status":"closed","sticky":false,"template":"","format":"standard","meta":{"_monsterinsights_skip_tracking":false,"_monsterinsights_sitenote_active":false,"_monsterinsights_sitenote_note":"","_monsterinsights_sitenote_category":0,"footnotes":""},"categories":[1],"tags":[],"class_list":["post-39933","post","type-post","status-publish","format-standard","has-post-thumbnail","hentry","category-vendi"],"_links":{"self":[{"href":"https:\/\/radiojehona.mk\/index.php?rest_route=\/wp\/v2\/posts\/39933","targetHints":{"allow":["GET"]}}],"collection":[{"href":"https:\/\/radiojehona.mk\/index.php?rest_route=\/wp\/v2\/posts"}],"about":[{"href":"https:\/\/radiojehona.mk\/index.php?rest_route=\/wp\/v2\/types\/post"}],"author":[{"embeddable":true,"href":"https:\/\/radiojehona.mk\/index.php?rest_route=\/wp\/v2\/users\/2"}],"replies":[{"embeddable":true,"href":"https:\/\/radiojehona.mk\/index.php?rest_route=%2Fwp%2Fv2%2Fcomments&post=39933"}],"version-history":[{"count":2,"href":"https:\/\/radiojehona.mk\/index.php?rest_route=\/wp\/v2\/posts\/39933\/revisions"}],"predecessor-version":[{"id":39936,"href":"https:\/\/radiojehona.mk\/index.php?rest_route=\/wp\/v2\/posts\/39933\/revisions\/39936"}],"wp:featuredmedia":[{"embeddable":true,"href":"https:\/\/radiojehona.mk\/index.php?rest_route=\/wp\/v2\/media\/39934"}],"wp:attachment":[{"href":"https:\/\/radiojehona.mk\/index.php?rest_route=%2Fwp%2Fv2%2Fmedia&parent=39933"}],"wp:term":[{"taxonomy":"category","embeddable":true,"href":"https:\/\/radiojehona.mk\/index.php?rest_route=%2Fwp%2Fv2%2Fcategories&post=39933"},{"taxonomy":"post_tag","embeddable":true,"href":"https:\/\/radiojehona.mk\/index.php?rest_route=%2Fwp%2Fv2%2Ftags&post=39933"}],"curies":[{"name":"wp","href":"https:\/\/api.w.org\/{rel}","templated":true}]}}