{"id":39922,"date":"2025-01-08T20:46:19","date_gmt":"2025-01-08T20:46:19","guid":{"rendered":"https:\/\/radiojehona.com\/?p=39922"},"modified":"2025-01-08T20:46:19","modified_gmt":"2025-01-08T20:46:19","slug":"ska-me-filtra-ne-rrjetet-sociale-nga-data-14-janar-2025-te-gjithe","status":"publish","type":"post","link":"https:\/\/radiojehona.mk\/?p=39922","title":{"rendered":"S\u2019ka m\u00eb filtra n\u00eb rrjetet sociale, nga data 14 janar 2025 t\u00eb gjith\u00eb\u2026"},"content":{"rendered":"\n<figure class=\"wp-block-image size-large\"><img fetchpriority=\"high\" decoding=\"async\" width=\"1024\" height=\"554\" src=\"https:\/\/radiojehona.com\/wp-content\/uploads\/2025\/01\/IMG_0338-1024x554.jpeg\" alt=\"\" class=\"wp-image-39923\" srcset=\"https:\/\/radiojehona.mk\/wp-content\/uploads\/2025\/01\/IMG_0338-1024x554.jpeg 1024w, https:\/\/radiojehona.mk\/wp-content\/uploads\/2025\/01\/IMG_0338-300x162.jpeg 300w, https:\/\/radiojehona.mk\/wp-content\/uploads\/2025\/01\/IMG_0338-768x416.jpeg 768w, https:\/\/radiojehona.mk\/wp-content\/uploads\/2025\/01\/IMG_0338.jpeg 1125w\" sizes=\"(max-width: 1024px) 100vw, 1024px\" \/><\/figure>\n\n\n\n<p>Nga 14 janari 2025, \u201cInstagram\u201d dhe \u201cFacebook\u201d i thon\u00eb lamtumir\u00eb filtrave t\u00eb bukuris\u00eb.<\/p>\n\n\n\n<p>Harrojini fytyrat perfekte, syt\u00eb me ngjyra, qerpik\u00ebt fals apo make-up-et. Kompania e Mark Zuckerberg, Meta, po p\u00ebrgatitet t\u2019i heq\u00eb p\u00ebrfundimisht filtrat e bukuris\u00eb q\u00eb vijn\u00eb nga zhvilluesit e pal\u00ebve t\u00eb treta.<\/p>\n\n\n\n<p><em>\u201cPas nj\u00eb vler\u00ebsimi t\u00eb plot\u00eb, ne kemi marr\u00eb vendimin p\u00ebr mbylljen e platform\u00ebs Meta Spark t\u00eb mjeteve dhe p\u00ebrmbajtjeve t\u00eb pal\u00ebve t\u00eb treta n\u00eb fuqi.<\/em><\/p>\n\n\n\n<p><em>Por pavar\u00ebsisht k\u00ebsaj, Meta \u00ebsht\u00eb n\u00eb dispozicion si p\u00ebr p\u00ebrdoruesit tan\u00eb ashtu edhe p\u00ebr t\u00eb gjith\u00eb familjen ton\u00eb t\u00eb aplikacioneve\u201d.<\/em><\/p>\n\n\n\n<p>Sipas specialist\u00ebve t\u00eb k\u00ebtij sektori, ky vendim merret m\u00eb shum\u00eb si nj\u00eb p\u00ebrpjekje p\u00ebr t\u00eb mbrojtur t\u00eb rinjt\u00eb nga rreziqet q\u00eb lidhen me standardet jonatyrore dhe daljes sa m\u00eb shum\u00eb nga realiteti.<\/p>\n\n\n\n<p>Platforma \u2018Meta Spark\u2019 p\u00ebrdorej p\u00ebr t\u00eb krijuar filtra t\u00eb fytyr\u00ebs si ata q\u00eb shihni n\u00eb \u201cSnapchat\u201d ose \u201cTikTok\u201d q\u00eb ju b\u00ebjn\u00eb t\u00eb dukeni t\u00eb vjet\u00ebr, t\u00eb ri, imagjinojn\u00eb si nj\u00eb personazh vizatimor, t\u00eb mund\u00ebsojn\u00eb ndryshimet n\u00eb fytyr\u00eb e shum\u00eb opsione t\u00eb tjera.<\/p>\n\n\n\n<p>Filtri \u201cSparkle\u201d \u00ebsht\u00eb nj\u00eb nga funksionet e shumta t\u00eb disponueshme n\u00eb aplikacion, i cili mund t\u00eb aplikohet n\u00eb foto dhe video. P\u00ebrdoruesit mund t\u00eb zgjedhin nj\u00eb filt\u00ebr t\u00eb caktuar, t\u00eb regjistrojn\u00eb nj\u00eb video ose t\u00eb b\u00ebjn\u00eb nj\u00eb foto.<\/p>\n","protected":false},"excerpt":{"rendered":"<p>Nga 14 janari 2025, &ldquo;Instagram&rdquo; dhe &ldquo;Facebook&rdquo; i thon&euml; lamtumir&euml; filtrave t&euml; bukuris&euml;. Harrojini fytyrat perfekte, syt&euml; me ngjyra, qerpik&euml;t fals apo make-up-et. Kompania e Mark Zuckerberg, Meta, po p&euml;rgatitet t&rsquo;i heq&euml; p&euml;rfundimisht filtrat e bukuris&euml; q&euml; vijn&euml; nga zhvilluesit e pal&euml;ve t&euml; treta. &ldquo;Pas nj&euml; vler&euml;simi t&euml; plot&euml;, ne kemi marr&euml; vendimin p&euml;r mbylljen [&hellip;]<\/p>\n","protected":false},"author":2,"featured_media":39923,"comment_status":"open","ping_status":"closed","sticky":false,"template":"","format":"standard","meta":{"_monsterinsights_skip_tracking":false,"_monsterinsights_sitenote_active":false,"_monsterinsights_sitenote_note":"","_monsterinsights_sitenote_category":0,"footnotes":""},"categories":[573],"tags":[],"class_list":["post-39922","post","type-post","status-publish","format-standard","has-post-thumbnail","hentry","category-lifestyle"],"_links":{"self":[{"href":"https:\/\/radiojehona.mk\/index.php?rest_route=\/wp\/v2\/posts\/39922","targetHints":{"allow":["GET"]}}],"collection":[{"href":"https:\/\/radiojehona.mk\/index.php?rest_route=\/wp\/v2\/posts"}],"about":[{"href":"https:\/\/radiojehona.mk\/index.php?rest_route=\/wp\/v2\/types\/post"}],"author":[{"embeddable":true,"href":"https:\/\/radiojehona.mk\/index.php?rest_route=\/wp\/v2\/users\/2"}],"replies":[{"embeddable":true,"href":"https:\/\/radiojehona.mk\/index.php?rest_route=%2Fwp%2Fv2%2Fcomments&post=39922"}],"version-history":[{"count":2,"href":"https:\/\/radiojehona.mk\/index.php?rest_route=\/wp\/v2\/posts\/39922\/revisions"}],"predecessor-version":[{"id":39925,"href":"https:\/\/radiojehona.mk\/index.php?rest_route=\/wp\/v2\/posts\/39922\/revisions\/39925"}],"wp:featuredmedia":[{"embeddable":true,"href":"https:\/\/radiojehona.mk\/index.php?rest_route=\/wp\/v2\/media\/39923"}],"wp:attachment":[{"href":"https:\/\/radiojehona.mk\/index.php?rest_route=%2Fwp%2Fv2%2Fmedia&parent=39922"}],"wp:term":[{"taxonomy":"category","embeddable":true,"href":"https:\/\/radiojehona.mk\/index.php?rest_route=%2Fwp%2Fv2%2Fcategories&post=39922"},{"taxonomy":"post_tag","embeddable":true,"href":"https:\/\/radiojehona.mk\/index.php?rest_route=%2Fwp%2Fv2%2Ftags&post=39922"}],"curies":[{"name":"wp","href":"https:\/\/api.w.org\/{rel}","templated":true}]}}