{"id":39911,"date":"2025-01-08T17:51:55","date_gmt":"2025-01-08T17:51:55","guid":{"rendered":"https:\/\/radiojehona.com\/?p=39911"},"modified":"2025-01-08T17:51:55","modified_gmt":"2025-01-08T17:51:55","slug":"fetai-statusi-zyrtar-i-gjuhes-shqipe-i-fituar-me-sakrifice-dhe-gjak-eshte-degraduar-nga-dui","status":"publish","type":"post","link":"https:\/\/radiojehona.mk\/?p=39911","title":{"rendered":"Fetai: Statusi zyrtar i gjuh\u00ebs shqipe, i fituar me sakrific\u00eb dhe gjak, \u00ebsht\u00eb degraduar nga DUI"},"content":{"rendered":"\n<figure class=\"wp-block-image size-large\"><img fetchpriority=\"high\" decoding=\"async\" width=\"1024\" height=\"632\" src=\"https:\/\/radiojehona.com\/wp-content\/uploads\/2025\/01\/IMG_0336-1024x632.jpeg\" alt=\"\" class=\"wp-image-39912\" srcset=\"https:\/\/radiojehona.mk\/wp-content\/uploads\/2025\/01\/IMG_0336-1024x632.jpeg 1024w, https:\/\/radiojehona.mk\/wp-content\/uploads\/2025\/01\/IMG_0336-300x185.jpeg 300w, https:\/\/radiojehona.mk\/wp-content\/uploads\/2025\/01\/IMG_0336-768x474.jpeg 768w, https:\/\/radiojehona.mk\/wp-content\/uploads\/2025\/01\/IMG_0336.jpeg 1125w\" sizes=\"(max-width: 1024px) 100vw, 1024px\" \/><\/figure>\n\n\n\n<p>Z\u00ebv\u00ebnd\u00ebskryeministri, Arben Fetai, ka reaguar s\u00eb fundmi ndaj akuzave t\u00eb BDI-s\u00eb q\u00eb gjuha shqipe po sulmohet e d\u00ebmtohet.&nbsp;<\/p>\n\n\n\n<p>Sipas Fetait statusi i gjuh\u00ebs shqipe \u00ebsht\u00eb degraduar nga BDI t\u00eb cil\u00ebt kan\u00eb b\u00ebr\u00eb kompromise t\u00eb vazhdueshme.<\/p>\n\n\n\n<p>\u201cStatusi zyrtar i gjuh\u00ebs shqipe, i fituar me sakrific\u00eb dhe gjak, \u00ebsht\u00eb degraduar nga DUI p\u00ebrmes l\u00ebshimeve t\u00eb d\u00ebmshme dhe kompromiseve t\u00eb nj\u00ebpasnj\u00ebshme. K\u00ebto veprime e kan\u00eb releguar shqipen n\u00eb nj\u00eb gjuh\u00eb lokale, t\u00eb p\u00ebrdorur sipas d\u00ebshir\u00ebs s\u00eb zyrtar\u00ebve shtet\u00ebror\u00eb. Kjo d\u00ebshmohet m\u00eb s\u00eb miri nga neni 3 i Ligjit p\u00ebr P\u00ebrdorimin e Gjuh\u00ebve. Ky nen, q\u00eb rregullon komunikimin zyrtar, jo vet\u00ebm q\u00eb e etablon primatin e maqedonishtes, por edhe e kufizon shqipen n\u00eb nj\u00eb gjuh\u00eb lokale. P\u00ebr m\u00eb tep\u00ebr, neni 3 lejon komunikim zyrtar ekskluzivisht n\u00eb maqedonisht n\u00ebse udh\u00ebheq\u00ebsi i institucionit ose z\u00ebvend\u00ebsi i tij nuk jan\u00eb shqiptar\u00eb. Pra, ky nen jo vet\u00ebm q\u00eb vendos p\u00ebrdorim parcial t\u00eb shqipes n\u00eb rrafshin gjeografik, por ai madje e p\u00ebrjashton plot\u00ebsisht shqipen aty ku nuk ka udh\u00ebheq\u00ebs shqiptar\u201d, ka shkruar z\u00ebv\u00ebnd\u00ebskryeministri, Arben Fetai.<\/p>\n\n\n\n<p>Ai tutje ka shtuar q\u00eb BDI kan\u00eb b\u00ebr\u00eb pazar n\u00eb kurriz t\u00eb shqiptat\u00ebve me \u00e7ka jan\u00eb vendosur n\u00eb rolin e sh\u00ebrb\u00ebtor\u00ebve.<\/p>\n\n\n\n<p>\u201cKjo \u00ebsht\u00eb fytyra e v\u00ebrtet\u00eb e DUI-t: n\u00eb pushtet, sh\u00ebrb\u00ebtor\u00eb t\u00eb bindur t\u00eb partive maqedonase q\u00eb b\u00ebjn\u00eb pazare n\u00eb kurriz t\u00eb shqiptar\u00ebve; n\u00eb opozit\u00eb, patriot\u00eb sezonal. Shqiptar\u00ebt tashm\u00eb e kan\u00eb kuptuar se edhe \u201cpatriotizmi\u201d i tyre opozitar nuk \u00ebsht\u00eb gj\u00eb tjet\u00ebr ve\u00e7se nj\u00eb defokusim nga krimi dhe korrupsioni q\u00eb \u00ebsht\u00eb u ka dal n\u00eb shesh. Sot, t\u00eb gjith\u00eb e din\u00eb se halli i vet\u00ebm i DUI-t \u00ebsht\u00eb frika nga drejt\u00ebsisa\u201d, ka p\u00ebrfunduar Fetai.<\/p>\n","protected":false},"excerpt":{"rendered":"<p>Z&euml;v&euml;nd&euml;skryeministri, Arben Fetai, ka reaguar s&euml; fundmi ndaj akuzave t&euml; BDI-s&euml; q&euml; gjuha shqipe po sulmohet e d&euml;mtohet.&nbsp; Sipas Fetait statusi i gjuh&euml;s shqipe &euml;sht&euml; degraduar nga BDI t&euml; cil&euml;t kan&euml; b&euml;r&euml; kompromise t&euml; vazhdueshme. &ldquo;Statusi zyrtar i gjuh&euml;s shqipe, i fituar me sakrific&euml; dhe gjak, &euml;sht&euml; degraduar nga DUI p&euml;rmes l&euml;shimeve t&euml; d&euml;mshme dhe [&hellip;]<\/p>\n","protected":false},"author":2,"featured_media":39912,"comment_status":"open","ping_status":"closed","sticky":false,"template":"","format":"standard","meta":{"_monsterinsights_skip_tracking":false,"_monsterinsights_sitenote_active":false,"_monsterinsights_sitenote_note":"","_monsterinsights_sitenote_category":0,"footnotes":""},"categories":[1],"tags":[],"class_list":["post-39911","post","type-post","status-publish","format-standard","has-post-thumbnail","hentry","category-vendi"],"_links":{"self":[{"href":"https:\/\/radiojehona.mk\/index.php?rest_route=\/wp\/v2\/posts\/39911","targetHints":{"allow":["GET"]}}],"collection":[{"href":"https:\/\/radiojehona.mk\/index.php?rest_route=\/wp\/v2\/posts"}],"about":[{"href":"https:\/\/radiojehona.mk\/index.php?rest_route=\/wp\/v2\/types\/post"}],"author":[{"embeddable":true,"href":"https:\/\/radiojehona.mk\/index.php?rest_route=\/wp\/v2\/users\/2"}],"replies":[{"embeddable":true,"href":"https:\/\/radiojehona.mk\/index.php?rest_route=%2Fwp%2Fv2%2Fcomments&post=39911"}],"version-history":[{"count":2,"href":"https:\/\/radiojehona.mk\/index.php?rest_route=\/wp\/v2\/posts\/39911\/revisions"}],"predecessor-version":[{"id":39914,"href":"https:\/\/radiojehona.mk\/index.php?rest_route=\/wp\/v2\/posts\/39911\/revisions\/39914"}],"wp:featuredmedia":[{"embeddable":true,"href":"https:\/\/radiojehona.mk\/index.php?rest_route=\/wp\/v2\/media\/39912"}],"wp:attachment":[{"href":"https:\/\/radiojehona.mk\/index.php?rest_route=%2Fwp%2Fv2%2Fmedia&parent=39911"}],"wp:term":[{"taxonomy":"category","embeddable":true,"href":"https:\/\/radiojehona.mk\/index.php?rest_route=%2Fwp%2Fv2%2Fcategories&post=39911"},{"taxonomy":"post_tag","embeddable":true,"href":"https:\/\/radiojehona.mk\/index.php?rest_route=%2Fwp%2Fv2%2Ftags&post=39911"}],"curies":[{"name":"wp","href":"https:\/\/api.w.org\/{rel}","templated":true}]}}