{"id":39904,"date":"2025-01-08T16:04:57","date_gmt":"2025-01-08T16:04:57","guid":{"rendered":"https:\/\/radiojehona.com\/?p=39904"},"modified":"2025-01-08T16:04:58","modified_gmt":"2025-01-08T16:04:58","slug":"nuk-jemi-ne-nje-pazar-ketu-politikanet-gjermane-reagojne-rreth-kerkeses-se-re-te-trump-per-shpenzimet-e-mbrojtjes","status":"publish","type":"post","link":"https:\/\/radiojehona.mk\/?p=39904","title":{"rendered":"\u201cNuk jemi n\u00eb nj\u00eb pazar k\u00ebtu\u201d: Politikan\u00ebt gjerman\u00eb reagojn\u00eb rreth k\u00ebrkes\u00ebs s\u00eb re t\u00eb Trump p\u00ebr shpenzimet e mbrojtjes"},"content":{"rendered":"\n<figure class=\"wp-block-image size-full\"><img fetchpriority=\"high\" decoding=\"async\" width=\"780\" height=\"439\" src=\"https:\/\/radiojehona.com\/wp-content\/uploads\/2025\/01\/Screenshot_1-13-780x439-1.jpg\" alt=\"\" class=\"wp-image-39905\" srcset=\"https:\/\/radiojehona.mk\/wp-content\/uploads\/2025\/01\/Screenshot_1-13-780x439-1.jpg 780w, https:\/\/radiojehona.mk\/wp-content\/uploads\/2025\/01\/Screenshot_1-13-780x439-1-300x169.jpg 300w, https:\/\/radiojehona.mk\/wp-content\/uploads\/2025\/01\/Screenshot_1-13-780x439-1-768x432.jpg 768w\" sizes=\"(max-width: 780px) 100vw, 780px\" \/><\/figure>\n\n\n\n<p>Disa politikan\u00eb n\u00eb Gjermani jan\u00eb kund\u00ebr sugjerimit t\u00eb presidentit t\u00eb zgjedhur t\u00eb SHBA-s\u00eb, Donald Trump, q\u00eb an\u00ebtar\u00ebt evropian\u00eb t\u00eb NATO-s duhet t\u00eb shpenzojn\u00eb 5% t\u00eb prodhimit t\u00eb tyre t\u00eb brendsh\u00ebm bruto (PBB) p\u00ebr mbrojtje, m\u00eb shum\u00eb se dyfishi i objektivit aktual.<\/p>\n\n\n\n<p>T\u00eb mart\u00ebn n\u00eb mbr\u00ebmje, Trump tha se vendet e NATO-s po shpenzonin shum\u00eb pak p\u00ebr mbrojtjen dhe u ankua se \u201cEvropa ka nj\u00eb pjes\u00eb t\u00eb vog\u00ebl t\u00eb tyre\u201d.<\/p>\n\n\n\n<p>\u201cAta t\u00eb gjith\u00eb mund ta p\u00ebrballojn\u00eb at\u00eb, por duhet t\u00eb jen\u00eb n\u00eb 5% jo 2%\u201d, u ka th\u00ebn\u00eb Trump gazetar\u00ebve n\u00eb nj\u00eb konferenc\u00eb shtypi n\u00eb rezidenc\u00ebn Mar-a-Lago n\u00eb Florida.<\/p>\n\n\n\n<p>Asnj\u00eb nga 32 an\u00ebtar\u00ebt e aleanc\u00ebs nuk po shpenzon aktualisht 5% t\u00eb PBB-s\u00eb p\u00ebr mbrojtjen, sipas t\u00eb dh\u00ebnave t\u00eb NATO-s.<\/p>\n\n\n\n<p>Polonia \u00ebsht\u00eb shpenzuesi m\u00eb i madh p\u00ebr nga pjesa e PBB-s\u00eb me 4.12%, e ndjekur nga Estonia me 3.43% dhe SHBA me 3.38%.<\/p>\n\n\n\n<p>Ralf Stegner, nj\u00eb an\u00ebtar i Partis\u00eb Socialdemokrate (SPD) t\u00eb Gjermanis\u00eb, i quajti komentet e Trump \u201cdelirante dhe absolutisht t\u00eb \u00e7mendura\u201d n\u00eb nj\u00eb postim n\u00eb Facebook, shkruan&nbsp;<a href=\"https:\/\/www.euronews.com\/my-europe\/2025\/01\/08\/german-politicians-rebuke-trump-over-nato-defence-spending-demand\" target=\"_blank\" rel=\"noreferrer noopener\">Euronews<\/a>, p\u00ebrcjell Telegrafi.<\/p>\n\n\n\n<p>\u201cNe nuk kemi nevoj\u00eb p\u00ebr m\u00eb shum\u00eb arm\u00eb n\u00eb bot\u00eb, por m\u00eb pak\u201d, tha Stegner p\u00ebr Politico.<\/p>\n\n\n\n<p>Edhe Marcus Faber, kryetar i komitetit t\u00eb mbrojtjes n\u00eb parlamentin gjerman, ra dakord se 5% ishte shum\u00eb e lart\u00eb.<\/p>\n\n\n\n<p>Faber tha se vendet e NATO-s duhet t\u00eb bien dakord p\u00ebr nj\u00eb objektiv t\u00eb ri p\u00ebrtej 2%, por deklaroi se objektivi duhet t\u00eb jet\u00eb 3% dhe t\u00eb vendoset me konsensus.<\/p>\n\n\n\n<p>Nd\u00ebrsa politikania e Partis\u00eb s\u00eb Lir\u00eb Demokratike (FDP) Marie-Agnes Strack-Zimmerman tha: \u201cNuk jemi n\u00eb nj\u00eb pazar k\u00ebtu\u201d.<\/p>\n\n\n\n<p>Kujtojm\u00eb se thirrja e fundit e Trump p\u00ebr an\u00ebtar\u00ebt e NATO-s q\u00eb t\u00eb rrisin shpenzimet e tyre t\u00eb mbrojtjes nuk \u00ebsht\u00eb asgj\u00eb e re.<\/p>\n\n\n\n<p>Gjat\u00eb presidenc\u00ebs s\u00eb tij t\u00eb par\u00eb, ai vazhdimisht k\u00ebrc\u00ebnoi se do t\u00eb t\u00ebrhiqej nga aleanca ushtarake n\u00ebse aleat\u00ebt evropian\u00eb nuk arrinin t\u00eb rrisnin shpenzimet e tyre.<\/p>\n\n\n\n<p>An\u00ebtar\u00ebt e NATO-s t\u00eb BE-s\u00eb kan\u00eb rritur shpenzimet e tyre t\u00eb mbrojtjes n\u00eb vitet e fundit, kryesisht si rezultat i agresionit t\u00eb plot\u00eb t\u00eb Ukrain\u00ebs nga Rusia n\u00eb shkurt t\u00eb vitit 2022.<\/p>\n\n\n\n<p>Dhe Gjermania do t\u00eb arrij\u00eb objektivin prej 2% p\u00ebr her\u00eb t\u00eb par\u00eb k\u00ebt\u00eb vit, pasi kancelari gjerman Olaf Scholz premtoi nj\u00eb rinovim t\u00eb plot\u00eb t\u00eb ushtris\u00eb s\u00eb vendit n\u00eb vitin 2022, duke thyer vitet e tabus\u00eb kund\u00ebr vendit q\u00eb investon shum\u00eb n\u00eb ushtrin\u00eb e tij. \/<strong>Telegrafi<\/strong>\/<\/p>\n","protected":false},"excerpt":{"rendered":"<p>Disa politikan&euml; n&euml; Gjermani jan&euml; kund&euml;r sugjerimit t&euml; presidentit t&euml; zgjedhur t&euml; SHBA-s&euml;, Donald Trump, q&euml; an&euml;tar&euml;t evropian&euml; t&euml; NATO-s duhet t&euml; shpenzojn&euml; 5% t&euml; prodhimit t&euml; tyre t&euml; brendsh&euml;m bruto (PBB) p&euml;r mbrojtje, m&euml; shum&euml; se dyfishi i objektivit aktual. T&euml; mart&euml;n n&euml; mbr&euml;mje, Trump tha se vendet e NATO-s po shpenzonin shum&euml; pak [&hellip;]<\/p>\n","protected":false},"author":2,"featured_media":39905,"comment_status":"open","ping_status":"closed","sticky":false,"template":"","format":"standard","meta":{"_monsterinsights_skip_tracking":false,"_monsterinsights_sitenote_active":false,"_monsterinsights_sitenote_note":"","_monsterinsights_sitenote_category":0,"footnotes":""},"categories":[569],"tags":[],"class_list":["post-39904","post","type-post","status-publish","format-standard","has-post-thumbnail","hentry","category-bota"],"_links":{"self":[{"href":"https:\/\/radiojehona.mk\/index.php?rest_route=\/wp\/v2\/posts\/39904","targetHints":{"allow":["GET"]}}],"collection":[{"href":"https:\/\/radiojehona.mk\/index.php?rest_route=\/wp\/v2\/posts"}],"about":[{"href":"https:\/\/radiojehona.mk\/index.php?rest_route=\/wp\/v2\/types\/post"}],"author":[{"embeddable":true,"href":"https:\/\/radiojehona.mk\/index.php?rest_route=\/wp\/v2\/users\/2"}],"replies":[{"embeddable":true,"href":"https:\/\/radiojehona.mk\/index.php?rest_route=%2Fwp%2Fv2%2Fcomments&post=39904"}],"version-history":[{"count":2,"href":"https:\/\/radiojehona.mk\/index.php?rest_route=\/wp\/v2\/posts\/39904\/revisions"}],"predecessor-version":[{"id":39907,"href":"https:\/\/radiojehona.mk\/index.php?rest_route=\/wp\/v2\/posts\/39904\/revisions\/39907"}],"wp:featuredmedia":[{"embeddable":true,"href":"https:\/\/radiojehona.mk\/index.php?rest_route=\/wp\/v2\/media\/39905"}],"wp:attachment":[{"href":"https:\/\/radiojehona.mk\/index.php?rest_route=%2Fwp%2Fv2%2Fmedia&parent=39904"}],"wp:term":[{"taxonomy":"category","embeddable":true,"href":"https:\/\/radiojehona.mk\/index.php?rest_route=%2Fwp%2Fv2%2Fcategories&post=39904"},{"taxonomy":"post_tag","embeddable":true,"href":"https:\/\/radiojehona.mk\/index.php?rest_route=%2Fwp%2Fv2%2Ftags&post=39904"}],"curies":[{"name":"wp","href":"https:\/\/api.w.org\/{rel}","templated":true}]}}