{"id":39900,"date":"2025-01-08T16:03:36","date_gmt":"2025-01-08T16:03:36","guid":{"rendered":"https:\/\/radiojehona.com\/?p=39900"},"modified":"2025-01-08T16:03:37","modified_gmt":"2025-01-08T16:03:37","slug":"meteorologu-i-los-angeles-nje-nga-shperthimet-me-te-renda-te-zjarrit-ne-histori","status":"publish","type":"post","link":"https:\/\/radiojehona.mk\/?p=39900","title":{"rendered":"Meteorologu i Los Angeles: Nj\u00eb nga shp\u00ebrthimet m\u00eb t\u00eb r\u00ebnda t\u00eb zjarrit n\u00eb histori"},"content":{"rendered":"\n<figure class=\"wp-block-image size-full\"><img fetchpriority=\"high\" decoding=\"async\" width=\"519\" height=\"298\" src=\"https:\/\/radiojehona.com\/wp-content\/uploads\/2025\/01\/meteoro.png\" alt=\"\" class=\"wp-image-39901\" srcset=\"https:\/\/radiojehona.mk\/wp-content\/uploads\/2025\/01\/meteoro.png 519w, https:\/\/radiojehona.mk\/wp-content\/uploads\/2025\/01\/meteoro-300x172.png 300w\" sizes=\"(max-width: 519px) 100vw, 519px\" \/><\/figure>\n\n\n\n<p>Ariel Cohen, Meteorolog i ngarkuar n\u00eb Sh\u00ebrbimin Komb\u00ebtar t\u00eb Motit n\u00eb Los Angeles, ka treguar se \u00e7far\u00eb duhet b\u00ebr\u00eb kur kemi t\u00eb b\u00ebjm\u00eb me k\u00ebrc\u00ebnime zjarri.<\/p>\n\n\n\n<p>Ai e p\u00ebrshkruan k\u00ebt\u00eb si \u201cnj\u00eb nga shp\u00ebrthimet m\u00eb t\u00eb r\u00ebnda t\u00eb zjarrit n\u00eb histori\u201d, transmeton klankosova.tv.<\/p>\n\n\n\n<p>Duke folur p\u00ebr er\u00ebrat e forta q\u00eb kan\u00eb ndezur zjarrin gjat\u00eb nat\u00ebs, Cohen thot\u00eb se kjo \u00ebsht\u00eb \u201cstuhia m\u00eb shkat\u00ebrruese e er\u00ebs q\u00eb kemi par\u00eb n\u00eb dekada\u201d.<\/p>\n\n\n\n<p>\u201dPo flasim p\u00ebr er\u00ebra me shpejt\u00ebsi 80-100 mph (128-160 km\/h) q\u00eb po p\u00ebrhapin zjarret n\u00eb t\u00eb gjith\u00eb zon\u00ebn e Los Anxhelosit duke krijuar nj\u00eb katastrof\u00eb\u201d, thot\u00eb ai.<\/p>\n\n\n\n<p>\u201cUn\u00eb po ju lutem t\u00eb gjith\u00ebve, n\u00ebse merrni at\u00eb urdh\u00ebr evakuimi, merreni seriozisht, jeta juaj varet nga kjo\u201d, shton ai.<\/p>\n\n\n\n<p>Cohen sipas bbc, vazhdon duke th\u00ebn\u00eb se aktualisht nuk parashikohet reshje shiu dhe se er\u00ebrat me fuqin\u00eb e tyre aktuale do t\u00eb vazhdojn\u00eb edhe p\u00ebr disa or\u00eb t\u00eb tjera, nd\u00ebrsa er\u00ebrat m\u00eb von\u00eb gjat\u00eb dit\u00ebs do t\u00eb mbeten \u201cmjaft t\u00eb forta, madje edhe t\u00eb d\u00ebmshme\u201d.<a href=\"https:\/\/klankosova.tv\/\">\/klankosova.tv\/<\/a><\/p>\n","protected":false},"excerpt":{"rendered":"<p>Ariel Cohen, Meteorolog i ngarkuar n&euml; Sh&euml;rbimin Komb&euml;tar t&euml; Motit n&euml; Los Angeles, ka treguar se &ccedil;far&euml; duhet b&euml;r&euml; kur kemi t&euml; b&euml;jm&euml; me k&euml;rc&euml;nime zjarri. Ai e p&euml;rshkruan k&euml;t&euml; si &ldquo;nj&euml; nga shp&euml;rthimet m&euml; t&euml; r&euml;nda t&euml; zjarrit n&euml; histori&rdquo;, transmeton klankosova.tv. Duke folur p&euml;r er&euml;rat e forta q&euml; kan&euml; ndezur zjarrin gjat&euml; nat&euml;s, [&hellip;]<\/p>\n","protected":false},"author":2,"featured_media":39901,"comment_status":"open","ping_status":"closed","sticky":false,"template":"","format":"standard","meta":{"_monsterinsights_skip_tracking":false,"_monsterinsights_sitenote_active":false,"_monsterinsights_sitenote_note":"","_monsterinsights_sitenote_category":0,"footnotes":""},"categories":[569],"tags":[],"class_list":["post-39900","post","type-post","status-publish","format-standard","has-post-thumbnail","hentry","category-bota"],"_links":{"self":[{"href":"https:\/\/radiojehona.mk\/index.php?rest_route=\/wp\/v2\/posts\/39900","targetHints":{"allow":["GET"]}}],"collection":[{"href":"https:\/\/radiojehona.mk\/index.php?rest_route=\/wp\/v2\/posts"}],"about":[{"href":"https:\/\/radiojehona.mk\/index.php?rest_route=\/wp\/v2\/types\/post"}],"author":[{"embeddable":true,"href":"https:\/\/radiojehona.mk\/index.php?rest_route=\/wp\/v2\/users\/2"}],"replies":[{"embeddable":true,"href":"https:\/\/radiojehona.mk\/index.php?rest_route=%2Fwp%2Fv2%2Fcomments&post=39900"}],"version-history":[{"count":2,"href":"https:\/\/radiojehona.mk\/index.php?rest_route=\/wp\/v2\/posts\/39900\/revisions"}],"predecessor-version":[{"id":39903,"href":"https:\/\/radiojehona.mk\/index.php?rest_route=\/wp\/v2\/posts\/39900\/revisions\/39903"}],"wp:featuredmedia":[{"embeddable":true,"href":"https:\/\/radiojehona.mk\/index.php?rest_route=\/wp\/v2\/media\/39901"}],"wp:attachment":[{"href":"https:\/\/radiojehona.mk\/index.php?rest_route=%2Fwp%2Fv2%2Fmedia&parent=39900"}],"wp:term":[{"taxonomy":"category","embeddable":true,"href":"https:\/\/radiojehona.mk\/index.php?rest_route=%2Fwp%2Fv2%2Fcategories&post=39900"},{"taxonomy":"post_tag","embeddable":true,"href":"https:\/\/radiojehona.mk\/index.php?rest_route=%2Fwp%2Fv2%2Ftags&post=39900"}],"curies":[{"name":"wp","href":"https:\/\/api.w.org\/{rel}","templated":true}]}}