{"id":39896,"date":"2025-01-08T16:02:05","date_gmt":"2025-01-08T16:02:05","guid":{"rendered":"https:\/\/radiojehona.com\/?p=39896"},"modified":"2025-01-08T16:02:05","modified_gmt":"2025-01-08T16:02:05","slug":"e-diela-dite-jopune-vendoset-kete-muaj","status":"publish","type":"post","link":"https:\/\/radiojehona.mk\/?p=39896","title":{"rendered":"\u201cE diela dit\u00eb (jo)pune\u201d vendoset k\u00ebt\u00eb muaj!"},"content":{"rendered":"\n<figure class=\"wp-block-image size-full\"><img fetchpriority=\"high\" decoding=\"async\" width=\"900\" height=\"569\" src=\"https:\/\/radiojehona.com\/wp-content\/uploads\/2025\/01\/1111REDAKT.E-diela-dite-jopune-vendoset-kete-muaj.jpg\" alt=\"\" class=\"wp-image-39897\" srcset=\"https:\/\/radiojehona.mk\/wp-content\/uploads\/2025\/01\/1111REDAKT.E-diela-dite-jopune-vendoset-kete-muaj.jpg 900w, https:\/\/radiojehona.mk\/wp-content\/uploads\/2025\/01\/1111REDAKT.E-diela-dite-jopune-vendoset-kete-muaj-300x190.jpg 300w, https:\/\/radiojehona.mk\/wp-content\/uploads\/2025\/01\/1111REDAKT.E-diela-dite-jopune-vendoset-kete-muaj-768x486.jpg 768w\" sizes=\"(max-width: 900px) 100vw, 900px\" \/><\/figure>\n\n\n\n<p><strong>Sindikatat dhe pun\u00ebdh\u00ebn\u00ebsit me q\u00ebndrime t\u00eb ndryshme p\u00ebr t\u00eb \u201cdiel\u00ebn pushim\u201d. Pun\u00ebdh\u00ebn\u00ebsit asnj\u00ebher\u00eb nuk jan\u00eb pajtuar me k\u00ebt\u00eb zgjidhje ligjore dhe k\u00ebrkojn\u00eb t\u00eb zgjerohet lista e veprimtarive q\u00eb mund t\u00eb punojn\u00eb t\u00eb diel\u00ebn, nd\u00ebrkoh\u00eb q\u00eb punonj\u00ebsit k\u00ebmb\u00ebngulin p\u00ebr pushim n\u00eb dit\u00ebn e shtat\u00eb t\u00eb jav\u00ebs. Nga mesi i muajit pritet t\u00eb ballafaqohen argumentet<\/strong><\/p>\n\n\n\n<p>Fisnik PASHOLLI<\/p>\n\n\n\n<p>Shkup, 8 janar \u2013 E diela si dit\u00eb jo pune hyri n\u00eb fuqi m\u00eb 1 janar 2022, apo para tre vitesh. Oda Ekonomike e kontestoi k\u00ebt\u00eb nism\u00eb para Gjykat\u00ebs Kushtetuese, mir\u00ebpo kjo e fundit vendosi t\u00eb mos ket\u00eb ndryshime. Me fjal\u00eb tjera, sindikatat dhe pun\u00ebdh\u00ebn\u00ebsit jan\u00eb me q\u00ebndrime t\u00eb ndryshme p\u00ebr t\u00eb \u201cdiel\u00ebn pushim\u201d. Pun\u00ebdh\u00ebn\u00ebsit asnj\u00ebher\u00eb nuk jan\u00eb pajtuar me k\u00ebt\u00eb zgjidhje ligjore, dhe k\u00ebrkojn\u00eb t\u00eb zgjerohet lista e veprimtarive q\u00eb mund t\u00eb punojn\u00eb t\u00eb diel\u00ebn. Aktualisht, nga mbi 530 mij\u00eb punonj\u00ebs n\u00eb vend, vet\u00ebm rreth 30 mij\u00eb punojn\u00eb t\u00eb diel\u00ebn p\u00ebr \u00e7ka marrin edhe m\u00ebditje m\u00eb t\u00eb madhe. Nga Organizata e Pun\u00ebdh\u00ebn\u00ebsve thon\u00eb se edhe kur jan\u00eb b\u00ebr\u00eb ndryshimet ligjore, kan\u00eb reaguar se do t\u00eb b\u00ebhen l\u00ebshime. Nga aty, ata mendojn\u00eb se nuk duhet kufizuar aktivitetet, pun\u00ebtor\u00ebt duhet t\u00eb paguhen n\u00eb m\u00ebnyr\u00eb p\u00ebrkat\u00ebse dhe inspektor\u00ebt e pun\u00ebs duhet t\u00eb kontrollojn\u00eb m\u00eb shum\u00eb situat\u00ebn n\u00eb teren. Sindikatat, nga ana tjet\u00ebr, jan\u00eb kund\u00ebr ndryshimit t\u00eb k\u00ebsaj t\u00eb drejte t\u00eb pun\u00ebs.<\/p>\n\n\n\n<p>\u201cN\u00eb shtetet demokratike ku vendi i jon\u00eb pretendon t\u00eb p\u00ebrfshihet, e diela \u00ebsht\u00eb dit\u00eb jo pun\u00eb, dhe tashm\u00eb ka trend t\u00eb shkurtohet java e pun\u00ebs n\u00eb 35 or\u00eb dhe e shtun\u00eb \u00ebsht\u00eb gjithashtu dit\u00eb jo pune. Nj\u00ebher\u00ebsh theksojm\u00eb se e diela si dit\u00eb jo pun\u00eb e riktheu pak dinjitetin e pun\u00ebtorit, andaj pun\u00ebtori pushon t\u00eb diel\u00ebn\u201d, thon\u00eb nga Lidhja e Sindikat\u00ebs.<\/p>\n\n\n\n<p>Sindikatat kan\u00eb th\u00ebn\u00eb vazhdimisht se kjo zgjidhje ligjore nuk guxon t\u00eb preket dhe k\u00ebmb\u00ebngulin q\u00eb lista e aktiviteteve q\u00eb punojn\u00eb t\u00eb dielave t\u00eb reduktohet n\u00eb minimum, pa e konsideruar rritjen e saj. \u201cN\u00ebse ne, pun\u00ebtor\u00ebt, na pyet dikush, pa m\u00ebdyshje themi se e diela duhet t\u00eb jet\u00eb dit\u00eb jopune p\u00ebr t\u00eb gjith\u00eb pa p\u00ebrjashtim, p\u00ebrve\u00e7 policis\u00eb, ushtris\u00eb, Ndihm\u00ebs s\u00eb Shpejt\u00eb apo aktiviteteve t\u00eb sh\u00ebrbimit q\u00eb duhet t\u00eb jen\u00eb n\u00eb dispozicion t\u00eb qytetar\u00ebve, por ato q\u00eb duhet t\u00eb punojn\u00eb m\u00eb s\u00eb paku p\u00ebr ne jan\u00eb qendrat tregtare, apo vende t\u00eb caktuara t\u00eb pun\u00ebs q\u00eb nuk kan\u00eb punuar as n\u00eb t\u00eb kaluar\u00ebn, dhe ne besojm\u00eb se edhe ata njer\u00ebz nuk duhet t\u00eb punojn\u00eb t\u00eb dielave, qoft\u00eb edhe p\u00ebr nj\u00eb pag\u00eb t\u00eb rritur ditore, duke pasur parasysh se \u00ebsht\u00eb dit\u00eb pushimi, nj\u00eb dit\u00eb p\u00ebr familjen, fundjav\u00eb dhe ju e dini se \u00e7far\u00eb \u00ebsht\u00eb puna nga e h\u00ebna n\u00eb t\u00eb premte dhe 40 or\u00eb orari i pun\u00ebs\u201d, thon\u00eb sindikatat.<\/p>\n\n\n\n<p>Pun\u00ebdh\u00ebn\u00ebsit, zejtar\u00ebt dhe Odat Ekonomike kan\u00eb dor\u00ebzuar k\u00ebrkes\u00eb q\u00eb, aktivitete t\u00eb caktuara, si zanatet, parukier\u00eb, marketet, prodhimi\u2026 t\u00eb jen\u00eb n\u00eb gjendje t\u00eb punojn\u00eb. Mir\u00ebpo, \u00e7\u00ebshtja mbetet e hapur. N\u00eb mesin e k\u00ebtij muaji pritet t\u00eb ket\u00eb nj\u00eb takim t\u00eb ri me pun\u00ebdh\u00ebn\u00ebsit dhe sindikatat dhe nga ky takim do t\u00eb varet zgjidhja n\u00eb K\u00ebshillin Ekonomik Social p\u00ebr rishikimin eventual t\u00eb zgjidhjes ligjore p\u00ebr \u201ct\u00eb diel\u00ebn si dit\u00eb jopune\u201d.<\/p>\n\n\n\n<p>Nga Ministria e Ekonomis\u00eb thon\u00eb se k\u00ebtu ka pal\u00eb kund\u00ebrshtare. Pun\u00ebdh\u00ebn\u00ebsit duan t\u00eb shfuqizojn\u00eb \u201cdit\u00ebn e diel pushim\u201d, por nga ana tjet\u00ebr, jan\u00eb sindikatat q\u00eb duan ta mbajn\u00eb ashtu si\u00e7 \u00ebsht\u00eb. Ministri i Ekonomis\u00eb, Besar Durmishi vler\u00ebson se disa aktivitete duhet t\u00eb lirohen disa aktivitete q\u00eb kan\u00eb t\u00eb b\u00ebjn\u00eb me pun\u00ebn q\u00eb t\u00eb mund t\u00eb punojn\u00eb t\u00eb dielave, por jo t\u00eb hiqet plot\u00ebsisht \u201cdit\u00eb e diel jopune\u201d. Pra le t\u00eb mbetet ashtu si\u00e7 \u00ebsht\u00eb, por le t\u00eb lirohen disa aktivitete q\u00eb t\u00eb mund t\u00eb punojn\u00eb, duke b\u00ebr\u00eb disa ndryshime, ku do t\u00eb vendoset dyfishi apo trefishi i pagave ditore p\u00ebr t\u00eb pun\u00ebsuarit.<\/p>\n\n\n\n<p>\u201cQ\u00ebllimi \u00ebsht\u00eb q\u00eb t\u00eb dielave t\u00eb mund\u00ebsohet puna p\u00ebr disa aktivitete, por me nj\u00eb kompensim t\u00eb drejt\u00eb p\u00ebr punonj\u00ebsit. Paga do t\u00eb dyfishohet ose trefishohet. Sindikatat hezitojn\u00eb , nd\u00ebrsa pun\u00ebdh\u00ebn\u00ebsit k\u00ebmb\u00ebngulin p\u00ebr ndryshime. Ne do t\u00eb vazhdojm\u00eb bisedimet p\u00ebr t\u00eb gjetur nj\u00eb zgjidhje t\u00eb q\u00ebndrueshme\u201d, thekson ministri Durmishi.<\/p>\n\n\n\n<p>Ndryshe, pun\u00ebn t\u00eb diel\u00ebn e mbrojn\u00eb Gjermania, Austria, Belgjika, Danimarka, Franca, Greqia, Luksemburgu, nd\u00ebrsa dit\u00eb t\u00eb caktuara t\u00eb s\u00eb dielave n\u00eb vit me dyqane q\u00eb mund t\u00eb punojn\u00eb kan\u00eb Polonia, Holanda, Sllovenia, Spanja\u2026 Jasht\u00eb BE-s\u00eb, n\u00eb Norvegji dhe Zvic\u00ebr nuk punojn\u00eb shitoret t\u00eb diel\u00ebn.&nbsp;P\u00ebrkufizimi i pun\u00ebs p\u00ebr dit\u00ebn e diel \u00ebsht\u00eb n\u00eb p\u00ebrkufizim edhe me Direktiv\u00ebn Evropiane p\u00ebr balanc\u00eb midis jet\u00ebs private dhe biznesore, q\u00eb e ka miratuar Parlamenti Evropian n\u00eb vitin 2019, dhe q\u00eb duhet t\u00eb implementohet n\u00eb legjislacionin e shteteve an\u00ebtare deri m\u00eb vitin 2022. Harmonizimi i obligimeve familjare dhe pun\u00ebs, \u00ebsht\u00eb nj\u00eb nga \u00e7\u00ebshtjet shoq\u00ebrore-politike me prioritetet p\u00ebr BE-n\u00eb, q\u00eb disa shtete e kan\u00eb zgjidhur q\u00eb moti. Ajo pritet t\u00eb mund\u00ebsoj\u00eb nd\u00ebr t\u00eb tjerash, q\u00eb prind\u00ebrit t\u00eb k\u00ebrkojn\u00eb orar t\u00eb shkurtuar apo fleksibil t\u00eb pun\u00ebs, pun\u00eb nga sht\u00ebpia atje ku mund t\u00eb harmonizohen obligimet familjare dhe t\u00eb pun\u00ebs.<\/p>\n\n\n\n<p>Me fjal\u00eb tjera, kjo direktiv\u00eb ka p\u00ebr q\u00ebllim edhe ballafaqimin evropian me plakjen e popullat\u00ebs, uljen e natalitetit, q\u00eb do t\u00eb sjell\u00eb tronditje ekonomike, andaj edhe nevojitet t\u00eb p\u00ebrmir\u00ebsohet pozita e prind\u00ebrve t\u00eb pun\u00ebsuar, p\u00ebr shkak se nuk mund t\u00eb rritet nataliteti me angazhimet e shumta n\u00eb pun\u00eb.&nbsp;<strong>(koha.mk)<\/strong><\/p>\n","protected":false},"excerpt":{"rendered":"<p>Sindikatat dhe pun&euml;dh&euml;n&euml;sit me q&euml;ndrime t&euml; ndryshme p&euml;r t&euml; &ldquo;diel&euml;n pushim&rdquo;. Pun&euml;dh&euml;n&euml;sit asnj&euml;her&euml; nuk jan&euml; pajtuar me k&euml;t&euml; zgjidhje ligjore dhe k&euml;rkojn&euml; t&euml; zgjerohet lista e veprimtarive q&euml; mund t&euml; punojn&euml; t&euml; diel&euml;n, nd&euml;rkoh&euml; q&euml; punonj&euml;sit k&euml;mb&euml;ngulin p&euml;r pushim n&euml; dit&euml;n e shtat&euml; t&euml; jav&euml;s. Nga mesi i muajit pritet t&euml; ballafaqohen argumentet Fisnik PASHOLLI [&hellip;]<\/p>\n","protected":false},"author":2,"featured_media":39897,"comment_status":"open","ping_status":"closed","sticky":false,"template":"","format":"standard","meta":{"_monsterinsights_skip_tracking":false,"_monsterinsights_sitenote_active":false,"_monsterinsights_sitenote_note":"","_monsterinsights_sitenote_category":0,"footnotes":""},"categories":[1],"tags":[],"class_list":["post-39896","post","type-post","status-publish","format-standard","has-post-thumbnail","hentry","category-vendi"],"_links":{"self":[{"href":"https:\/\/radiojehona.mk\/index.php?rest_route=\/wp\/v2\/posts\/39896","targetHints":{"allow":["GET"]}}],"collection":[{"href":"https:\/\/radiojehona.mk\/index.php?rest_route=\/wp\/v2\/posts"}],"about":[{"href":"https:\/\/radiojehona.mk\/index.php?rest_route=\/wp\/v2\/types\/post"}],"author":[{"embeddable":true,"href":"https:\/\/radiojehona.mk\/index.php?rest_route=\/wp\/v2\/users\/2"}],"replies":[{"embeddable":true,"href":"https:\/\/radiojehona.mk\/index.php?rest_route=%2Fwp%2Fv2%2Fcomments&post=39896"}],"version-history":[{"count":2,"href":"https:\/\/radiojehona.mk\/index.php?rest_route=\/wp\/v2\/posts\/39896\/revisions"}],"predecessor-version":[{"id":39899,"href":"https:\/\/radiojehona.mk\/index.php?rest_route=\/wp\/v2\/posts\/39896\/revisions\/39899"}],"wp:featuredmedia":[{"embeddable":true,"href":"https:\/\/radiojehona.mk\/index.php?rest_route=\/wp\/v2\/media\/39897"}],"wp:attachment":[{"href":"https:\/\/radiojehona.mk\/index.php?rest_route=%2Fwp%2Fv2%2Fmedia&parent=39896"}],"wp:term":[{"taxonomy":"category","embeddable":true,"href":"https:\/\/radiojehona.mk\/index.php?rest_route=%2Fwp%2Fv2%2Fcategories&post=39896"},{"taxonomy":"post_tag","embeddable":true,"href":"https:\/\/radiojehona.mk\/index.php?rest_route=%2Fwp%2Fv2%2Ftags&post=39896"}],"curies":[{"name":"wp","href":"https:\/\/api.w.org\/{rel}","templated":true}]}}