{"id":39890,"date":"2025-01-08T16:00:09","date_gmt":"2025-01-08T16:00:09","guid":{"rendered":"https:\/\/radiojehona.com\/?p=39890"},"modified":"2025-01-08T16:00:09","modified_gmt":"2025-01-08T16:00:09","slug":"ndotja-po-vret-partite-ne-kerkim-te-fajtorit","status":"publish","type":"post","link":"https:\/\/radiojehona.mk\/?p=39890","title":{"rendered":"Ndotja po vret, partit\u00eb n\u00eb k\u00ebrkim t\u00eb fajtorit!"},"content":{"rendered":"\n<figure class=\"wp-block-image size-large\"><img fetchpriority=\"high\" decoding=\"async\" width=\"1024\" height=\"689\" src=\"https:\/\/radiojehona.com\/wp-content\/uploads\/2025\/01\/IMG_0326-1024x689.jpeg\" alt=\"\" class=\"wp-image-39817\" srcset=\"https:\/\/radiojehona.mk\/wp-content\/uploads\/2025\/01\/IMG_0326-1024x689.jpeg 1024w, https:\/\/radiojehona.mk\/wp-content\/uploads\/2025\/01\/IMG_0326-300x202.jpeg 300w, https:\/\/radiojehona.mk\/wp-content\/uploads\/2025\/01\/IMG_0326-768x517.jpeg 768w, https:\/\/radiojehona.mk\/wp-content\/uploads\/2025\/01\/IMG_0326.jpeg 1125w\" sizes=\"(max-width: 1024px) 100vw, 1024px\" \/><\/figure>\n\n\n\n<p><strong>Disa qytete n\u00eb vend vazhdojn\u00eb t\u00eb ken\u00eb nivele t\u00eb larta t\u00eb ndotjes s\u00eb ajrit. Shkupi p\u00ebrs\u00ebri \u00ebsht\u00eb kampion n\u00eb Europ\u00eb p\u00ebr aj\u00ebr t\u00eb ndotur, nd\u00ebrsa gjendja \u00ebsht\u00eb alarmante n\u00eb Strumic\u00eb. P\u00ebrderisa qytetar\u00ebt vazhdojn\u00eb t\u00eb thithin aj\u00ebr t\u00eb ndotur, partit\u00eb politike n\u00eb vend t\u00eb ofrimit t\u00eb zgjidhjes, vazhdojn\u00eb t\u00eb drejtojn\u00eb gishtin ndaj nj\u00ebra-tjetr\u00ebs duke k\u00ebrkuar fajtorin<\/strong><\/p>\n\n\n\n<p>Ersan PAJAZITI<\/p>\n\n\n\n<p>Shkup, 8 janar \u2013 Shkupi vazhdon t\u00eb jet\u00eb \u00ebsht\u00eb n\u00eb mesin e qyteteve me ndotjen m\u00eb t\u00eb lart\u00eb t\u00eb ajrit n\u00eb bot\u00eb. Sipas tabel\u00ebs s\u00eb platform\u00ebs p\u00ebr matjen e ndotjes s\u00eb ajrit \u201cIQ Air\u201d, dje n\u00eb or\u00ebn 09:45, Shkupi ishte renditur n\u00eb vendin e shtat\u00eb n\u00eb bot\u00eb dhe n\u00eb vendin e par\u00eb si qyteti m\u00eb i ndotur n\u00eb Evrop\u00eb. Me vler\u00ebn e nivelit t\u00eb grimcave t\u00eb d\u00ebmshme PM prej 164 nj\u00ebsi, ajri n\u00eb Shkup \u00ebsht\u00eb n\u00eb kategorin\u00eb e sh\u00ebnuar me ngjyr\u00eb t\u00eb kuqe si aj\u00ebr \u201ci pash\u00ebndetsh\u00ebm\u201d. E p\u00ebrderisa qytetar\u00ebt vazhdojn\u00eb t\u00eb thithin aj\u00ebr t\u00eb ndotur, i cili rrezikon n\u00eb m\u00ebnyr\u00eb t\u00eb skajshme sh\u00ebndetin e tyre, partit\u00eb politike n\u00eb vend t\u00eb ofrimit t\u00eb zgjidhjes, vazhdojn\u00eb t\u00eb drejtojn\u00eb gishtin ndaj nj\u00ebra tjetr\u00ebs p\u00ebr at\u00eb se kush \u00ebsht\u00eb fajtor p\u00ebr ndotjen e ajrit.<\/p>\n\n\n\n<p>Sipas LSDM-s\u00eb, p\u00ebrderisa qytetar\u00ebt po \u201cngulfaten\u201d, shqet\u00ebsuese \u00ebsht\u00eb ajo se qeveria nuk po merr asgj\u00eb kund\u00ebr ajrit t\u00eb ndotur. Socialdemokrat\u00ebt thon\u00eb se \u00ebsht\u00eb e habitshme dhe n\u00eb t\u00eb nj\u00ebjt\u00ebn koh\u00eb shqet\u00ebsuese se si Qeveria e VMRO-s\u00eb e injoron ndotjen me shum\u00eb leht\u00ebsi dhe nuk b\u00ebn asgj\u00eb.<\/p>\n\n\n\n<p>Sipas partis\u00eb s\u00eb Venko Filip\u00e7es, pushteti nuk po realizon premtimet e b\u00ebra gjat\u00eb fushat\u00ebs zgjedhore. \u201cKur ishte n\u00eb opozit\u00eb, DPMNE shpalli mbi 1 miliard euro p\u00ebr investime n\u00eb aj\u00ebr t\u00eb past\u00ebr dhe ulje t\u00eb ndotjes me 50%. Si qeveri DPMNE nuk po merr asgj\u00eb tani. Kan\u00eb kaluar 7 muaj, nuk ka asnj\u00eb mas\u00eb kund\u00ebr ndotjes. Gjithashtu, qeveria uli me 51% parat\u00eb p\u00ebr luft\u00ebn kund\u00ebr ndotjes s\u00eb ajrit dhe n\u00eb buxhetin e vitit 2025 nuk p\u00ebrfshihen programet mjedisore q\u00eb zbatohen me sukses prej vitesh. Asnj\u00eb amendament i LSDM-s\u00eb p\u00ebr projekte mjedisore dhe rritje t\u00eb parave p\u00ebr luftimin e ndotjes nuk \u00ebsht\u00eb pranuar nga qeveria.\u201d, theksojn\u00eb nga LSDM, nga ku b\u00ebn\u00eb thirrje q\u00eb \u201cQeveria duhet t\u00eb ndryshoj\u00eb menj\u00ebher\u00eb politikat e saj t\u00eb gabuara dhe t\u00eb nd\u00ebrmarr\u00eb hapa serioz\u00eb p\u00ebr t\u00eb luftuar ndotjen\u201d. Sipas LSDM-s\u00eb \u00e7do dit\u00eb vones\u00eb n\u00ebnkupton edhe m\u00eb shum\u00eb rrezikim t\u00eb sh\u00ebndetit dhe jet\u00ebve t\u00eb bashk\u00ebqytetar\u00ebve tan\u00eb.<\/p>\n\n\n\n<p>Nga ana tjet\u00ebr, VMRO-DPMNE reagon duke th\u00ebn\u00eb se me \u00e7do deklarat\u00eb n\u00eb drejtim t\u00eb ndotjes s\u00eb ajrit, LSDM vet\u00ebm konfirmon paaft\u00ebsin\u00eb e tyre dhe faktin se gjat\u00eb qeverisjes s\u00eb tyre shtat\u00ebvje\u00e7are nuk kan\u00eb b\u00ebr\u00eb asgj\u00eb p\u00ebr t\u00eb ulur ndotjen e ajrit.<\/p>\n\n\n\n<p>\u201cLSDM n\u00eb shtat\u00eb vite pushtet, po t\u00eb ishte kujdesur p\u00ebr ajrin e ambientit dhe mjedisin, aq sa u interesua p\u00ebr ngritjen e tender\u00ebve t\u00eb dyshimt\u00eb nga t\u00eb cil\u00ebt p\u00ebrfitonin miliona, rezultatet e para do t\u00eb ishin par\u00eb tani. Sepse \u00ebsht\u00eb e qart\u00eb p\u00ebr t\u00eb gjith\u00eb se ndotja e ajrit nuk \u00ebsht\u00eb nj\u00eb problem q\u00eb zgjidhet me zgjidhje t\u00eb shpejta nga sot n\u00eb nes\u00ebr, por \u00ebsht\u00eb nj\u00eb problem q\u00eb k\u00ebrkon zgjidhje sistematike q\u00eb japin rezultate n\u00eb planin afatmes\u00ebm dhe afatgjat\u00eb.\u201d. Nga VMRO-DPMNE theksojn\u00eb se ajrin nuk mund ta pastrojn\u00eb menj\u00ebher\u00eb me shkop magjik, por se do t\u00eb angazhohet p\u00ebr nj\u00eb strategji afatgjat\u00eb dhe sistematike q\u00eb realisht do t\u00eb ul\u00eb ndotjen. P\u00ebr k\u00ebt\u00eb q\u00ebllim \u00ebsht\u00eb i nevojsh\u00ebm ndryshimi i m\u00ebnyr\u00ebs s\u00eb ngrohjes s\u00eb banesave, q\u00eb n\u00ebnkupton m\u00eb shum\u00eb shfryt\u00ebzimin e l\u00ebnd\u00ebve djeg\u00ebse ekologjike, duke p\u00ebrfshir\u00eb edhe ngrohjen qendrore, dhe p\u00ebr k\u00ebt\u00eb arsye \u00ebsht\u00eb e nevojshme t\u00eb nd\u00ebrtohen termocentrale me gaz. Qeveria e udh\u00ebhequr nga VMRO-DPMNE \u00ebsht\u00eb duke punuar intensivisht n\u00eb nd\u00ebrtimin e termocentraleve t\u00eb tilla t\u00eb gazit dhe tashm\u00eb ka nj\u00eb investitor t\u00eb interesuar\u201d, theksojn\u00eb nga VMRO-DPMNE.<\/p>\n\n\n\n<p>P\u00ebrderisa p\u00ebrplasjet politike vazhdojn\u00eb, ndotja e ajrit vazhdon t\u00eb merr jet\u00eb njer\u00ebzish. Sipas t\u00eb dh\u00ebnave t\u00eb UNICEF-it, 11.6% e vdekjeve t\u00eb t\u00eb porsalindurve n\u00eb vend lidhen me ndotjen e ajrit, q\u00eb do t\u00eb thot\u00eb se \u00e7do i n\u00ebnt\u00eb f\u00ebmij\u00eb i vdekur n\u00ebn nj\u00eb vje\u00e7 vdes nga ndotja e ajrit. Nd\u00ebrkoh\u00eb raporti i Bank\u00ebs Bot\u00ebsore i publikuar jav\u00eb m\u00eb pare tregoi se 2800 persona mesatarisht n\u00eb vjet nd\u00ebrrojn\u00eb jet\u00eb si pasoj\u00eb e ndojtes s\u00eb ajrit. Alarmin p\u00ebr ndotjen e ajrit e kan\u00eb dh\u00ebn\u00eb edhe shoqatat ambientaliste, t\u00eb cilat n\u00eb periudh\u00ebn paraprake kan\u00eb organizuar marshe protestuese, p\u00ebrmes t\u00eb cilave kan\u00eb b\u00ebr\u00eb k\u00ebrkesat e tyre drejtuar Qeveris\u00eb p\u00ebr masa ndaj ndotjes s\u00eb ajrit.<\/p>\n\n\n\n<p>\u201cK\u00ebrkesa e par\u00eb \u00ebsht\u00eb monitorimi i vazhduesh\u00ebm publik i objekteve industriale p\u00ebr t\u00eb ditur sakt\u00ebsisht se kush dhe si ndot. K\u00ebrkesa e dyt\u00eb ka t\u00eb b\u00ebj\u00eb me ngrohjen ekologjike t\u00eb objekteve si Klinika e F\u00ebmij\u00ebve n\u00eb Kozle, e cila ende ngrohet me mazut. K\u00ebrkesa e tret\u00eb \u00ebsht\u00eb ti jepet p\u00ebrpar\u00ebsi transportit publik dhe bi\u00e7ikletave mbi makinat dhe k\u00ebrkesa e kat\u00ebrt \u00ebsht\u00eb nj\u00eb menaxhim m\u00eb i mir\u00eb i mbetjeve\u201d, kan\u00eb th\u00ebn\u00eb nga \u201cQyteti i Gjelb\u00ebr Human\u201d.<\/p>\n\n\n\n<p>Alarmante \u00ebsht\u00eb situata edhe n\u00eb Strumic\u00eb. P\u00ebr banor\u00ebt e Strumic\u00ebs \u00ebsht\u00eb ndezur s\u00ebrish alarmi, pasi dy dit\u00eb radhazi \u00ebsht\u00eb tejkaluar pragu i grimcave t\u00eb varura me madh\u00ebsi deri n\u00eb 10 mikrometra. Si pasoj\u00eb e k\u00ebsaj, Ministria e Mjedisit ka rikthyer rekomandimet n\u00eb Strumic\u00eb p\u00ebr intensifikimin e kontrolleve t\u00eb jasht\u00ebzakonshme p\u00ebr korrekt\u00ebsin\u00eb teknike t\u00eb automjeteve, ve\u00e7an\u00ebrisht ato me naft\u00eb dhe automjetet e paregjistruara, si dhe p\u00ebr intensifikimin e kontrolleve t\u00eb jasht\u00ebzakonshme n\u00eb kantieret e nd\u00ebrtimit.<\/p>\n\n\n\n<p>\u201cNdalohet gjithashtu djegia e hapur dhe t\u00eb gjith\u00eb subjekteve juridike u rekomandohet q\u00eb t\u00eb leht\u00ebsojn\u00eb nga puna grat\u00eb shtatz\u00ebna, personat mbi 60 vje\u00e7, si dhe personat me astm\u00eb kronike, infarkt t\u00eb m\u00ebparsh\u00ebm t\u00eb miokardit ose goditje n\u00eb tru, pavar\u00ebsisht nga mosha, me rekomandimin e mjekut t\u00eb familjes. Rekomandohet t\u00eb gjith\u00eb subjekteve juridike q\u00eb t\u00eb riorganizojn\u00eb orarin e pun\u00ebs dhe personat q\u00eb punojn\u00eb jasht\u00eb t\u00eb punojn\u00eb nga ora 11 deri n\u00eb 17, si dhe t\u00eb mos organizojn\u00eb gara sportive dhe ngjarje t\u00eb tjera kulturore n\u00eb natyr\u00eb\u201d, theksojn\u00eb nga Ministria e Mjedisit dhe Planifikimit Hap\u00ebsinor, nd\u00ebrsa vler\u00ebsojn\u00eb se p\u00ebr n\u00eb Shkup ende nuk \u00ebsht\u00eb plot\u00ebsuar kushti p\u00ebr shpalljen e gjendjes s\u00eb alarmit p\u00ebr shkak t\u00eb ajrit t\u00eb ndotur.<\/p>\n\n\n\n<p>\u201cP\u00ebr momentin kufirin e alarmit e kemi tejkaluar vet\u00ebm n\u00eb Strumic\u00eb. Sipas Urdh\u00ebres\u00ebs, n\u00eb Shkup duhet t\u00eb ket\u00eb s\u00eb paku dy pika mat\u00ebse p\u00ebr 2 dit\u00eb rresht me nj\u00eb p\u00ebrqendrim mesatar ditor prej PM10 mbi 150 mikrogram\u00eb p\u00ebr met\u00ebr kub. Aktualisht vet\u00ebm n\u00eb pik\u00ebn mat\u00ebse n\u00eb Lisi\u00e7e jan\u00eb dy dit\u00eb radhazi\u201d, thuhet n\u00eb njoftimin e Ministris\u00eb s\u00eb Ambientit Jet\u00ebsor dhe Planifikimit Hap\u00ebsinor.&nbsp;<strong>(koha.mk)<\/strong><\/p>\n","protected":false},"excerpt":{"rendered":"<p>Disa qytete n&euml; vend vazhdojn&euml; t&euml; ken&euml; nivele t&euml; larta t&euml; ndotjes s&euml; ajrit. Shkupi p&euml;rs&euml;ri &euml;sht&euml; kampion n&euml; Europ&euml; p&euml;r aj&euml;r t&euml; ndotur, nd&euml;rsa gjendja &euml;sht&euml; alarmante n&euml; Strumic&euml;. P&euml;rderisa qytetar&euml;t vazhdojn&euml; t&euml; thithin aj&euml;r t&euml; ndotur, partit&euml; politike n&euml; vend t&euml; ofrimit t&euml; zgjidhjes, vazhdojn&euml; t&euml; drejtojn&euml; gishtin ndaj nj&euml;ra-tjetr&euml;s duke k&euml;rkuar fajtorin [&hellip;]<\/p>\n","protected":false},"author":2,"featured_media":39817,"comment_status":"open","ping_status":"closed","sticky":false,"template":"","format":"standard","meta":{"_monsterinsights_skip_tracking":false,"_monsterinsights_sitenote_active":false,"_monsterinsights_sitenote_note":"","_monsterinsights_sitenote_category":0,"footnotes":""},"categories":[1],"tags":[],"class_list":["post-39890","post","type-post","status-publish","format-standard","has-post-thumbnail","hentry","category-vendi"],"_links":{"self":[{"href":"https:\/\/radiojehona.mk\/index.php?rest_route=\/wp\/v2\/posts\/39890","targetHints":{"allow":["GET"]}}],"collection":[{"href":"https:\/\/radiojehona.mk\/index.php?rest_route=\/wp\/v2\/posts"}],"about":[{"href":"https:\/\/radiojehona.mk\/index.php?rest_route=\/wp\/v2\/types\/post"}],"author":[{"embeddable":true,"href":"https:\/\/radiojehona.mk\/index.php?rest_route=\/wp\/v2\/users\/2"}],"replies":[{"embeddable":true,"href":"https:\/\/radiojehona.mk\/index.php?rest_route=%2Fwp%2Fv2%2Fcomments&post=39890"}],"version-history":[{"count":1,"href":"https:\/\/radiojehona.mk\/index.php?rest_route=\/wp\/v2\/posts\/39890\/revisions"}],"predecessor-version":[{"id":39891,"href":"https:\/\/radiojehona.mk\/index.php?rest_route=\/wp\/v2\/posts\/39890\/revisions\/39891"}],"wp:featuredmedia":[{"embeddable":true,"href":"https:\/\/radiojehona.mk\/index.php?rest_route=\/wp\/v2\/media\/39817"}],"wp:attachment":[{"href":"https:\/\/radiojehona.mk\/index.php?rest_route=%2Fwp%2Fv2%2Fmedia&parent=39890"}],"wp:term":[{"taxonomy":"category","embeddable":true,"href":"https:\/\/radiojehona.mk\/index.php?rest_route=%2Fwp%2Fv2%2Fcategories&post=39890"},{"taxonomy":"post_tag","embeddable":true,"href":"https:\/\/radiojehona.mk\/index.php?rest_route=%2Fwp%2Fv2%2Ftags&post=39890"}],"curies":[{"name":"wp","href":"https:\/\/api.w.org\/{rel}","templated":true}]}}