{"id":39887,"date":"2025-01-08T15:59:24","date_gmt":"2025-01-08T15:59:24","guid":{"rendered":"https:\/\/radiojehona.com\/?p=39887"},"modified":"2025-01-08T15:59:25","modified_gmt":"2025-01-08T15:59:25","slug":"kallezim-penal-ndaj-nje-ish-zyrtari-policor-nga-kumanova-demtoi-buxhetin-e-mpb-se-per-mbi-926-mije-denare","status":"publish","type":"post","link":"https:\/\/radiojehona.mk\/?p=39887","title":{"rendered":"Kall\u00ebzim penal ndaj nj\u00eb ish-zyrtari policor nga Kumanova, d\u00ebmtoi buxhetin e MPB-s\u00eb p\u00ebr mbi 926 mij\u00eb denar\u00eb"},"content":{"rendered":"\n<figure class=\"wp-block-image size-large\"><img fetchpriority=\"high\" decoding=\"async\" width=\"1024\" height=\"606\" src=\"https:\/\/radiojehona.com\/wp-content\/uploads\/2025\/01\/policia-1-1024x606.jpg\" alt=\"\" class=\"wp-image-39888\" srcset=\"https:\/\/radiojehona.mk\/wp-content\/uploads\/2025\/01\/policia-1-1024x606.jpg 1024w, https:\/\/radiojehona.mk\/wp-content\/uploads\/2025\/01\/policia-1-300x178.jpg 300w, https:\/\/radiojehona.mk\/wp-content\/uploads\/2025\/01\/policia-1-768x454.jpg 768w, https:\/\/radiojehona.mk\/wp-content\/uploads\/2025\/01\/policia-1.jpg 1200w\" sizes=\"(max-width: 1024px) 100vw, 1024px\" \/><\/figure>\n\n\n\n<p><strong>Departamenti p\u00ebr kontroll t\u00eb brendsh\u00ebm, hetime kriminale dhe standarde profesionale n\u00eb Ministrin\u00eb e Pun\u00ebve t\u00eb Brendshme, n\u00eb Prokurorin\u00eb Themelore Publike p\u00ebr Ndjekjen e Krimit t\u00eb Organizuar dhe Korrupsionit \u2013 Departamenti i Specializuar p\u00ebr Hetimin dhe Ndjekjen e Krimeve t\u00eb kryera nga persona me kompetenca policore dhe pjes\u00ebtar\u00eb t\u00eb policis\u00eb s\u00eb burgjeve, ka dor\u00ebzuar kall\u00ebzimi penal ndaj N.A. nga Kumanova p\u00ebr shkak t\u00eb ekzistimit t\u00eb bazave t\u00eb dyshimit se ka kryer vepr\u00ebn penale \u201ckeqp\u00ebrdorim i pozit\u00ebs dhe autoritetit zyrtar\u201d nga neni 353 paragrafi 3 i Kodit Penal, transmeton&nbsp;<a href=\"https:\/\/portalb.mk\/\">Portalb.mk.<\/a><\/strong><\/p>\n\n\n\n<p>I denoncuari, si ish-drejtues i Departamentit t\u00eb Nj\u00ebsive t\u00eb Aviacionit, duke shfryt\u00ebzuar pozicionin dhe autoritetin e tij zyrtar, ka paraqitur n\u00eb m\u00ebnyr\u00eb jo t\u00eb plot\u00eb gjendjen faktike t\u00eb posedimit t\u00eb nj\u00eb licence t\u00eb vlefshme t\u00eb p\u00ebrshtatshme p\u00ebr teknik aviacioni m autorizim t\u00eb vlefsh\u00ebm t\u00eb sh\u00ebnuar n\u00eb m\u00ebnyr\u00eb t\u00eb rregullt p\u00ebr nj\u00eb lloj t\u00eb caktuar avioni, duke u mund\u00ebsuar k\u00ebshtu tre personave punonj\u00ebs t\u00eb Ministris\u00eb s\u00eb Brendshme n\u00eb pozicionin e shefit teknik t\u00eb aviacionit t\u00eb fitojn\u00eb t\u00eb drejt\u00ebn e nj\u00eb shtes\u00eb pagash prej 20% nga dita e pun\u00ebsimit n\u00eb Ministrin\u00eb e Brendshme.<\/p>\n\n\n\n<p>I padituri, megjith\u00ebse e dinte se teknik\u00ebt e aviacionit posedonin nj\u00eb licenc\u00eb t\u00eb vlefshme p\u00ebr mir\u00ebmbajtjen e avionit t\u00eb l\u00ebshuar nga autoritetet civile, por nuk kishte kryer me sukses trajnimin p\u00ebr nj\u00eb lloj t\u00eb caktuar avioni sipas nj\u00eb programi t\u00eb p\u00ebrshtatsh\u00ebm dhe nuk kishte autorizim t\u00eb vlefsh\u00ebm p\u00ebr nj\u00eb lloj t\u00eb caktuar avioni, ka lejuar q\u00eb nga momenti i krijimit t\u00eb marr\u00ebdh\u00ebnies s\u00eb pun\u00ebs n\u00eb Ministrin\u00eb e Brendshme t\u2019i paguhet nj\u00eb shtes\u00eb pagash prej 20%, n\u00eb kund\u00ebrshtim me p\u00ebrcaktimet e Kontrat\u00ebs Kolektive t\u00eb Ministria e Brendshme.<\/p>\n\n\n\n<p>N\u00eb k\u00ebt\u00eb m\u00ebnyr\u00eb kan\u00eb p\u00ebrfituar&nbsp;<strong>pasuri t\u00eb kund\u00ebrligjsh\u00ebm prej 926.486 denar\u00eb<\/strong>&nbsp;dhe p\u00ebr po aq kan\u00eb d\u00ebmtuar buxhetin e MPB-s\u00eb. Kund\u00ebr N.A., Departamenti i Kontrollit t\u00eb Brendsh\u00ebm do t\u00eb paraqes\u00eb propozim p\u00ebr fillimin e procedimit disiplinor p\u00ebr shkelje t\u00eb rendit dhe disiplin\u00ebs s\u00eb pun\u00ebs dhe do t\u00eb vendos\u00eb mas\u00ebn e detyrueshme t\u00eb largimit nga vendi i pun\u00ebs \u2013 pezullim deri n\u00eb p\u00ebrfundimin e procedimit disiplinor.<\/p>\n","protected":false},"excerpt":{"rendered":"<p>Departamenti p&euml;r kontroll t&euml; brendsh&euml;m, hetime kriminale dhe standarde profesionale n&euml; Ministrin&euml; e Pun&euml;ve t&euml; Brendshme, n&euml; Prokurorin&euml; Themelore Publike p&euml;r Ndjekjen e Krimit t&euml; Organizuar dhe Korrupsionit &ndash; Departamenti i Specializuar p&euml;r Hetimin dhe Ndjekjen e Krimeve t&euml; kryera nga persona me kompetenca policore dhe pjes&euml;tar&euml; t&euml; policis&euml; s&euml; burgjeve, ka dor&euml;zuar kall&euml;zimi penal [&hellip;]<\/p>\n","protected":false},"author":2,"featured_media":39888,"comment_status":"open","ping_status":"closed","sticky":false,"template":"","format":"standard","meta":{"_monsterinsights_skip_tracking":false,"_monsterinsights_sitenote_active":false,"_monsterinsights_sitenote_note":"","_monsterinsights_sitenote_category":0,"footnotes":""},"categories":[1],"tags":[],"class_list":["post-39887","post","type-post","status-publish","format-standard","has-post-thumbnail","hentry","category-vendi"],"_links":{"self":[{"href":"https:\/\/radiojehona.mk\/index.php?rest_route=\/wp\/v2\/posts\/39887","targetHints":{"allow":["GET"]}}],"collection":[{"href":"https:\/\/radiojehona.mk\/index.php?rest_route=\/wp\/v2\/posts"}],"about":[{"href":"https:\/\/radiojehona.mk\/index.php?rest_route=\/wp\/v2\/types\/post"}],"author":[{"embeddable":true,"href":"https:\/\/radiojehona.mk\/index.php?rest_route=\/wp\/v2\/users\/2"}],"replies":[{"embeddable":true,"href":"https:\/\/radiojehona.mk\/index.php?rest_route=%2Fwp%2Fv2%2Fcomments&post=39887"}],"version-history":[{"count":1,"href":"https:\/\/radiojehona.mk\/index.php?rest_route=\/wp\/v2\/posts\/39887\/revisions"}],"predecessor-version":[{"id":39889,"href":"https:\/\/radiojehona.mk\/index.php?rest_route=\/wp\/v2\/posts\/39887\/revisions\/39889"}],"wp:featuredmedia":[{"embeddable":true,"href":"https:\/\/radiojehona.mk\/index.php?rest_route=\/wp\/v2\/media\/39888"}],"wp:attachment":[{"href":"https:\/\/radiojehona.mk\/index.php?rest_route=%2Fwp%2Fv2%2Fmedia&parent=39887"}],"wp:term":[{"taxonomy":"category","embeddable":true,"href":"https:\/\/radiojehona.mk\/index.php?rest_route=%2Fwp%2Fv2%2Fcategories&post=39887"},{"taxonomy":"post_tag","embeddable":true,"href":"https:\/\/radiojehona.mk\/index.php?rest_route=%2Fwp%2Fv2%2Ftags&post=39887"}],"curies":[{"name":"wp","href":"https:\/\/api.w.org\/{rel}","templated":true}]}}