{"id":39884,"date":"2025-01-08T15:58:40","date_gmt":"2025-01-08T15:58:40","guid":{"rendered":"https:\/\/radiojehona.com\/?p=39884"},"modified":"2025-01-08T15:58:41","modified_gmt":"2025-01-08T15:58:41","slug":"vmro-shqiptaret-e-dine-mire-se-nuk-mund-dhe-nuk-u-rrezikohen-te-drejtat-e-fituara","status":"publish","type":"post","link":"https:\/\/radiojehona.mk\/?p=39884","title":{"rendered":"VMRO: Shqiptar\u00ebt e din\u00eb mir\u00eb se nuk mund dhe nuk u rrezikohen t\u00eb drejtat e fituara!"},"content":{"rendered":"\n<figure class=\"wp-block-image size-full\"><img fetchpriority=\"high\" decoding=\"async\" width=\"860\" height=\"493\" src=\"https:\/\/radiojehona.com\/wp-content\/uploads\/2025\/01\/IMG_8301-860x493-1.jpg\" alt=\"\" class=\"wp-image-39885\" srcset=\"https:\/\/radiojehona.mk\/wp-content\/uploads\/2025\/01\/IMG_8301-860x493-1.jpg 860w, https:\/\/radiojehona.mk\/wp-content\/uploads\/2025\/01\/IMG_8301-860x493-1-300x172.jpg 300w, https:\/\/radiojehona.mk\/wp-content\/uploads\/2025\/01\/IMG_8301-860x493-1-768x440.jpg 768w\" sizes=\"(max-width: 860px) 100vw, 860px\" \/><\/figure>\n\n\n\n<p><a href=\"https:\/\/www.facebook.com\/sharer.php?u=https%3A%2F%2F3shi.net%2Fvmro-shqiptaret-e-dine-mire-se-nuk-mund-dhe-nuk-u-rrezikohen-te-drejtat-e-fituara%2F\"><br><\/a><a href=\"https:\/\/twitter.com\/intent\/tweet?text=VMRO%3A+Shqiptar%C3%ABt+e+din%C3%AB+mir%C3%AB+se+nuk+mund+dhe+nuk+u+rrezikohen+t%C3%AB+drejtat+e+fituara%21&amp;url=https%3A%2F%2F3shi.net%2Fvmro-shqiptaret-e-dine-mire-se-nuk-mund-dhe-nuk-u-rrezikohen-te-drejtat-e-fituara%2F&amp;via=3SHI.NET\"><\/a><a href=\"whatsapp:\/\/send?text=VMRO%3A+Shqiptar%C3%ABt+e+din%C3%AB+mir%C3%AB+se+nuk+mund+dhe+nuk+u+rrezikohen+t%C3%AB+drejtat+e+fituara%21%20%E2%98%9E%20https%3A%2F%2F3shi.net%2Fvmro-shqiptaret-e-dine-mire-se-nuk-mund-dhe-nuk-u-rrezikohen-te-drejtat-e-fituara%2F\" target=\"_blank\" rel=\"noreferrer noopener\"><\/a><a href=\"https:\/\/3shi.net\/vmro-shqiptaret-e-dine-mire-se-nuk-mund-dhe-nuk-u-rrezikohen-te-drejtat-e-fituara\/#\"><\/a><\/p>\n\n\n\n<p>Pas reagimit t\u00eb BDI-s\u00eb, u kund\u00ebrp\u00ebrgjigj VMRO-DPMNE-ja. Nga atje thon\u00eb se BDI t\u00eb vetmen breng\u00eb e ka shp\u00ebtimin nga p\u00ebrgjegj\u00ebsia penale, nd\u00ebrsa shtojn\u00eb se asnj\u00eb e drejt\u00eb nuk rrezikohet. \u201cBashk\u00ebqytetar\u00ebt tan\u00eb shqiptar\u00eb nuk bien pre e retorikave t\u00eb tilla t\u00eb BDI-s\u00eb, sepse e din\u00eb se BDI-ja, e vetmja gj\u00eb p\u00ebr t\u00eb cil\u00ebn shqet\u00ebsohen \u00ebsht\u00eb t\u00eb shp\u00ebtoj\u00eb kriminel\u00ebt n\u00eb radh\u00ebt e tyre nga p\u00ebrgjegj\u00ebsia para organeve t\u00eb drejt\u00ebsis\u00eb\u201d, thuhet n\u00eb reagimin e DPMNE-s\u00eb.<\/p>\n\n\n\n<p>Nga atje shtojn\u00eb se nuk do t\u00eb kaloj\u00eb retorika me t\u00eb cil\u00ebn BDI tenton t\u00eb nxis\u00eb tension politik dhe intoleranc\u00eb nd\u00ebretnike, sepse si\u00e7 thon\u00eb nga VMRO-DPMNE, t\u00eb gjith\u00eb e din\u00eb dhe m\u00eb s\u00eb miri bashk\u00ebqytetar\u00ebt shqiptar\u00eb se t\u00eb drejtat e fituara kolektive n\u00eb shtet nuk rrezikohen dhe nuk mund t\u00eb rrezikohen kurr\u00eb.<\/p>\n","protected":false},"excerpt":{"rendered":"<p>Pas reagimit t&euml; BDI-s&euml;, u kund&euml;rp&euml;rgjigj VMRO-DPMNE-ja. Nga atje thon&euml; se BDI t&euml; vetmen breng&euml; e ka shp&euml;timin nga p&euml;rgjegj&euml;sia penale, nd&euml;rsa shtojn&euml; se asnj&euml; e drejt&euml; nuk rrezikohet. &ldquo;Bashk&euml;qytetar&euml;t tan&euml; shqiptar&euml; nuk bien pre e retorikave t&euml; tilla t&euml; BDI-s&euml;, sepse e din&euml; se BDI-ja, e vetmja gj&euml; p&euml;r t&euml; cil&euml;n shqet&euml;sohen &euml;sht&euml; t&euml; [&hellip;]<\/p>\n","protected":false},"author":2,"featured_media":39885,"comment_status":"open","ping_status":"closed","sticky":false,"template":"","format":"standard","meta":{"_monsterinsights_skip_tracking":false,"_monsterinsights_sitenote_active":false,"_monsterinsights_sitenote_note":"","_monsterinsights_sitenote_category":0,"footnotes":""},"categories":[1],"tags":[],"class_list":["post-39884","post","type-post","status-publish","format-standard","has-post-thumbnail","hentry","category-vendi"],"_links":{"self":[{"href":"https:\/\/radiojehona.mk\/index.php?rest_route=\/wp\/v2\/posts\/39884","targetHints":{"allow":["GET"]}}],"collection":[{"href":"https:\/\/radiojehona.mk\/index.php?rest_route=\/wp\/v2\/posts"}],"about":[{"href":"https:\/\/radiojehona.mk\/index.php?rest_route=\/wp\/v2\/types\/post"}],"author":[{"embeddable":true,"href":"https:\/\/radiojehona.mk\/index.php?rest_route=\/wp\/v2\/users\/2"}],"replies":[{"embeddable":true,"href":"https:\/\/radiojehona.mk\/index.php?rest_route=%2Fwp%2Fv2%2Fcomments&post=39884"}],"version-history":[{"count":1,"href":"https:\/\/radiojehona.mk\/index.php?rest_route=\/wp\/v2\/posts\/39884\/revisions"}],"predecessor-version":[{"id":39886,"href":"https:\/\/radiojehona.mk\/index.php?rest_route=\/wp\/v2\/posts\/39884\/revisions\/39886"}],"wp:featuredmedia":[{"embeddable":true,"href":"https:\/\/radiojehona.mk\/index.php?rest_route=\/wp\/v2\/media\/39885"}],"wp:attachment":[{"href":"https:\/\/radiojehona.mk\/index.php?rest_route=%2Fwp%2Fv2%2Fmedia&parent=39884"}],"wp:term":[{"taxonomy":"category","embeddable":true,"href":"https:\/\/radiojehona.mk\/index.php?rest_route=%2Fwp%2Fv2%2Fcategories&post=39884"},{"taxonomy":"post_tag","embeddable":true,"href":"https:\/\/radiojehona.mk\/index.php?rest_route=%2Fwp%2Fv2%2Ftags&post=39884"}],"curies":[{"name":"wp","href":"https:\/\/api.w.org\/{rel}","templated":true}]}}