{"id":39881,"date":"2025-01-08T15:58:00","date_gmt":"2025-01-08T15:58:00","guid":{"rendered":"https:\/\/radiojehona.com\/?p=39881"},"modified":"2025-01-08T15:58:00","modified_gmt":"2025-01-08T15:58:00","slug":"bdi-mickoski-dje-zbuloi-planin-per-te-degraduar-gjuhen-shqipe-nuk-kalon","status":"publish","type":"post","link":"https:\/\/radiojehona.mk\/?p=39881","title":{"rendered":"BDI: Mickoski, dje zbuloi planin p\u00ebr t\u00eb degraduar gjuh\u00ebn shqipe \u2013 Nuk kalon"},"content":{"rendered":"\n<figure class=\"wp-block-image size-full\"><img fetchpriority=\"high\" decoding=\"async\" width=\"600\" height=\"360\" src=\"https:\/\/radiojehona.com\/wp-content\/uploads\/2025\/01\/IMG_8298.jpeg\" alt=\"\" class=\"wp-image-39882\" srcset=\"https:\/\/radiojehona.mk\/wp-content\/uploads\/2025\/01\/IMG_8298.jpeg 600w, https:\/\/radiojehona.mk\/wp-content\/uploads\/2025\/01\/IMG_8298-300x180.jpeg 300w\" sizes=\"(max-width: 600px) 100vw, 600px\" \/><\/figure>\n\n\n\n<p><a href=\"https:\/\/www.facebook.com\/sharer.php?u=https%3A%2F%2F3shi.net%2Fbdi-mickoski-dje-zbuloi-planin-per-te-degraduar-gjuhen-shqipe-nuk-kalon%2F\"><br><\/a><a href=\"https:\/\/twitter.com\/intent\/tweet?text=BDI%3A+Mickoski%2C+dje+zbuloi+planin+p%C3%ABr+t%C3%AB+degraduar+gjuh%C3%ABn+shqipe+%E2%80%93+Nuk+kalon&amp;url=https%3A%2F%2F3shi.net%2Fbdi-mickoski-dje-zbuloi-planin-per-te-degraduar-gjuhen-shqipe-nuk-kalon%2F&amp;via=3SHI.NET\"><\/a><a href=\"whatsapp:\/\/send?text=BDI%3A+Mickoski%2C+dje+zbuloi+planin+p%C3%ABr+t%C3%AB+degraduar+gjuh%C3%ABn+shqipe+%E2%80%93+Nuk+kalon%20%E2%98%9E%20https%3A%2F%2F3shi.net%2Fbdi-mickoski-dje-zbuloi-planin-per-te-degraduar-gjuhen-shqipe-nuk-kalon%2F\" target=\"_blank\" rel=\"noreferrer noopener\"><\/a><a href=\"https:\/\/3shi.net\/bdi-mickoski-dje-zbuloi-planin-per-te-degraduar-gjuhen-shqipe-nuk-kalon\/#\"><\/a><\/p>\n\n\n\n<p>Bashkimi Demokratik p\u00ebr Integrim, e ka akuzuar kryeministrin e Maqedonis\u00eb s\u00eb Veriut Hristijan Mickoskin, se po tenton t\u00eb degradoj\u00eb statusin e gjuh\u00ebs shqipe n\u00eb vend.<\/p>\n\n\n\n<p>N\u00eb reagimin e BDI-s\u00eb, thuhet se kjo deklarat\u00eb po degradon statusin zyrtar t\u00eb gjuh\u00ebs shqipe dhe kthen n\u00eb vitin 2008 ku gjuha shqipe p\u00ebrdorej vet\u00ebm n\u00eb formular\u00eb t\u00eb ve\u00e7ant\u00eb.<\/p>\n\n\n\n<p>\u201cTashm\u00eb \u00ebsht\u00eb e qart\u00eb se qeveria nuk e njeh k\u00ebt\u00eb realitet dhe po p\u00ebrgatit terrenin p\u00ebr ta anuluar k\u00ebt\u00eb ligj p\u00ebrmes Gjykat\u00ebs Kushtetuese. P\u00ebr BDI-n\u00eb, ky \u00ebsht\u00eb nj\u00eb veprim i papranuesh\u00ebm dhe nuk do t\u00eb lejojm\u00eb q\u00eb gjuha shqipe t\u00eb kthehet n\u00eb nj\u00eb status dyt\u00ebsor e t\u00eb kusht\u00ebzohet nga burokracia apo vullneti politik i dikujt. Ne do t\u00eb p\u00ebrdorim t\u00eb gjitha mjetet politike, ligjore dhe demokratike p\u00ebr t\u00eb kund\u00ebrshtuar k\u00ebt\u00eb prapakthim dhe p\u00ebr t\u00eb mbrojtur t\u00eb drejtat tona t\u00eb fituara me sakrific\u00eb\u201d, thuhet n\u00eb reagimin e k\u00ebsaj partie.<\/p>\n","protected":false},"excerpt":{"rendered":"<p>Bashkimi Demokratik p&euml;r Integrim, e ka akuzuar kryeministrin e Maqedonis&euml; s&euml; Veriut Hristijan Mickoskin, se po tenton t&euml; degradoj&euml; statusin e gjuh&euml;s shqipe n&euml; vend. N&euml; reagimin e BDI-s&euml;, thuhet se kjo deklarat&euml; po degradon statusin zyrtar t&euml; gjuh&euml;s shqipe dhe kthen n&euml; vitin 2008 ku gjuha shqipe p&euml;rdorej vet&euml;m n&euml; formular&euml; t&euml; ve&ccedil;ant&euml;. &ldquo;Tashm&euml; [&hellip;]<\/p>\n","protected":false},"author":2,"featured_media":39882,"comment_status":"open","ping_status":"closed","sticky":false,"template":"","format":"standard","meta":{"_monsterinsights_skip_tracking":false,"_monsterinsights_sitenote_active":false,"_monsterinsights_sitenote_note":"","_monsterinsights_sitenote_category":0,"footnotes":""},"categories":[1],"tags":[],"class_list":["post-39881","post","type-post","status-publish","format-standard","has-post-thumbnail","hentry","category-vendi"],"_links":{"self":[{"href":"https:\/\/radiojehona.mk\/index.php?rest_route=\/wp\/v2\/posts\/39881","targetHints":{"allow":["GET"]}}],"collection":[{"href":"https:\/\/radiojehona.mk\/index.php?rest_route=\/wp\/v2\/posts"}],"about":[{"href":"https:\/\/radiojehona.mk\/index.php?rest_route=\/wp\/v2\/types\/post"}],"author":[{"embeddable":true,"href":"https:\/\/radiojehona.mk\/index.php?rest_route=\/wp\/v2\/users\/2"}],"replies":[{"embeddable":true,"href":"https:\/\/radiojehona.mk\/index.php?rest_route=%2Fwp%2Fv2%2Fcomments&post=39881"}],"version-history":[{"count":1,"href":"https:\/\/radiojehona.mk\/index.php?rest_route=\/wp\/v2\/posts\/39881\/revisions"}],"predecessor-version":[{"id":39883,"href":"https:\/\/radiojehona.mk\/index.php?rest_route=\/wp\/v2\/posts\/39881\/revisions\/39883"}],"wp:featuredmedia":[{"embeddable":true,"href":"https:\/\/radiojehona.mk\/index.php?rest_route=\/wp\/v2\/media\/39882"}],"wp:attachment":[{"href":"https:\/\/radiojehona.mk\/index.php?rest_route=%2Fwp%2Fv2%2Fmedia&parent=39881"}],"wp:term":[{"taxonomy":"category","embeddable":true,"href":"https:\/\/radiojehona.mk\/index.php?rest_route=%2Fwp%2Fv2%2Fcategories&post=39881"},{"taxonomy":"post_tag","embeddable":true,"href":"https:\/\/radiojehona.mk\/index.php?rest_route=%2Fwp%2Fv2%2Ftags&post=39881"}],"curies":[{"name":"wp","href":"https:\/\/api.w.org\/{rel}","templated":true}]}}