{"id":39877,"date":"2025-01-08T15:56:55","date_gmt":"2025-01-08T15:56:55","guid":{"rendered":"https:\/\/radiojehona.com\/?p=39877"},"modified":"2025-01-08T15:56:56","modified_gmt":"2025-01-08T15:56:56","slug":"video-mijallkov-ne-monte-karlo-me-ferrari","status":"publish","type":"post","link":"https:\/\/radiojehona.mk\/?p=39877","title":{"rendered":"(VIDEO) Mijallkov n\u00eb Monte Karlo me Ferrari"},"content":{"rendered":"\n<figure class=\"wp-block-image size-full\"><img fetchpriority=\"high\" decoding=\"async\" width=\"499\" height=\"385\" src=\"https:\/\/radiojehona.com\/wp-content\/uploads\/2025\/01\/Mijallkov.png\" alt=\"\" class=\"wp-image-39878\" srcset=\"https:\/\/radiojehona.mk\/wp-content\/uploads\/2025\/01\/Mijallkov.png 499w, https:\/\/radiojehona.mk\/wp-content\/uploads\/2025\/01\/Mijallkov-300x231.png 300w\" sizes=\"(max-width: 499px) 100vw, 499px\" \/><\/figure>\n\n\n\n<p>Ish-drejtori i sh\u00ebrbimeve sekrete dhe i d\u00ebnuari, Sasho Mijallkov, \u00ebsht\u00eb par\u00eb n\u00eb Monaco duke dal\u00eb nga nj\u00eb automjet luksoz \u201eFerrari\u201c dhe duke hyr\u00eb n\u00eb nj\u00eb hotel t\u00eb shtrenjt\u00eb.<\/p>\n\n\n\n<p>Sipas t\u00eb dh\u00ebnave t\u00eb autorit q\u00eb ka publikuar materialin, videoja \u00ebsht\u00eb realizuar n\u00eb Monte Carlo dhe \u00ebsht\u00eb publikuar t\u00eb mart\u00ebnn paradite.<\/p>\n\n\n\n<p>Sipas t\u00eb dh\u00ebnave t\u00eb disponueshme n\u00eb internet, automobili \u201eFerrari\u201c me t\u00eb cilin \u00ebsht\u00eb filmuar Mijalkov mund t\u00eb kushtoj\u00eb nga 629.990 deri n\u00eb 709.900 dollar\u00eb. N\u00eb video mund t\u00eb shihet se ai arrin, l\u00eb automjetin p\u00ebr parkim dhe hyn n\u00eb hotel me nj\u00eb fem\u00ebr.<\/p>\n\n\n\n<p>P\u00ebr Mijalkovin \u00ebsht\u00eb p\u00ebrmendur edhe m\u00eb her\u00ebt se posedon prona n\u00eb Monaco. Thuhet se ai ka nj\u00eb apartament n\u00eb Monte Carlo ku ka jetuar djali i tij gjat\u00eb periudh\u00ebs s\u00eb studimeve atje.<\/p>\n\n\n\n<p>Mijalkov \u00ebsht\u00eb ndjekur penalisht, por shum\u00eb \u00e7\u00ebshtje jan\u00eb amnistuar, nd\u00ebrkoh\u00eb q\u00eb qytetar\u00ebt kan\u00eb pritur drejt\u00ebsi. Ai u d\u00ebnua me 24 vjet burg dhe k\u00ebto jan\u00eb d\u00ebnimet: tre vjet p\u00ebr rastin \u201ePerandoria, 12 vjet p\u00ebr p\u00ebrgjimin, pra p\u00ebr rastin \u201eTarget-Fortesa\u201c, tet\u00eb vjet p\u00ebr \u201eTrezorin\u201c, 1,3 vjet burg p\u00ebr rastin \u201c parcelat n\u00eb Vodno\u201d. Nga t\u00eb gjitha k\u00ebto d\u00ebnime, ka vuajtur vet\u00ebm d\u00ebnimin p\u00ebr rastin \u201ePerandoria\u201c, dhe at\u00eb n\u00eb burgun e Strug\u00ebs, ku mund t\u00eb q\u00ebndronte jasht\u00eb p\u00ebr disa or\u00eb gjat\u00eb dit\u00ebs dhe t\u00eb punonte, nd\u00ebrkoh\u00eb q\u00eb nat\u00ebn t\u00eb kthehej n\u00eb qeli.&nbsp;<strong>\/SHENJA\/<\/strong><\/p>\n\n\n\n<figure class=\"wp-block-embed is-type-video is-provider-youtube wp-block-embed-youtube wp-embed-aspect-16-9 wp-has-aspect-ratio\"><div class=\"wp-block-embed__wrapper\">\n<iframe title=\"Mijallkov n\u00eb Monte Karlo me Ferrari\" width=\"640\" height=\"360\" src=\"https:\/\/www.youtube.com\/embed\/P5_sssIITBg?feature=oembed\" frameborder=\"0\" allow=\"accelerometer; autoplay; clipboard-write; encrypted-media; gyroscope; picture-in-picture; web-share\" referrerpolicy=\"strict-origin-when-cross-origin\" allowfullscreen><\/iframe>\n<\/div><\/figure>\n","protected":false},"excerpt":{"rendered":"<p>Ish-drejtori i sh&euml;rbimeve sekrete dhe i d&euml;nuari, Sasho Mijallkov, &euml;sht&euml; par&euml; n&euml; Monaco duke dal&euml; nga nj&euml; automjet luksoz &bdquo;Ferrari&ldquo; dhe duke hyr&euml; n&euml; nj&euml; hotel t&euml; shtrenjt&euml;. Sipas t&euml; dh&euml;nave t&euml; autorit q&euml; ka publikuar materialin, videoja &euml;sht&euml; realizuar n&euml; Monte Carlo dhe &euml;sht&euml; publikuar t&euml; mart&euml;nn paradite. Sipas t&euml; dh&euml;nave t&euml; disponueshme n&euml; [&hellip;]<\/p>\n","protected":false},"author":2,"featured_media":39878,"comment_status":"open","ping_status":"closed","sticky":false,"template":"","format":"standard","meta":{"_monsterinsights_skip_tracking":false,"_monsterinsights_sitenote_active":false,"_monsterinsights_sitenote_note":"","_monsterinsights_sitenote_category":0,"footnotes":""},"categories":[1],"tags":[],"class_list":["post-39877","post","type-post","status-publish","format-standard","has-post-thumbnail","hentry","category-vendi"],"_links":{"self":[{"href":"https:\/\/radiojehona.mk\/index.php?rest_route=\/wp\/v2\/posts\/39877","targetHints":{"allow":["GET"]}}],"collection":[{"href":"https:\/\/radiojehona.mk\/index.php?rest_route=\/wp\/v2\/posts"}],"about":[{"href":"https:\/\/radiojehona.mk\/index.php?rest_route=\/wp\/v2\/types\/post"}],"author":[{"embeddable":true,"href":"https:\/\/radiojehona.mk\/index.php?rest_route=\/wp\/v2\/users\/2"}],"replies":[{"embeddable":true,"href":"https:\/\/radiojehona.mk\/index.php?rest_route=%2Fwp%2Fv2%2Fcomments&post=39877"}],"version-history":[{"count":2,"href":"https:\/\/radiojehona.mk\/index.php?rest_route=\/wp\/v2\/posts\/39877\/revisions"}],"predecessor-version":[{"id":39880,"href":"https:\/\/radiojehona.mk\/index.php?rest_route=\/wp\/v2\/posts\/39877\/revisions\/39880"}],"wp:featuredmedia":[{"embeddable":true,"href":"https:\/\/radiojehona.mk\/index.php?rest_route=\/wp\/v2\/media\/39878"}],"wp:attachment":[{"href":"https:\/\/radiojehona.mk\/index.php?rest_route=%2Fwp%2Fv2%2Fmedia&parent=39877"}],"wp:term":[{"taxonomy":"category","embeddable":true,"href":"https:\/\/radiojehona.mk\/index.php?rest_route=%2Fwp%2Fv2%2Fcategories&post=39877"},{"taxonomy":"post_tag","embeddable":true,"href":"https:\/\/radiojehona.mk\/index.php?rest_route=%2Fwp%2Fv2%2Ftags&post=39877"}],"curies":[{"name":"wp","href":"https:\/\/api.w.org\/{rel}","templated":true}]}}