{"id":39871,"date":"2025-01-08T15:54:58","date_gmt":"2025-01-08T15:54:58","guid":{"rendered":"https:\/\/radiojehona.com\/?p=39871"},"modified":"2025-01-08T15:54:59","modified_gmt":"2025-01-08T15:54:59","slug":"ut-ja-perjashton-grubin","status":"publish","type":"post","link":"https:\/\/radiojehona.mk\/?p=39871","title":{"rendered":"UT-ja p\u00ebrjashton Grubin"},"content":{"rendered":"\n<figure class=\"wp-block-image size-full\"><img fetchpriority=\"high\" decoding=\"async\" width=\"792\" height=\"528\" src=\"https:\/\/radiojehona.com\/wp-content\/uploads\/2025\/01\/artan-grubi-universiteti-i-tetoves-792x528-1.jpg\" alt=\"\" class=\"wp-image-39872\" srcset=\"https:\/\/radiojehona.mk\/wp-content\/uploads\/2025\/01\/artan-grubi-universiteti-i-tetoves-792x528-1.jpg 792w, https:\/\/radiojehona.mk\/wp-content\/uploads\/2025\/01\/artan-grubi-universiteti-i-tetoves-792x528-1-300x200.jpg 300w, https:\/\/radiojehona.mk\/wp-content\/uploads\/2025\/01\/artan-grubi-universiteti-i-tetoves-792x528-1-768x512.jpg 768w\" sizes=\"(max-width: 792px) 100vw, 792px\" \/><\/figure>\n\n\n\n<p>Universiteti Shtet\u00ebror i Tetov\u00ebs ka p\u00ebrjashtuar nga puna Artan Grubin, i cili ishte i pun\u00ebsuar si asistent n\u00eb Fakultetin juridik n\u00eb deg\u00ebn e Gazetaris\u00eb. Vendimi p\u00ebr shkarkimin e grubit ka nisur n\u00eb dat\u00eb 24 dhjetor. Dekani i fakultetit Juridik Safet Emruli, p\u00ebr Alsat \u00ebsht\u00eb shprehur se Grubi \u00ebsht\u00eb larguar p\u00ebr shkak t\u00eb mos paraqitjes n\u00eb pun\u00eb dhe mos komunikimit drejtuesit e Universitetit t\u00eb Tetov\u00ebs.<\/p>\n\n\n\n<p>\u201cM\u00eb dat\u00eb 24 dhjetor, pasi i pun\u00ebsuari n\u00eb Universitetin e Tetov\u00ebs, n\u00eb fakultetin Juridik dega e Gazetaris\u00eb, nuk \u00ebsht\u00eb paraqitur n\u00eb pun\u00eb p\u00ebr m\u00eb shum\u00eb dit\u00eb, mos kryerjen e detyrave t\u00eb tij ndaj vendit t\u00eb pun\u00ebs q\u00eb ka dhe mos komunikimit t\u00eb organeve udh\u00ebheq\u00ebse t\u00eb Universitetit t\u00eb Tetov\u00ebs p\u00ebr arsyen e munges\u00ebs dhe mos kryerjes s\u00eb pun\u00ebve, \u00ebsht\u00eb shkarkuar nga puna. Vendimi \u00ebsht\u00eb n\u00ebnshkruar nga rektori i Universitetit t\u00eb Tetov\u00ebs Jusuf Zejneli, dhe i \u00ebsht\u00eb d\u00ebrguar t\u00eb pun\u00ebsuarit p\u00ebrmes emailit zyrtar\u201d, njofton Dekani i fakultetit Juridik, Safet Emruli,<br>Fakulteti Juridik<\/p>\n\n\n\n<p>Artan Grubi i cili prej m\u00eb shum\u00eb se tre jav\u00ebsh vazhdon t\u00eb jet\u00eb i pakapsh\u00ebm p\u00ebr organet e rendit n\u00eb Universitetin e Tetov\u00ebs si asistent ishte i angazhuar q\u00eb nga viti 2012. Grubi k\u00ebrkohet me fletarrest nd\u00ebrkomb\u00ebtar, nj\u00ebjt\u00eb sikurse edhe P\u00ebrparim Bajrami, ish drejtor i Lotaris\u00eb Shtet\u00ebrore. Q\u00eb t\u00eb dy dyshohen se kan\u00eb d\u00ebmtuar buxhetin e shtetit n\u00eb vler\u00eb prej mbi 8.2 milion euro. Ata ngarkohen p\u00ebr vepr\u00ebn penale \u201cmashtrim n\u00eb sh\u00ebrbim\u201d sipas nenit 354 t\u00eb kodit penal, e cila parashikon d\u00ebnim me t\u00eb pakt\u00ebn kat\u00ebr vjet burg. Paraprakisht Grubi p\u00ebrfundoi n\u00eb List\u00ebn e Zez\u00eb Amerikane p\u00ebr korrupsion dhe nd\u00ebrhyrje n\u00eb proceset gjyq\u00ebsore p\u00ebr t\u00eb shp\u00ebtuar Sasho Mijallkovin.<a href=\"https:\/\/alsat.mk\/grubi-perjashtohet-nga-ut-ja\/\">\/Alsat<\/a><\/p>\n","protected":false},"excerpt":{"rendered":"<p>Universiteti Shtet&euml;ror i Tetov&euml;s ka p&euml;rjashtuar nga puna Artan Grubin, i cili ishte i pun&euml;suar si asistent n&euml; Fakultetin juridik n&euml; deg&euml;n e Gazetaris&euml;. Vendimi p&euml;r shkarkimin e grubit ka nisur n&euml; dat&euml; 24 dhjetor. Dekani i fakultetit Juridik Safet Emruli, p&euml;r Alsat &euml;sht&euml; shprehur se Grubi &euml;sht&euml; larguar p&euml;r shkak t&euml; mos paraqitjes n&euml; [&hellip;]<\/p>\n","protected":false},"author":2,"featured_media":39872,"comment_status":"open","ping_status":"closed","sticky":false,"template":"","format":"standard","meta":{"_monsterinsights_skip_tracking":false,"_monsterinsights_sitenote_active":false,"_monsterinsights_sitenote_note":"","_monsterinsights_sitenote_category":0,"footnotes":""},"categories":[1],"tags":[],"class_list":["post-39871","post","type-post","status-publish","format-standard","has-post-thumbnail","hentry","category-vendi"],"_links":{"self":[{"href":"https:\/\/radiojehona.mk\/index.php?rest_route=\/wp\/v2\/posts\/39871","targetHints":{"allow":["GET"]}}],"collection":[{"href":"https:\/\/radiojehona.mk\/index.php?rest_route=\/wp\/v2\/posts"}],"about":[{"href":"https:\/\/radiojehona.mk\/index.php?rest_route=\/wp\/v2\/types\/post"}],"author":[{"embeddable":true,"href":"https:\/\/radiojehona.mk\/index.php?rest_route=\/wp\/v2\/users\/2"}],"replies":[{"embeddable":true,"href":"https:\/\/radiojehona.mk\/index.php?rest_route=%2Fwp%2Fv2%2Fcomments&post=39871"}],"version-history":[{"count":1,"href":"https:\/\/radiojehona.mk\/index.php?rest_route=\/wp\/v2\/posts\/39871\/revisions"}],"predecessor-version":[{"id":39873,"href":"https:\/\/radiojehona.mk\/index.php?rest_route=\/wp\/v2\/posts\/39871\/revisions\/39873"}],"wp:featuredmedia":[{"embeddable":true,"href":"https:\/\/radiojehona.mk\/index.php?rest_route=\/wp\/v2\/media\/39872"}],"wp:attachment":[{"href":"https:\/\/radiojehona.mk\/index.php?rest_route=%2Fwp%2Fv2%2Fmedia&parent=39871"}],"wp:term":[{"taxonomy":"category","embeddable":true,"href":"https:\/\/radiojehona.mk\/index.php?rest_route=%2Fwp%2Fv2%2Fcategories&post=39871"},{"taxonomy":"post_tag","embeddable":true,"href":"https:\/\/radiojehona.mk\/index.php?rest_route=%2Fwp%2Fv2%2Ftags&post=39871"}],"curies":[{"name":"wp","href":"https:\/\/api.w.org\/{rel}","templated":true}]}}