{"id":39868,"date":"2025-01-07T20:23:12","date_gmt":"2025-01-07T20:23:12","guid":{"rendered":"https:\/\/radiojehona.com\/?p=39868"},"modified":"2025-01-07T20:23:12","modified_gmt":"2025-01-07T20:23:12","slug":"ka-nderruar-jete-babai-i-deshmorit-te-kombit-shenasi-ibrahimi-nga-sllupcani","status":"publish","type":"post","link":"https:\/\/radiojehona.mk\/?p=39868","title":{"rendered":"Ka nd\u00ebrruar jet\u00eb babai i d\u00ebshmorit t\u00eb kombit, Shenasi Ibrahimi nga Sllup\u00e7ani"},"content":{"rendered":"\n<figure class=\"wp-block-image size-large\"><img fetchpriority=\"high\" decoding=\"async\" width=\"846\" height=\"1024\" src=\"https:\/\/radiojehona.com\/wp-content\/uploads\/2025\/01\/IMG_0331-846x1024.jpeg\" alt=\"\" class=\"wp-image-39869\" srcset=\"https:\/\/radiojehona.mk\/wp-content\/uploads\/2025\/01\/IMG_0331-846x1024.jpeg 846w, https:\/\/radiojehona.mk\/wp-content\/uploads\/2025\/01\/IMG_0331-248x300.jpeg 248w, https:\/\/radiojehona.mk\/wp-content\/uploads\/2025\/01\/IMG_0331-768x930.jpeg 768w, https:\/\/radiojehona.mk\/wp-content\/uploads\/2025\/01\/IMG_0331.jpeg 1050w\" sizes=\"(max-width: 846px) 100vw, 846px\" \/><\/figure>\n\n\n\n<p>Sot ka nd\u00ebrruar jet\u00eb Haxhi Naim Ibrahimi, babai i d\u00ebshmorit Shenasi Ibrahimi nga fshati Sllup\u00e7ani.<\/p>\n\n\n\n<p>Postimi:<\/p>\n\n\n\n<p>T\u00eb nderuar Bashk Fshatar.<\/p>\n\n\n\n<p>Inna lil-lahi \u00eba inna ilajhi raxhi\u2019un (\u0625\u0650\u0646\u064e\u0651\u0627 \u0644\u0650\u0644\u0651\u0647\u0650 \u0648\u064e\u0625\u0650\u0646\u064e\u0651\u0640\u0627 \u0625\u0650\u0644\u064e\u064a\u0652\u0647\u0650 \u0631\u064e\u0627\u062c\u0650\u0639\u064f\u0648\u0646\u064e\u200e),<\/p>\n\n\n\n<p>T\u00eb Allahut jemi dhe tek Ai do t\u00eb kthehemi.<\/p>\n\n\n\n<p>Ka ndrrue jet Haxhi Naim Ibrahimi djali i Haxhi Lil\u00ebs, (babai i Abdulit dhe D\u00ebshmorit t\u00eb kombit Shenasi Ibrahimit).<\/p>\n\n\n\n<p>Lusim All-llahun e madh\u00ebruar ta m\u00ebshiron.<\/p>\n\n\n\n<p>Varrimi i t\u00eb ndjerit do t\u00eb b\u00ebhet nes\u00ebr m\u00eb (08.01.2025) dit\u00eb e M\u00ebrkur n\u00eb Varrezat e Fshatit Sllup\u00e7an pas Namazit t\u00eb Drek\u00ebs.<\/p>\n\n\n\n<p>All-llahu e shp\u00ebrbleht me Xhennetin Firdeus, kurse Familjarve All-llahu ua shtoht gajretin.<\/p>\n","protected":false},"excerpt":{"rendered":"<p>Sot ka nd&euml;rruar jet&euml; Haxhi Naim Ibrahimi, babai i d&euml;shmorit Shenasi Ibrahimi nga fshati Sllup&ccedil;ani. Postimi: T&euml; nderuar Bashk Fshatar. Inna lil-lahi &euml;a inna ilajhi raxhi&rsquo;un (&#1573;&#1616;&#1606;&#1614;&#1617;&#1575; &#1604;&#1616;&#1604;&#1617;&#1607;&#1616; &#1608;&#1614;&#1573;&#1616;&#1606;&#1614;&#1617;&#1600;&#1575; &#1573;&#1616;&#1604;&#1614;&#1610;&#1618;&#1607;&#1616; &#1585;&#1614;&#1575;&#1580;&#1616;&#1593;&#1615;&#1608;&#1606;&#1614;&lrm;), T&euml; Allahut jemi dhe tek Ai do t&euml; kthehemi. Ka ndrrue jet Haxhi Naim Ibrahimi djali i Haxhi Lil&euml;s, (babai i Abdulit dhe D&euml;shmorit [&hellip;]<\/p>\n","protected":false},"author":2,"featured_media":39869,"comment_status":"open","ping_status":"closed","sticky":false,"template":"","format":"standard","meta":{"_monsterinsights_skip_tracking":false,"_monsterinsights_sitenote_active":false,"_monsterinsights_sitenote_note":"","_monsterinsights_sitenote_category":0,"footnotes":""},"categories":[1],"tags":[],"class_list":["post-39868","post","type-post","status-publish","format-standard","has-post-thumbnail","hentry","category-vendi"],"_links":{"self":[{"href":"https:\/\/radiojehona.mk\/index.php?rest_route=\/wp\/v2\/posts\/39868","targetHints":{"allow":["GET"]}}],"collection":[{"href":"https:\/\/radiojehona.mk\/index.php?rest_route=\/wp\/v2\/posts"}],"about":[{"href":"https:\/\/radiojehona.mk\/index.php?rest_route=\/wp\/v2\/types\/post"}],"author":[{"embeddable":true,"href":"https:\/\/radiojehona.mk\/index.php?rest_route=\/wp\/v2\/users\/2"}],"replies":[{"embeddable":true,"href":"https:\/\/radiojehona.mk\/index.php?rest_route=%2Fwp%2Fv2%2Fcomments&post=39868"}],"version-history":[{"count":1,"href":"https:\/\/radiojehona.mk\/index.php?rest_route=\/wp\/v2\/posts\/39868\/revisions"}],"predecessor-version":[{"id":39870,"href":"https:\/\/radiojehona.mk\/index.php?rest_route=\/wp\/v2\/posts\/39868\/revisions\/39870"}],"wp:featuredmedia":[{"embeddable":true,"href":"https:\/\/radiojehona.mk\/index.php?rest_route=\/wp\/v2\/media\/39869"}],"wp:attachment":[{"href":"https:\/\/radiojehona.mk\/index.php?rest_route=%2Fwp%2Fv2%2Fmedia&parent=39868"}],"wp:term":[{"taxonomy":"category","embeddable":true,"href":"https:\/\/radiojehona.mk\/index.php?rest_route=%2Fwp%2Fv2%2Fcategories&post=39868"},{"taxonomy":"post_tag","embeddable":true,"href":"https:\/\/radiojehona.mk\/index.php?rest_route=%2Fwp%2Fv2%2Ftags&post=39868"}],"curies":[{"name":"wp","href":"https:\/\/api.w.org\/{rel}","templated":true}]}}