{"id":39861,"date":"2025-01-07T12:11:01","date_gmt":"2025-01-07T12:11:01","guid":{"rendered":"https:\/\/radiojehona.com\/?p=39861"},"modified":"2025-01-07T12:11:01","modified_gmt":"2025-01-07T12:11:01","slug":"nje-termet-i-fuqishem-vrau-te-pakten-95-persona-ne-kinen-perendimore-prane-malit-everest","status":"publish","type":"post","link":"https:\/\/radiojehona.mk\/?p=39861","title":{"rendered":"Nj\u00eb t\u00ebrmet i fuqish\u00ebm vrau t\u00eb pakt\u00ebn 95 persona n\u00eb Kin\u00ebn per\u00ebndimore pran\u00eb malit Everest"},"content":{"rendered":"\n<figure class=\"wp-block-image size-full\"><img fetchpriority=\"high\" decoding=\"async\" width=\"850\" height=\"600\" src=\"https:\/\/radiojehona.com\/wp-content\/uploads\/2025\/01\/850x600_-640-0-896f8c679ceb1227e91dac0eb8210c171736236289.jpg\" alt=\"\" class=\"wp-image-39862\" srcset=\"https:\/\/radiojehona.mk\/wp-content\/uploads\/2025\/01\/850x600_-640-0-896f8c679ceb1227e91dac0eb8210c171736236289.jpg 850w, https:\/\/radiojehona.mk\/wp-content\/uploads\/2025\/01\/850x600_-640-0-896f8c679ceb1227e91dac0eb8210c171736236289-300x212.jpg 300w, https:\/\/radiojehona.mk\/wp-content\/uploads\/2025\/01\/850x600_-640-0-896f8c679ceb1227e91dac0eb8210c171736236289-768x542.jpg 768w\" sizes=\"(max-width: 850px) 100vw, 850px\" \/><\/figure>\n\n\n\n<p>Nj\u00eb t\u00ebrmet i fort\u00eb la pas vetes t\u00eb pakt\u00ebn 95 t\u00eb vdekur n\u00eb Tibet t\u00eb mart\u00ebn dhe la shum\u00eb t\u00eb tjer\u00eb t\u00eb bllokuar, nd\u00ebrsa dhjet\u00ebra dridhje q\u00eb pasuan trondit\u00ebn rajonin n\u00eb lart\u00ebsi t\u00eb madhe mbidetare t\u00eb Kin\u00ebs per\u00ebndimore dhe n\u00eb Nepal.<\/p>\n\n\n\n<p>Transmetuesi shtet\u00ebror CCTV publikoi deklarimet e zyrtar\u00ebve rajonal q\u00eb than\u00eb n\u00eb nj\u00eb konferenc\u00eb t\u00eb shkurt\u00ebr shtypi se 130 veta jan\u00eb plagosur.<\/p>\n\n\n\n<p>Video pamjet e transmetuara nga CCTV shfaq\u00ebn pun\u00ebtor\u00ebt e shp\u00ebtimit me veshje portokalli duke u ngjitur n\u00eb grumbuj rr\u00ebnojash. Media shtet\u00ebrore tha se mbi 1 mij\u00eb sht\u00ebpi jan\u00eb shkat\u00ebrruar.<\/p>\n\n\n\n<p>Sh\u00ebrbimi Gjeologjik amerikan tha se t\u00ebrmeti kishte nj\u00eb fuqi prej 7.1 dhe ishte relativisht i cek\u00ebt n\u00eb nj\u00eb thell\u00ebsi prej rreth 10 kilometrash. Kina tha se t\u00ebrmeti kishte fuqi prej 6.8 shkall\u00ebsh.<\/p>\n\n\n\n<p>Epiqendra ishte rreth 75 kilometra n\u00eb verilindje t\u00eb malit Everest, i cili shtrihet n\u00eb kufirin nd\u00ebrmjet Kin\u00ebs dhe Nepalit. Zona \u00ebsht\u00eb sizmikisht aktive dhe \u00ebsht\u00eb vendi ku pllakat e Indis\u00eb dhe Euroazis\u00eb p\u00ebrplasen dhe shkaktojn\u00eb ngritje n\u00eb malet Himalaje mjaftuesh\u00ebm p\u00ebr t\u00eb ndryshuar lart\u00ebsit\u00eb e disa prej majave m\u00eb t\u00eb larta n\u00eb bot\u00eb.<\/p>\n\n\n\n<p>Rreth 50 dridhje pasuese u regjistruan n\u00eb tre or\u00ebt pas t\u00ebrmetit dhe zona piktoreske e malit Everest n\u00eb pjes\u00ebn kineze u mbyll pas t\u00ebrmetit.<\/p>\n\n\n\n<p>Udh\u00ebheq\u00ebsi kinez Xi Jinping b\u00ebri thirrje p\u00ebr p\u00ebrpjekje t\u00eb gjithanshme p\u00ebr t\u00eb shp\u00ebtuar njer\u00ebzit dhe p\u00ebr t\u00eb strehuar ata q\u00eb mbet\u00ebn pa sht\u00ebpi.<\/p>\n\n\n\n<p>CCTV tha se nj\u00eb pjes\u00eb e vog\u00ebl e komuniteteve jetojn\u00eb brenda 5 kilometrave nga epiqendra, q\u00eb \u00ebsht\u00eb 380 kilometra larg nga Lhasa, kryeqyteti i Tibetit dhe rreth 23 kilometra nga qyteti i dyt\u00eb m\u00eb i madh i rajonit, Shigatse, i njohur si Xigaz n\u00eb kinezisht.<\/p>\n\n\n\n<p>Lart\u00ebsia mesatare n\u00eb zon\u00ebn rreth epiqendr\u00ebs \u00ebsht\u00eb rreth 4,200 metra, tha Qendra e T\u00ebrmeteve n\u00eb Kin\u00eb n\u00eb nj\u00eb postim n\u00eb mediat sociale.<\/p>\n\n\n\n<p>N\u00eb Nepal, autoritetet u k\u00ebrkuan zyrtar\u00ebve n\u00eb zon\u00ebn malore pran\u00eb epiqendr\u00ebs q\u00eb t\u00eb k\u00ebrkojn\u00eb p\u00ebr viktima apo d\u00ebme.<\/p>\n","protected":false},"excerpt":{"rendered":"<p>Nj&euml; t&euml;rmet i fort&euml; la pas vetes t&euml; pakt&euml;n 95 t&euml; vdekur n&euml; Tibet t&euml; mart&euml;n dhe la shum&euml; t&euml; tjer&euml; t&euml; bllokuar, nd&euml;rsa dhjet&euml;ra dridhje q&euml; pasuan trondit&euml;n rajonin n&euml; lart&euml;si t&euml; madhe mbidetare t&euml; Kin&euml;s per&euml;ndimore dhe n&euml; Nepal. Transmetuesi shtet&euml;ror CCTV publikoi deklarimet e zyrtar&euml;ve rajonal q&euml; than&euml; n&euml; nj&euml; konferenc&euml; t&euml; [&hellip;]<\/p>\n","protected":false},"author":2,"featured_media":39862,"comment_status":"open","ping_status":"closed","sticky":false,"template":"","format":"standard","meta":{"_monsterinsights_skip_tracking":false,"_monsterinsights_sitenote_active":false,"_monsterinsights_sitenote_note":"","_monsterinsights_sitenote_category":0,"footnotes":""},"categories":[569],"tags":[],"class_list":["post-39861","post","type-post","status-publish","format-standard","has-post-thumbnail","hentry","category-bota"],"_links":{"self":[{"href":"https:\/\/radiojehona.mk\/index.php?rest_route=\/wp\/v2\/posts\/39861","targetHints":{"allow":["GET"]}}],"collection":[{"href":"https:\/\/radiojehona.mk\/index.php?rest_route=\/wp\/v2\/posts"}],"about":[{"href":"https:\/\/radiojehona.mk\/index.php?rest_route=\/wp\/v2\/types\/post"}],"author":[{"embeddable":true,"href":"https:\/\/radiojehona.mk\/index.php?rest_route=\/wp\/v2\/users\/2"}],"replies":[{"embeddable":true,"href":"https:\/\/radiojehona.mk\/index.php?rest_route=%2Fwp%2Fv2%2Fcomments&post=39861"}],"version-history":[{"count":1,"href":"https:\/\/radiojehona.mk\/index.php?rest_route=\/wp\/v2\/posts\/39861\/revisions"}],"predecessor-version":[{"id":39863,"href":"https:\/\/radiojehona.mk\/index.php?rest_route=\/wp\/v2\/posts\/39861\/revisions\/39863"}],"wp:featuredmedia":[{"embeddable":true,"href":"https:\/\/radiojehona.mk\/index.php?rest_route=\/wp\/v2\/media\/39862"}],"wp:attachment":[{"href":"https:\/\/radiojehona.mk\/index.php?rest_route=%2Fwp%2Fv2%2Fmedia&parent=39861"}],"wp:term":[{"taxonomy":"category","embeddable":true,"href":"https:\/\/radiojehona.mk\/index.php?rest_route=%2Fwp%2Fv2%2Fcategories&post=39861"},{"taxonomy":"post_tag","embeddable":true,"href":"https:\/\/radiojehona.mk\/index.php?rest_route=%2Fwp%2Fv2%2Ftags&post=39861"}],"curies":[{"name":"wp","href":"https:\/\/api.w.org\/{rel}","templated":true}]}}