{"id":39857,"date":"2025-01-07T12:09:22","date_gmt":"2025-01-07T12:09:22","guid":{"rendered":"https:\/\/radiojehona.com\/?p=39857"},"modified":"2025-01-07T12:09:22","modified_gmt":"2025-01-07T12:09:22","slug":"anije-nendetese-drone-avione-helikoptere-dhe-20-000-personel-turqia-zhvillon-stervitjen-atdheu-blu-2025-ne-egje-dhe-mesdhe","status":"publish","type":"post","link":"https:\/\/radiojehona.mk\/?p=39857","title":{"rendered":"Anije, n\u00ebndet\u00ebse, drone, avion\u00eb, helikopter\u00eb dhe 20.000 personel, Turqia zhvillon st\u00ebrvitjen \u201cAtdheu Blu 2025\u201d n\u00eb Egje dhe Mesdhe"},"content":{"rendered":"\n<figure class=\"wp-block-image size-full\"><img fetchpriority=\"high\" decoding=\"async\" width=\"640\" height=\"332\" src=\"https:\/\/radiojehona.com\/wp-content\/uploads\/2025\/01\/640-0-ce6ee6955c498f134d534699743acc5b.jpg\" alt=\"\" class=\"wp-image-39858\" srcset=\"https:\/\/radiojehona.mk\/wp-content\/uploads\/2025\/01\/640-0-ce6ee6955c498f134d534699743acc5b.jpg 640w, https:\/\/radiojehona.mk\/wp-content\/uploads\/2025\/01\/640-0-ce6ee6955c498f134d534699743acc5b-300x156.jpg 300w\" sizes=\"(max-width: 640px) 100vw, 640px\" \/><\/figure>\n\n\n\n<p>Turqia po vazhdon me nj\u00eb st\u00ebrvitje aeronautike t\u00eb quajtur \u201cAtdheu Blu 2025\u201d n\u00eb zonat e Egjeut, Mesdheut dhe Detit t\u00eb Zi. St\u00ebrvitja fillon sot, e mart\u00eb 7 janar dhe p\u00ebrfundon m\u00eb 16 janar.<\/p>\n\n\n\n<p>Sipas Ministris\u00eb s\u00eb Mbrojtjes s\u00eb Turqis\u00eb, gjithsej 87 anije sip\u00ebrfaq\u00ebsore, shtat\u00eb n\u00ebndet\u00ebse, shtat\u00eb automjete detare pa pilot, 31 avion\u00eb, 17 helikopter\u00eb, 28 avion\u00eb pa pilot dhe 20,000 personel, duke p\u00ebrfshir\u00eb burra nga Forcat N\u00ebndet\u00ebse, do t\u00eb marrin pjes\u00eb n\u00eb sulm dhe Mbrojtja e N\u00ebndet\u00ebseve.<\/p>\n\n\n\n<p>P\u00ebr nevojat e st\u00ebrvitjes, u krijua nj\u00eb qend\u00ebr operacionale n\u00eb Qendr\u00ebn e Luft\u00ebs Detare Gyoljuko, n\u00eb t\u00eb cil\u00ebn do t\u00eb marrin detyra 115 personel detar.<\/p>\n\n\n\n<p>Aktivitetet e t\u00eb ftuarve t\u00eb dalluar t\u00eb st\u00ebrvitjes n\u00eb fjal\u00eb do t\u00eb zhvillohen m\u00eb 9 janar n\u00eb baz\u00ebn detare t\u00eb Aksazit, p\u00ebrball\u00eb Rodosit.<\/p>\n","protected":false},"excerpt":{"rendered":"<p>Turqia po vazhdon me nj&euml; st&euml;rvitje aeronautike t&euml; quajtur &ldquo;Atdheu Blu 2025&rdquo; n&euml; zonat e Egjeut, Mesdheut dhe Detit t&euml; Zi. St&euml;rvitja fillon sot, e mart&euml; 7 janar dhe p&euml;rfundon m&euml; 16 janar. Sipas Ministris&euml; s&euml; Mbrojtjes s&euml; Turqis&euml;, gjithsej 87 anije sip&euml;rfaq&euml;sore, shtat&euml; n&euml;ndet&euml;se, shtat&euml; automjete detare pa pilot, 31 avion&euml;, 17 helikopter&euml;, 28 [&hellip;]<\/p>\n","protected":false},"author":2,"featured_media":39858,"comment_status":"open","ping_status":"closed","sticky":false,"template":"","format":"standard","meta":{"_monsterinsights_skip_tracking":false,"_monsterinsights_sitenote_active":false,"_monsterinsights_sitenote_note":"","_monsterinsights_sitenote_category":0,"footnotes":""},"categories":[576],"tags":[],"class_list":["post-39857","post","type-post","status-publish","format-standard","has-post-thumbnail","hentry","category-rajoni"],"_links":{"self":[{"href":"https:\/\/radiojehona.mk\/index.php?rest_route=\/wp\/v2\/posts\/39857","targetHints":{"allow":["GET"]}}],"collection":[{"href":"https:\/\/radiojehona.mk\/index.php?rest_route=\/wp\/v2\/posts"}],"about":[{"href":"https:\/\/radiojehona.mk\/index.php?rest_route=\/wp\/v2\/types\/post"}],"author":[{"embeddable":true,"href":"https:\/\/radiojehona.mk\/index.php?rest_route=\/wp\/v2\/users\/2"}],"replies":[{"embeddable":true,"href":"https:\/\/radiojehona.mk\/index.php?rest_route=%2Fwp%2Fv2%2Fcomments&post=39857"}],"version-history":[{"count":2,"href":"https:\/\/radiojehona.mk\/index.php?rest_route=\/wp\/v2\/posts\/39857\/revisions"}],"predecessor-version":[{"id":39860,"href":"https:\/\/radiojehona.mk\/index.php?rest_route=\/wp\/v2\/posts\/39857\/revisions\/39860"}],"wp:featuredmedia":[{"embeddable":true,"href":"https:\/\/radiojehona.mk\/index.php?rest_route=\/wp\/v2\/media\/39858"}],"wp:attachment":[{"href":"https:\/\/radiojehona.mk\/index.php?rest_route=%2Fwp%2Fv2%2Fmedia&parent=39857"}],"wp:term":[{"taxonomy":"category","embeddable":true,"href":"https:\/\/radiojehona.mk\/index.php?rest_route=%2Fwp%2Fv2%2Fcategories&post=39857"},{"taxonomy":"post_tag","embeddable":true,"href":"https:\/\/radiojehona.mk\/index.php?rest_route=%2Fwp%2Fv2%2Ftags&post=39857"}],"curies":[{"name":"wp","href":"https:\/\/api.w.org\/{rel}","templated":true}]}}